{"id":56389,"date":"2024-01-14T15:29:49","date_gmt":"2024-01-14T15:29:49","guid":{"rendered":"https:\/\/blog.corretoraideal.com.br\/?p=56389"},"modified":"2024-01-14T15:29:49","modified_gmt":"2024-01-14T15:29:49","slug":"simbolo-da-extravagancia-de-edemar-cid-ferreira-mansao-de-r-140-milhoes-do-ex-banqueiro-tem-sinais-de-abandono-em-sp-sao-paulo-g1","status":"publish","type":"post","link":"https:\/\/blog.corretoraideal.com.br\/index.php\/2024\/01\/14\/simbolo-da-extravagancia-de-edemar-cid-ferreira-mansao-de-r-140-milhoes-do-ex-banqueiro-tem-sinais-de-abandono-em-sp-sao-paulo-g1\/","title":{"rendered":"S\u00edmbolo da extravag\u00e2ncia de Edemar Cid Ferreira, mans\u00e3o de R$ 140 milh\u00f5es do ex-banqueiro tem sinais de abandono em SP | S\u00e3o Paulo | G1"},"content":{"rendered":"<br \/>\n<h1>S\u00edmbolo da extravag\u00e2ncia de Edemar Cid Ferreira, mans\u00e3o de R$ 140 milh\u00f5es do ex-banqueiro tem sinais de abandono em SP <\/h1>\n<h2>Ex-dono do Banco Santos ficou famoso por colecionar obras de arte e pela mans\u00e3o de 8 mil m\u00b2 no Morumbi, Zona Sul da capital. Ele morreu neste s\u00e1bado (13), aos 80 anos, v\u00edtima de problemas no cora\u00e7\u00e3o. Pr\u00e9dio foi arrematado em leil\u00e3o pelo empres\u00e1rio Jangui\u00ea Diniz por R$ 27,5 milh\u00f5es, em 2020.<\/h2>\n<p> Por Rodrigo Rodrigues, g1 SP &mdash; S\u00e3o Paulo  <\/p>\n<p>  14\/01\/2024 10h47    Atualizado  14\/01\/2024    <\/p>\n<p>                   1 de 9&#013;Mans\u00e3o que pertenceu ao ex-banqueiro Edemar Cid Ferreira na rua Galia, bairro do Morumbi, Zona Sul de SP. \u2014 Foto: Rodrigo Rodrigues\/g1    <\/p>\n<p> Mans\u00e3o que pertenceu ao ex-banqueiro Edemar Cid Ferreira na rua Galia, bairro do Morumbi, Zona Sul de SP. \u2014 Foto: Rodrigo Rodrigues\/g1 <\/p>\n<p> S\u00edmbolo da riqueza e da ostenta\u00e7\u00e3o de um <a class href=\"https:\/\/g1.globo.com\/jornal-nacional\/noticia\/2020\/09\/18\/parte-do-acervo-milionario-de-arte-do-banqueiro-edemar-cid-ferreira-vai-a-leilao.ghtml\">mecenas das artes de S\u00e3o Paulo<\/a>, a mans\u00e3o que pertenceu ao ex-banqueiro <a class href=\"https:\/\/g1.globo.com\/tudo-sobre\/edemar-cid-ferreira\/\">Edemar Cid Ferreira<\/a> no bairro do Morumbi, Zona Sul da capital paulista, j\u00e1 n\u00e3o \u00e9 mais a mesma. O empres\u00e1rio <a class href=\"https:\/\/g1.globo.com\/economia\/noticia\/2024\/01\/13\/morre-edemar-cid-ferreira-fundador-do-falido-banco-santos-aos-80-anos.ghtml\">faleceu neste s\u00e1bado (13), aos 80 anos, v\u00edtima de problemas no cora\u00e7\u00e3o.<\/a> <\/p>\n<p> Adquirida por R$ 140 milh\u00f5es, o pr\u00e9dio de 8.000 m\u00b2 exibe for fora sinais de abandono e decad\u00eancia. <\/p>\n<ul>\n<li><a class href=\"https:\/\/www.whatsapp.com\/channel\/0029Va35aSbIiRopSCj8Ys1v\" target=\"_blank\" rel=\"noopener noreferrer\">Se inscreva no canal do g1 SP no WhatsApp aqui<\/a><\/li>\n<\/ul>\n<p> Com muros pichados, mofo nas paredes, vidros e mosaicos quebrados, o pr\u00e9dio na rua Galia nem de longe lembra o para\u00edso particular constru\u00eddo por Edemar antes da derrocada do Banco Santos, nos anos 2.000. <\/p>\n<p>         2 de 9&#013;Mans\u00e3o do ex-banqueiro Edemar Cid Ferreira no Morumbi, em S\u00e3o Paulo \u2014 Foto: Jonne Roriz\/Ag\u00eancia Facto\/Ag\u00eancia Estado    <\/p>\n<p> Mans\u00e3o do ex-banqueiro Edemar Cid Ferreira no Morumbi, em S\u00e3o Paulo \u2014 Foto: Jonne Roriz\/Ag\u00eancia Facto\/Ag\u00eancia Estado <\/p>\n<p> A mans\u00e3o foi projetada pelo arquiteto Ruy Ohtake, que recebeu R$ 1,15 milh\u00e3o pelo servi\u00e7o. A decora\u00e7\u00e3o ficou por conta do norte-americano Peter Marino, que tamb\u00e9m R$ 8,86 milh\u00f5es pelo servi\u00e7o. <\/p>\n<p> O im\u00f3vel chegou a passar por cinco leil\u00f5es para ser vendido. Nos dois primeiros, n\u00e3o houve interessados. <\/p>\n<p> Em maio de 2019, no terceiro leil\u00e3o, o im\u00f3vel chegou a ser arrematado por R$ 23,3 milh\u00f5es. Mas o comprador, que n\u00e3o teve o nome revelado, n\u00e3o depositou o valor dentro do prazo estipulado pelo leiloeiro. <\/p>\n<p>         3 de 9&#013;Mans\u00e3o que pertenceu ao ex-banqueiro Edemar Cid Ferreira na rua Galia, bairro do Morumbi, Zona Sul de SP. \u2014 Foto: Rodrigo Rodrigues\/g1    <\/p>\n<p> Mans\u00e3o que pertenceu ao ex-banqueiro Edemar Cid Ferreira na rua Galia, bairro do Morumbi, Zona Sul de SP. \u2014 Foto: Rodrigo Rodrigues\/g1 <\/p>\n<p> Em 2020, foi finalmente <a class href=\"https:\/\/g1.globo.com\/sp\/sao-paulo\/noticia\/2020\/02\/18\/mansao-do-ex-banqueiro-edemar-cid-ferreira-e-arrematada-por-r-275-milhoes.ghtml\">arrematada pelo empres\u00e1rio paraibano Jangui\u00ea Diniz por R$ 27,5 milh\u00f5es<\/a> e, desde ent\u00e3o, est\u00e1 parada. Diniz \u00e9 dono de empresas de educa\u00e7\u00e3o e faculdades particulares como &quot;Grupo Ser Educacional&quot;, &quot;Universidade de Guarulhos&quot; e &quot;UniV\u00e9ritas&quot;. <\/p>\n<p> Vizinhos e seguran\u00e7as da regi\u00e3o disseram neste domingo (14) ao <a class href=\"https:\/\/g1.globo.com\/sp\/sao-paulo\/\"><strong>g1<\/strong><\/a> que h\u00e1 tempos n\u00e3o veem movimenta\u00e7\u00e3o ou qualquer obra de restauro e manuten\u00e7\u00e3o no pr\u00e9dio. <\/p>\n<p> O m\u00e1rmore claro que revestia a casa por dentro e por fora, com o tempo foi ficando marcado pela fuligem, o mofo e a deteriora\u00e7\u00e3o natural do tempo. <\/p>\n<p> <strong>LEIA MAIS:<\/strong> <\/p>\n<ul>\n<li><a class href=\"https:\/\/g1.globo.com\/economia\/noticia\/2024\/01\/13\/morre-edemar-cid-ferreira-fundador-do-falido-banco-santos-aos-80-anos.ghtml\">Morre Edemar Cid Ferreira, fundador do falido Banco Santos, aos 80 anos<\/a><\/li>\n<li><a class href=\"https:\/\/g1.globo.com\/pb\/paraiba\/noticia\/2020\/02\/19\/empresario-paraibano-arremata-mansao-de-ex-banqueiro-em-sao-paulo-por-r-275-milhoes.ghtml\">Empres\u00e1rio paraibano arremata mans\u00e3o de ex-banqueiro em S\u00e3o Paulo por R$ 27,5 milh\u00f5es<\/a><\/li>\n<li><a class href=\"https:\/\/g1.globo.com\/jornal-nacional\/noticia\/2020\/09\/18\/parte-do-acervo-milionario-de-arte-do-banqueiro-edemar-cid-ferreira-vai-a-leilao.ghtml\">Parte do acervo milion\u00e1rio de arte do banqueiro Edemar Cid Ferreira vai a leil\u00e3o<\/a><\/li>\n<\/ul>\n<p>         4 de 9&#013;Muros pichados da mans\u00e3o que pertenceu ao ex-banqueiro Edemar Cid Ferreira no Morumbi, Zona Sul de SP. \u2014 Foto: Rodrigo Rodrigues\/g1    <\/p>\n<p> Muros pichados da mans\u00e3o que pertenceu ao ex-banqueiro Edemar Cid Ferreira no Morumbi, Zona Sul de SP. \u2014 Foto: Rodrigo Rodrigues\/g1 <\/p>\n<p> A reportagem chegou a bater nas duas portarias do pr\u00e9dio para conversar com os seguran\u00e7as que cuidam na preserva\u00e7\u00e3o do edif\u00edcio, mas n\u00e3o foi atendida. <\/p>\n<p> Os sinais da presen\u00e7a m\u00ednimas de pessoas se v\u00ea pelos sacos de lixo amarrados na porta e por um caminh\u00e3o azul estacionado bem na entrada da antiga garagem de carros. <\/p>\n<p>\u201cEst\u00e1 abandonada. Diziam que o pr\u00e9dio ia dar lugar a uma escola, mas parece que a vizinhan\u00e7a rica n\u00e3o gostou da ideia e, desde ent\u00e3o, n\u00e3o se sabe o que v\u00e3o fazer com a casa\u201d, disse ao <strong>g1<\/strong> um seguran\u00e7a da rua, sob condi\u00e7\u00e3o de anonimato. <\/p>\n<p>         5 de 9&#013;Teto danificado da mans\u00e3o que pertenceu ao ex-banqueiro Edemar Cid Ferreira no Morumbi, Zona Sul de SP. \u2014 Foto: Rodrigo Rodrigues\/g1    <\/p>\n<p> Teto danificado da mans\u00e3o que pertenceu ao ex-banqueiro Edemar Cid Ferreira no Morumbi, Zona Sul de SP. \u2014 Foto: Rodrigo Rodrigues\/g1 <\/p>\n<p> \u201cDiziam que o pr\u00e9dio seria demolido para a constru\u00e7\u00e3o de um condom\u00ednio. Mas li na imprensa que o novo dono n\u00e3o confirmou a venda pra nenhuma construtora. E pelas leis de zoneamento da regi\u00e3o, dificilmente ele vai conseguir erguer torres de apartamento aqui, uma vez que voc\u00ea pode notar que a vizinhan\u00e7a \u00e9 formada apenas de casas\u201d, afirmou a \u00fanica vizinha que caminhava com um c\u00e3ozinho pela rua calma de mans\u00f5es neste domingo (14). <\/p>\n<p> Os vizinhos dizem se preocupar com a situa\u00e7\u00e3o da minifloresta dentro da casa, que tem mais de 200 \u00e1rvores e teve o desenho paisag\u00edstico do famoso artista pl\u00e1stico carioca Roberto Burle Marx. <\/p>\n<p>                   <img loading=\"lazy\" decoding=\"async\" class=\"aligncenter size-full wp-image-56391\" src=\"https:\/\/blog.corretoraideal.com.br\/wp-content\/uploads\/2024\/01\/mansao-do-ex-banqueiro-edemar-cid-ferreira-no-morumbi-e-leiloada.jpeg\" alt=\"Mans\u00e3o do ex banqueiro Edemar Cid Ferreira no Morumbi \u00e9 leiloada\" width=\"800\" height=\"400\" \/>       <\/p>\n<p> Mans\u00e3o do ex-banqueiro Edemar Cid Ferreira no Morumbi \u00e9 leiloada <\/p>\n<p>\u201cN\u00e3o temos not\u00edcias de como est\u00e1 sendo cuidado l\u00e1 dentro desse patrim\u00f4nio. A gente tem medo que o abandono possa trazer reflexos para a vizinhan\u00e7a, como pragas e insetos transmissores de doen\u00e7a\u201d, disse a advogada. <\/p>\n<p> O <a class href=\"https:\/\/g1.globo.com\/sp\/sao-paulo\/\"><strong>g1<\/strong> <\/a>tentou contatou com as empresas de Jangui\u00ea Diniz, mas n\u00e3o obteve retorno at\u00e9 a \u00faltima atualiza\u00e7\u00e3o desta reportagem. <\/p>\n<p>         6 de 9&#013;Janelas danificadas e quebradas da mans\u00e3o que pertenceu ao ex-banqueiro Edemar Cid Ferreira no Morumbi, Zona Sul de SP. \u2014 Foto: Rodrigo Rodrigues\/g1    <\/p>\n<p> Janelas danificadas e quebradas da mans\u00e3o que pertenceu ao ex-banqueiro Edemar Cid Ferreira no Morumbi, Zona Sul de SP. \u2014 Foto: Rodrigo Rodrigues\/g1 <\/p>\n<p><h2>Quem foi <a class href=\"https:\/\/g1.globo.com\/tudo-sobre\/edemar-cid-ferreira\/\">Edemar Cid Ferreira<\/a><\/h2>\n<\/p>\n<p> <a class href=\"https:\/\/g1.globo.com\/tudo-sobre\/edemar-cid-ferreira\/\">Edemar Cid Ferreira<\/a>, fundador e antigo controlador do falido Banco Santos, morreu neste s\u00e1bado (13), aos 80 anos, em S\u00e3o Paulo. O ex-banqueiro ficou famoso como <a class href=\"https:\/\/g1.globo.com\/jornal-nacional\/noticia\/2020\/09\/18\/parte-do-acervo-milionario-de-arte-do-banqueiro-edemar-cid-ferreira-vai-a-leilao.ghtml\">colecionador de obras de arte<\/a> e pela <a class href=\"https:\/\/g1.globo.com\/sp\/sao-paulo\/noticia\/2020\/02\/18\/mansao-do-ex-banqueiro-edemar-cid-ferreira-e-arrematada-por-r-275-milhoes.ghtml\">mans\u00e3o extravagante que construiu no Morumbi<\/a>, na zona sul da capital paulista. <\/p>\n<p> Cid Ferreira morreu do cora\u00e7\u00e3o, dormindo. Ele deixou esposa e tr\u00eas filhos. <\/p>\n<p>         7 de 9&#013;Brasil, S\u00e3o Paulo, SP. 25\/02\/2011. Edemar Cid Ferreira, dono do banco de Santos, durante entrevista exclusiva ao jornal O Estado de S. Paulo, no Morumbi, em S\u00e3o Paulo \u2014 Foto: Evelson de Freitas\/Estad\u00e3o Conte\u00fado\/Arquivo    <\/p>\n<p> Brasil, S\u00e3o Paulo, SP. 25\/02\/2011. Edemar Cid Ferreira, dono do banco de Santos, durante entrevista exclusiva ao jornal O Estado de S. Paulo, no Morumbi, em S\u00e3o Paulo \u2014 Foto: Evelson de Freitas\/Estad\u00e3o Conte\u00fado\/Arquivo <\/p>\n<p> O empres\u00e1rio se tornou um nome constante nos notici\u00e1rios do Brasil nos anos 2000, quando o Banco Santos sofreu interven\u00e7\u00e3o do Banco Central, ap\u00f3s um rombo de <strong>R$ 2,1 bilh\u00f5es<\/strong> (valores da \u00e9poca) no caixa da companhia. <\/p>\n<p> Em 12 de novembro daquele ano, o BC interveio na institui\u00e7\u00e3o depois de constatar que n\u00e3o cumpria normas b\u00e1sicas, como o recolhimento compuls\u00f3rio \u2014 parcela dos dep\u00f3sitos dos clientes que as institui\u00e7\u00f5es financeiras s\u00e3o obrigadas a recolher no BC. \u00c0 \u00e9poca, o Santos era o 21\u00ba maior banco do pa\u00eds. <\/p>\n<p> Em 4 de maio do ano seguinte, o BC anunciou a liquida\u00e7\u00e3o do banco. Desde ent\u00e3o, Cid Ferreira tentava reverter a decis\u00e3o da Justi\u00e7a argumentando que o neg\u00f3cio faliu em raz\u00e3o de pessoas que n\u00e3o honraram o pagamento de empr\u00e9stimos feitos no banco. <\/p>\n<p>                   <img loading=\"lazy\" decoding=\"async\" class=\"aligncenter size-full wp-image-56392\" src=\"https:\/\/blog.corretoraideal.com.br\/wp-content\/uploads\/2024\/01\/mansao-de-edemar-cid-ferreira-vai-a-leilao-novamente-por-r-10-milhoes.jpeg\" alt=\"Mans\u00e3o de Edemar Cid Ferreira vai a leil\u00e3o novamente por R$ 10 milh\u00f5es\" width=\"800\" height=\"400\" \/>       <\/p>\n<p> Mans\u00e3o de Edemar Cid Ferreira vai a leil\u00e3o novamente por R$ 10 milh\u00f5es <\/p>\n<p> Cid Ferreira e outros 18 ex-dirigentes do Banco Santos foram denunciados pelo Minist\u00e9rio P\u00fablico Federal por lavagem de dinheiro, forma\u00e7\u00e3o de quadrilha e gest\u00e3o fraudulenta. Em maio de 2006, o ex-banqueiro foi preso por 89 dias. <\/p>\n<p> No per\u00edodo, ele se dedicou \u00e0 vida espiritual e chegou a frequentar cursos ministrados no pres\u00eddio por igrejas evang\u00e9licas, pela Igreja Cat\u00f3lica e outros sobre espiritismo. Mas Edemar n\u00e3o se filiou a nenhum credo. <\/p>\n<p>         8 de 9&#013;Mans\u00e3o em que morou Edemar Cid Ferreira tem p\u00e9 direito de 9 metros de altura e janel\u00f5es blindados \u2014 Foto: MBRAS\/Divulga\u00e7\u00e3o    <\/p>\n<p> Mans\u00e3o em que morou Edemar Cid Ferreira tem p\u00e9 direito de 9 metros de altura e janel\u00f5es blindados \u2014 Foto: MBRAS\/Divulga\u00e7\u00e3o <\/p>\n<p> O im\u00f3vel, que ocupa um terreno de 8.000 metros quadrados e um complexo de cinco andares em uma \u00e1rea de 4.100 metros quadrados, possu\u00ed duas galerias de arte, com p\u00e9-direito de nove metros, uma biblioteca e um heliponto. <\/p>\n<p> Banheiros de vidro com tecnologia que muda de cor quando est\u00e3o ocupados, m\u00e1rmores importados da Fran\u00e7a e elevadores pneum\u00e1ticos tamb\u00e9m compunham a mans\u00e3o. <\/p>\n<p> No mesmo ano, cerca de 2.000 pe\u00e7as que pertenciam ao empres\u00e1rio e foram apreendidas pela Justi\u00e7a no ano da fal\u00eancia do Banco Santos, foram leiloadas para angariar fundos destinados a pagar aos credores da institui\u00e7\u00e3o financeira. <\/p>\n<p> Na \u00e9poca, o ex-banqueiro pediu \u00e0 Justi\u00e7a o cancelamento do certame da cole\u00e7\u00e3o de obras de arte que estavam sob a guarda do <a class href=\"https:\/\/g1.globo.com\/tudo-sobre\/museu-de-arte-contemporanea\/\">Museu de Arte Contempor\u00e2nea (MAC)<\/a> da Universidade de S\u00e3o Paulo (<a class href=\"https:\/\/g1.globo.com\/educacao\/universidade\/usp\/\">USP<\/a>). <\/p>\n<p>                   <img loading=\"lazy\" decoding=\"async\" class=\"aligncenter size-full wp-image-56393\" src=\"https:\/\/blog.corretoraideal.com.br\/wp-content\/uploads\/2024\/01\/parte-do-acervo-milionario-de-arte-do-banqueiro-edemar-cid-ferreira-vai-a-leilao.jpeg\" alt=\"Parte do acervo milion\u00e1rio de arte do banqueiro Edemar Cid Ferreira vai a leil\u00e3o\" width=\"800\" height=\"400\" \/>       <\/p>\n<p> Parte do acervo milion\u00e1rio de arte do banqueiro Edemar Cid Ferreira vai a leil\u00e3o <\/p>\n<p> Em of\u00edcio enviado \u00e0 2\u00aa Vara de Fal\u00eancias e Recupera\u00e7\u00f5es Judiciais da cidade de S\u00e3o Paulo, ele argumentou que o leil\u00e3o iria esquartejar a cole\u00e7\u00e3o, desvalorizando o conjunto e fazendo com que as obras percam valor de mercado. <\/p>\n<p> O ex-banqueiro tamb\u00e9m possu\u00eda um apartamento de 3.000 metros quadrados na Praia Grande, que foi vendido por <strong>R$ 78 milh\u00f5es<\/strong> ap\u00f3s quatro leil\u00f5es. <\/p>\n<p><h2>Acolhido por amigos<\/h2>\n<\/p>\n<p> Desde ent\u00e3o, passou a morar &quot;de favor&quot; e a viver com ajuda de amigos. Da mans\u00e3o no Morumbi, transferiu-se para a casa vizinha, que pertencia a Zizinho Papa, ex-banqueiro dono do Banco Lavras. Naquela \u00e9poca, dizia que, todas as noites, sentava-se em uma cadeira no deck da piscina da casa onde passou a viver ficava horas olhando para sua mans\u00e3o. <\/p>\n<p> Ficava indignado com a falta de manuten\u00e7\u00e3o na sua antiga resid\u00eancia. Reclamava da fuligem que, com o tempo, foi manchando e escurecendo o m\u00e1rmore branco que revestia as paredes da casa. <\/p>\n<p> Edemar passou o restante de sua vida tentando provar que o banco tinha mais cr\u00e9dito a recuperar do que d\u00edvidas a serem pagas, o que jamais se comprovou. Desse embate resultou uma rela\u00e7\u00e3o de tens\u00e3o permanente entre Edemar e o administrador judicial, V\u00e2nio Aguiar. <\/p>\n<p>         9 de 9&#013;Mans\u00e3o de 8 mil metros quadrados que pertenceu ao ex-banqueiro Edemar Cid Ferreira no Morumbi, Zona Sul de S\u00e3o Paulo \u2014 Foto: Reprodu\u00e7\u00e3o\/Tv Globo    <\/p>\n<p> Mans\u00e3o de 8 mil metros quadrados que pertenceu ao ex-banqueiro Edemar Cid Ferreira no Morumbi, Zona Sul de S\u00e3o Paulo \u2014 Foto: Reprodu\u00e7\u00e3o\/Tv Globo <\/p>\n<ul>\n<li> <a href=\"https:\/\/g1.globo.com\/tudo-sobre\/banco-central-do-brasil\/\" class=\"entities__list-itemLink\" data-track-click=\"Banco Central do Brasil\"> Banco Central do Brasil <\/a> <\/li>\n<li> <a href=\"https:\/\/g1.globo.com\/tudo-sobre\/edemar-cid-ferreira\/\" class=\"entities__list-itemLink\" data-track-click=\"Edemar Cid Ferreira\"> Edemar Cid Ferreira <\/a> <\/li>\n<li> <a href=\"https:\/\/g1.globo.com\/tudo-sobre\/museu-de-arte-contemporanea\/\" class=\"entities__list-itemLink\" data-track-click=\"Museu de Arte Contempor\u00e2nea (MAC)\"> Museu de Arte Contempor\u00e2nea (MAC) <\/a> <\/li>\n<li> <a href=\"https:\/\/g1.globo.com\/educacao\/universidade\/usp\/\" class=\"entities__list-itemLink\" data-track-click=\"USP\"> USP <\/a> <\/li>\n<\/ul>\n<h3> <a id=\"js-next-article-desktop-link\" class=\"next-article-desktop-link\"><\/a> <\/h3>\n<h3> <a id=\"js-next-article-smart-link\" class=\"next-article-smart-link\"><\/a> <\/h3>\n<p>Veja tamb\u00e9m<\/p>\n<\/p>\n<\/p>\n<p>       Anterior   Pr\u00f3ximo     <\/p>\n","protected":false},"excerpt":{"rendered":"<p>S\u00edmbolo da extravag\u00e2ncia de Edemar Cid Ferreira, mans\u00e3o de R$ 140 milh\u00f5es do ex-banqueiro tem sinais de abandono em SP Ex-dono do Banco Santos ficou famoso por colecionar obras de arte e pela mans\u00e3o de 8 mil m\u00b2 no Morumbi, Zona Sul da capital. Ele morreu neste s\u00e1bado (13), aos 80 anos, v\u00edtima de problemas [&hellip;]<\/p>\n","protected":false},"author":1,"featured_media":0,"comment_status":"closed","ping_status":"closed","sticky":false,"template":"","format":"standard","meta":{"footnotes":""},"categories":[],"tags":[],"class_list":["post-56389","post","type-post","status-publish","format-standard","hentry"],"_links":{"self":[{"href":"https:\/\/blog.corretoraideal.com.br\/index.php\/wp-json\/wp\/v2\/posts\/56389","targetHints":{"allow":["GET"]}}],"collection":[{"href":"https:\/\/blog.corretoraideal.com.br\/index.php\/wp-json\/wp\/v2\/posts"}],"about":[{"href":"https:\/\/blog.corretoraideal.com.br\/index.php\/wp-json\/wp\/v2\/types\/post"}],"author":[{"embeddable":true,"href":"https:\/\/blog.corretoraideal.com.br\/index.php\/wp-json\/wp\/v2\/users\/1"}],"replies":[{"embeddable":true,"href":"https:\/\/blog.corretoraideal.com.br\/index.php\/wp-json\/wp\/v2\/comments?post=56389"}],"version-history":[{"count":1,"href":"https:\/\/blog.corretoraideal.com.br\/index.php\/wp-json\/wp\/v2\/posts\/56389\/revisions"}],"predecessor-version":[{"id":56394,"href":"https:\/\/blog.corretoraideal.com.br\/index.php\/wp-json\/wp\/v2\/posts\/56389\/revisions\/56394"}],"wp:attachment":[{"href":"https:\/\/blog.corretoraideal.com.br\/index.php\/wp-json\/wp\/v2\/media?parent=56389"}],"wp:term":[{"taxonomy":"category","embeddable":true,"href":"https:\/\/blog.corretoraideal.com.br\/index.php\/wp-json\/wp\/v2\/categories?post=56389"},{"taxonomy":"post_tag","embeddable":true,"href":"https:\/\/blog.corretoraideal.com.br\/index.php\/wp-json\/wp\/v2\/tags?post=56389"}],"curies":[{"name":"wp","href":"https:\/\/api.w.org\/{rel}","templated":true}]}}