{"id":56395,"date":"2024-01-14T20:29:50","date_gmt":"2024-01-14T20:29:50","guid":{"rendered":"https:\/\/blog.corretoraideal.com.br\/?p=56395"},"modified":"2024-01-14T20:29:50","modified_gmt":"2024-01-14T20:29:50","slug":"retrospectiva-2023-reveja-reportagens-do-nosso-campo-neste-domingo-14-de-janeiro-nosso-campo-g1","status":"publish","type":"post","link":"https:\/\/blog.corretoraideal.com.br\/index.php\/2024\/01\/14\/retrospectiva-2023-reveja-reportagens-do-nosso-campo-neste-domingo-14-de-janeiro-nosso-campo-g1\/","title":{"rendered":"Retrospectiva 2023: reveja reportagens do Nosso Campo neste domingo, 14 de janeiro | Nosso Campo | G1"},"content":{"rendered":"<br \/>\n<h1>Retrospectiva 2023: reveja reportagens do Nosso Campo neste domingo, 14 de janeiro<\/h1>\n<h2>Programa fala sobre perman\u00eancia dos jovens na zona rural, atra\u00e7\u00f5es al\u00e9m da pesca nos pesqueiros, custos para manter um cavalo, e traz uma receita de p\u00e3o de ervas.<\/h2>\n<p> Por Nosso Campo, TV TEM <\/p>\n<p>  14\/01\/2024 07h20    Atualizado  14\/01\/2024    <\/p>\n<p>                      1 de 1&#013;Retrospectiva 2023: reveja reportagens do Nosso Campo neste domingo, 14 de janeiro \u2014 Foto: Reprodu\u00e7\u00e3o\/TV TEM    <\/p>\n<p> Retrospectiva 2023: reveja reportagens do Nosso Campo neste domingo, 14 de janeiro \u2014 Foto: Reprodu\u00e7\u00e3o\/TV TEM <\/p>\n<p> Durante o m\u00eas de janeiro, o <strong>Nosso Campo<\/strong> faz uma pausa para reexibir algumas das reportagens produzidas em 2023. <\/p>\n<p> No programa deste domingo (14), voc\u00ea vai acompanhar o projeto &quot;Futuro no Agro&quot;, que incentiva a perman\u00eancia dos jovens na zona rural. A iniciativa qualifica adolescentes em empreendedorismo e sustentabilidade, mostrando como enfrentar a falta de m\u00e3o de obra no setor agr\u00edcola. <\/p>\n<p> Voc\u00ea tamb\u00e9m ver\u00e1 que ir a um bom pesqueiro \u00e9 o programa de muitas pessoas no fim de semana, mas n\u00e3o \u00e9 s\u00f3 a pescaria que atrai os visitantes. H\u00e1 outras formas de curtir o passeio, e saborear comida boa \u00e9 uma delas. <\/p>\n<p> Al\u00e9m disso, o programa traz alguns detalhes sobre os custos para manter um cavalo, como os gastos com ra\u00e7\u00e3o, feno, entre outros. O animal cumpre bem diversas fun\u00e7\u00f5es, mas os cuidados nem sempre saem baratos. <\/p>\n<p> E o que n\u00e3o pode faltar \u00e9 aquela receita saborosa. Neste domingo, Antonio N\u00f3brega mostra como preparar um delicioso p\u00e3o de ervas. <\/p>\n<p><h2><strong>Confira as reportagens abaixo:<\/strong><\/h2>\n<\/p>\n<ul>\n<li><a class href=\"https:\/\/g1.globo.com\/sp\/sorocaba-jundiai\/nosso-campo\/noticia\/2023\/07\/23\/jovens-participam-de-projeto-que-estimula-carreira-no-agro.ghtml\">Jovens participam de projeto que estimula carreira no agro<\/a><\/li>\n<li><a class href=\"https:\/\/g1.globo.com\/sp\/sorocaba-jundiai\/nosso-campo\/noticia\/2023\/03\/12\/pesqueiros-oferecem-a-visitantes-outros-atrativos-alem-de-pesca.ghtml\">Pesqueiros oferecem a visitantes outros atrativos al\u00e9m de pesca<\/a><\/li>\n<li><a class href=\"https:\/\/g1.globo.com\/sp\/sorocaba-jundiai\/nosso-campo\/noticia\/2023\/04\/23\/ter-um-cavalo-pode-nao-sair-barato.ghtml\">Ter um cavalo pode n\u00e3o sair barato<\/a><\/li>\n<li><a class href=\"https:\/\/g1.globo.com\/sp\/sorocaba-jundiai\/nosso-campo\/noticia\/2023\/03\/12\/receita-nosso-campo-aprenda-a-fazer-um-pao-de-ervas.ghtml\">Receita Nosso Campo: aprenda a fazer um p\u00e3o de ervas<\/a><\/li>\n<\/ul>\n<p> <strong>Assista ao programa deste domingo:<\/strong> <\/p>\n<p>                   <img loading=\"lazy\" decoding=\"async\" class=\"aligncenter size-full wp-image-56397\" src=\"https:\/\/blog.corretoraideal.com.br\/wp-content\/uploads\/2024\/01\/confira-o-nosso-campo-deste-domingo-14-de-janeiro-na-integra.jpeg\" alt=\"Confira o Nosso Campo deste domingo, 14 de janeiro, na \u00edntegra\" width=\"800\" height=\"400\" \/>       <\/p>\n<p> Confira o Nosso Campo deste domingo, 14 de janeiro, na \u00edntegra <\/p>\n<p> <strong>Acesse + <\/strong><a class href=\"https:\/\/redeglobo.globo.com\/sp\/tvtem\/\"><strong>TV TEM<\/strong><\/a><strong> | <\/strong><a class href=\"https:\/\/redeglobo.globo.com\/sp\/tvtem\/sorocaba-e-regiao\/programacao\/?region=sorocaba-e-regiao#20170330527359https:\/\/redeglobo.globo.com\/sp\/tvtem\/sorocaba-e-regiao\/programacao\/?region=sorocaba-e-regiao#20170330527359\"><strong>Programa\u00e7\u00e3o <\/strong><\/a><strong>| <\/strong><a class href=\"https:\/\/redeglobo.globo.com\/sp\/tvtem\/noticia\/videos-acesse-os-catalogos-dos-programas-da-tv-tem.ghtml\"><strong>V\u00eddeos <\/strong><\/a><strong>| <\/strong><a class href=\"https:\/\/redeglobo.globo.com\/sp\/tvtem\/noticia\/pela-web-confira-os-enderecos-oficiais-da-tv-tem-nas-redes-sociais.ghtml\"><strong>Redes sociais<\/strong><\/a><strong> <\/strong> <\/p>\n<p><h2>V\u00cdDEOS: veja mais reportagens do programa<\/h2>\n<\/p>\n<p>   <a href=\"https:\/\/g1.globo.com\/sp\/sorocaba-jundiai\/nosso-campo\/playlist\/videos-veja-as-reportagens-do-nosso-campo.ghtml\">    50 v\u00eddeos      <\/a>   <\/p>\n<h3>Saiba Mais<\/h3>\n<ul>\n<li>\n<p> <a class=\"content-link\" href=\"http:\/\/g1.globo.com\/sao-paulo\/sorocaba-jundiai\/nosso-campo\/\">Confira as \u00faltimas not\u00edcias do Nosso Campo<\/a>   <\/p>\n<\/li>\n<\/ul>\n<ul> <\/ul>\n<h3> <a id=\"js-next-article-desktop-link\" class=\"next-article-desktop-link\"><\/a> <\/h3>\n<h3> <a id=\"js-next-article-smart-link\" class=\"next-article-smart-link\"><\/a> <\/h3>\n<p>Veja tamb\u00e9m<\/p>\n<\/p>\n<\/p>\n<p>       Anterior   Pr\u00f3ximo     <\/p>\n","protected":false},"excerpt":{"rendered":"<p>Retrospectiva 2023: reveja reportagens do Nosso Campo neste domingo, 14 de janeiro Programa fala sobre perman\u00eancia dos jovens na zona rural, atra\u00e7\u00f5es al\u00e9m da pesca nos pesqueiros, custos para manter um cavalo, e traz uma receita de p\u00e3o de ervas. Por Nosso Campo, TV TEM 14\/01\/2024 07h20 Atualizado 14\/01\/2024 1 de 1&#013;Retrospectiva 2023: reveja reportagens [&hellip;]<\/p>\n","protected":false},"author":1,"featured_media":0,"comment_status":"closed","ping_status":"closed","sticky":false,"template":"","format":"standard","meta":{"footnotes":""},"categories":[],"tags":[],"class_list":["post-56395","post","type-post","status-publish","format-standard","hentry"],"_links":{"self":[{"href":"https:\/\/blog.corretoraideal.com.br\/index.php\/wp-json\/wp\/v2\/posts\/56395","targetHints":{"allow":["GET"]}}],"collection":[{"href":"https:\/\/blog.corretoraideal.com.br\/index.php\/wp-json\/wp\/v2\/posts"}],"about":[{"href":"https:\/\/blog.corretoraideal.com.br\/index.php\/wp-json\/wp\/v2\/types\/post"}],"author":[{"embeddable":true,"href":"https:\/\/blog.corretoraideal.com.br\/index.php\/wp-json\/wp\/v2\/users\/1"}],"replies":[{"embeddable":true,"href":"https:\/\/blog.corretoraideal.com.br\/index.php\/wp-json\/wp\/v2\/comments?post=56395"}],"version-history":[{"count":1,"href":"https:\/\/blog.corretoraideal.com.br\/index.php\/wp-json\/wp\/v2\/posts\/56395\/revisions"}],"predecessor-version":[{"id":56398,"href":"https:\/\/blog.corretoraideal.com.br\/index.php\/wp-json\/wp\/v2\/posts\/56395\/revisions\/56398"}],"wp:attachment":[{"href":"https:\/\/blog.corretoraideal.com.br\/index.php\/wp-json\/wp\/v2\/media?parent=56395"}],"wp:term":[{"taxonomy":"category","embeddable":true,"href":"https:\/\/blog.corretoraideal.com.br\/index.php\/wp-json\/wp\/v2\/categories?post=56395"},{"taxonomy":"post_tag","embeddable":true,"href":"https:\/\/blog.corretoraideal.com.br\/index.php\/wp-json\/wp\/v2\/tags?post=56395"}],"curies":[{"name":"wp","href":"https:\/\/api.w.org\/{rel}","templated":true}]}}