{"id":56399,"date":"2024-01-14T23:29:38","date_gmt":"2024-01-14T23:29:38","guid":{"rendered":"https:\/\/blog.corretoraideal.com.br\/?p=56399"},"modified":"2024-01-14T23:29:38","modified_gmt":"2024-01-14T23:29:38","slug":"castramovel-em-acao-unidade-movel-de-castracao-chega-a-conselheiro-josino-campos-dos-goytacazes-norte-fluminense-g1","status":"publish","type":"post","link":"https:\/\/blog.corretoraideal.com.br\/index.php\/2024\/01\/14\/castramovel-em-acao-unidade-movel-de-castracao-chega-a-conselheiro-josino-campos-dos-goytacazes-norte-fluminense-g1\/","title":{"rendered":"CastraM\u00f3vel em a\u00e7\u00e3o: Unidade M\u00f3vel de castra\u00e7\u00e3o chega a Conselheiro Josino, Campos dos Goytacazes | Norte Fluminense | G1"},"content":{"rendered":"<br \/>\n<h1>CastraM\u00f3vel em a\u00e7\u00e3o: Unidade M\u00f3vel de castra\u00e7\u00e3o chega a Conselheiro Josino, Campos dos Goytacazes<\/h1>\n<h2>A partir desta ter\u00e7a-feira (15), os interessados podem agendar a castra\u00e7\u00e3o de seus pets por meio do site do Centro de Controle de Zoonoses (CCZ).<\/h2>\n<p> Por Monique teixeira, g1 &mdash; Campos dos Goitacazes <\/p>\n<p>  14\/01\/2024 16h39    Atualizado  14\/01\/2024    <\/p>\n<p>                   1 de 2&#013;Unidade M\u00f3vel de Castra\u00e7\u00e3o de C\u00e3es e Gatos \u2014 Foto: Divulga\u00e7\u00e3o    <\/p>\n<p> Unidade M\u00f3vel de Castra\u00e7\u00e3o de C\u00e3es e Gatos \u2014 Foto: Divulga\u00e7\u00e3o <\/p>\n<p> A Unidade M\u00f3vel de Castra\u00e7\u00e3o de C\u00e3es e Gatos, conhecida como CastraM\u00f3vel, est\u00e1 se deslocando para Conselheiro Josino, em <a class href=\"https:\/\/g1.globo.com\/rj\/norte-fluminense\/cidade\/campos-dos-goytacazes\/\">Campos dos Goytacazes<\/a>, no norte Fluminense. A partir desta ter\u00e7a-feira (15), os interessados podem agendar a castra\u00e7\u00e3o de seus pets por meio do site do Centro de Controle de Zoonoses (CCZ).O CastraM\u00f3vel encontrava-se em Travess\u00e3o desde novembro do ano passado. <\/p>\n<p> Desde a sua inaugura\u00e7\u00e3o, j\u00e1 s\u00e3o 13.331 animais de pequeno porte beneficiados pela castra\u00e7\u00e3o. J\u00e1 em Travess\u00e3o, foram em torno de 257 procedimentos realizados em pouco mais de um m\u00eas, sendo 97 c\u00e3es e 160 gatos. <\/p>\n<p> O diretor do CCZ, Carlos Morales, destaca que ser\u00e3o realizadas aproximadamente 15 castra\u00e7\u00f5es por dia, abrangendo tanto machos quanto f\u00eameas. Para realizar o pr\u00e9-agendamento, os propriet\u00e1rios devem acessar o site do CCZ no link: <a class href=\"https:\/\/cczcampos.com.br\/\" target=\"_blank\" rel=\"noopener noreferrer\">https:\/\/cczcampos.com.br\/<\/a> e preencher o formul\u00e1rio. <\/p>\n<p>         2 de 2&#013;CastraM\u00f3vel \u2014 Foto: Divulga\u00e7\u00e3o    <\/p>\n<p> CastraM\u00f3vel \u2014 Foto: Divulga\u00e7\u00e3o <\/p>\n<p> A Unidade M\u00f3vel ficar\u00e1 concentrada na Casa de Cultura Poeta Ant\u00f4nio Silva, proporcionando amplo espa\u00e7o para melhor atender aos animais e \u00e0 popula\u00e7\u00e3o local, incluindo \u00e1reas vizinhas como Vila Nova, Assentamento Josu\u00e9 de Castro, Sesmaria, Assentamento Dandara, S\u00e3o Diogo, Guand\u00fa, Ribeiro do Amaro, entre outros. Simultaneamente, a segunda unidade do CastraM\u00f3vel continuar\u00e1 atendendo no Parque Imperial, onde est\u00e1 baseada, pr\u00f3ximo ao Barcelos Atacadista. <\/p>\n<p> \u00c9 importante ressaltar que o processo de castra\u00e7\u00e3o segue prioridades, sendo inicialmente destinado a c\u00e3es e gatos abandonados e recuperados pelo CCZ, seguidos pelos animais sob os cuidados de protetores. Na sequ\u00eancia, s\u00e3o contemplados os pets de pessoas de baixa renda que recebem benef\u00edcio social do Governo Federal, e, por \u00faltimo, os animais do p\u00fablico geral. <\/p>\n<ul>\n<li> <a href=\"https:\/\/g1.globo.com\/rj\/norte-fluminense\/cidade\/campos-dos-goytacazes\/\" class=\"entities__list-itemLink\" data-track-click=\"Campos dos Goytacazes\"> Campos dos Goytacazes <\/a> <\/li>\n<\/ul>\n<h3> <a id=\"js-next-article-desktop-link\" class=\"next-article-desktop-link\"><\/a> <\/h3>\n<h3> <a id=\"js-next-article-smart-link\" class=\"next-article-smart-link\"><\/a> <\/h3>\n<p>Veja tamb\u00e9m<\/p>\n<\/p>\n<\/p>\n<p>       Anterior   Pr\u00f3ximo     <\/p>\n","protected":false},"excerpt":{"rendered":"<p>CastraM\u00f3vel em a\u00e7\u00e3o: Unidade M\u00f3vel de castra\u00e7\u00e3o chega a Conselheiro Josino, Campos dos Goytacazes A partir desta ter\u00e7a-feira (15), os interessados podem agendar a castra\u00e7\u00e3o de seus pets por meio do site do Centro de Controle de Zoonoses (CCZ). Por Monique teixeira, g1 &mdash; Campos dos Goitacazes 14\/01\/2024 16h39 Atualizado 14\/01\/2024 1 de 2&#013;Unidade M\u00f3vel [&hellip;]<\/p>\n","protected":false},"author":1,"featured_media":0,"comment_status":"closed","ping_status":"closed","sticky":false,"template":"","format":"standard","meta":{"footnotes":""},"categories":[],"tags":[],"class_list":["post-56399","post","type-post","status-publish","format-standard","hentry"],"_links":{"self":[{"href":"https:\/\/blog.corretoraideal.com.br\/index.php\/wp-json\/wp\/v2\/posts\/56399","targetHints":{"allow":["GET"]}}],"collection":[{"href":"https:\/\/blog.corretoraideal.com.br\/index.php\/wp-json\/wp\/v2\/posts"}],"about":[{"href":"https:\/\/blog.corretoraideal.com.br\/index.php\/wp-json\/wp\/v2\/types\/post"}],"author":[{"embeddable":true,"href":"https:\/\/blog.corretoraideal.com.br\/index.php\/wp-json\/wp\/v2\/users\/1"}],"replies":[{"embeddable":true,"href":"https:\/\/blog.corretoraideal.com.br\/index.php\/wp-json\/wp\/v2\/comments?post=56399"}],"version-history":[{"count":1,"href":"https:\/\/blog.corretoraideal.com.br\/index.php\/wp-json\/wp\/v2\/posts\/56399\/revisions"}],"predecessor-version":[{"id":56401,"href":"https:\/\/blog.corretoraideal.com.br\/index.php\/wp-json\/wp\/v2\/posts\/56399\/revisions\/56401"}],"wp:attachment":[{"href":"https:\/\/blog.corretoraideal.com.br\/index.php\/wp-json\/wp\/v2\/media?parent=56399"}],"wp:term":[{"taxonomy":"category","embeddable":true,"href":"https:\/\/blog.corretoraideal.com.br\/index.php\/wp-json\/wp\/v2\/categories?post=56399"},{"taxonomy":"post_tag","embeddable":true,"href":"https:\/\/blog.corretoraideal.com.br\/index.php\/wp-json\/wp\/v2\/tags?post=56399"}],"curies":[{"name":"wp","href":"https:\/\/api.w.org\/{rel}","templated":true}]}}