{"id":56402,"date":"2024-01-15T01:29:40","date_gmt":"2024-01-15T01:29:40","guid":{"rendered":"https:\/\/blog.corretoraideal.com.br\/?p=56402"},"modified":"2024-01-15T01:29:40","modified_gmt":"2024-01-15T01:29:40","slug":"morre-edemar-cid-ferreira-fundador-do-falido-banco-santos-aos-80-anos-economia-g1","status":"publish","type":"post","link":"https:\/\/blog.corretoraideal.com.br\/index.php\/2024\/01\/15\/morre-edemar-cid-ferreira-fundador-do-falido-banco-santos-aos-80-anos-economia-g1\/","title":{"rendered":"Morre Edemar Cid Ferreira, fundador do falido Banco Santos, aos 80 anos | Economia | G1"},"content":{"rendered":"<br \/>\n<h1>Morre Edemar Cid Ferreira, fundador do falido Banco Santos, aos 80 anos<\/h1>\n<h2>Ex-banqueiro ficou famoso como colecionador de obras de arte e pela mans\u00e3o extravagante que construiu no Morumbi, bairro da zona oeste de S\u00e3o Paulo.<\/h2>\n<p>       <a href=\"http:\/\/www.valor.com.br\/\" target=\"_blank\" rel=\"noopener noreferrer\">    <\/a>   <\/p>\n<p> Por Valor Online <\/p>\n<p>  13\/01\/2024 22h06    Atualizado  13\/01\/2024    <\/p>\n<p>                         1 de 3&#013;Brasil, S\u00e3o Paulo, SP. 25\/02\/2011. Edemar Cid Ferreira, dono do banco de Santos, durante entrevista exclusiva ao jornal O Estado de S. Paulo, no Morumbi, em S\u00e3o Paulo \u2014 Foto: Evelson de Freitas\/Estad\u00e3o Conte\u00fado\/Arquivo    <\/p>\n<p> Brasil, S\u00e3o Paulo, SP. 25\/02\/2011. Edemar Cid Ferreira, dono do banco de Santos, durante entrevista exclusiva ao jornal O Estado de S. Paulo, no Morumbi, em S\u00e3o Paulo \u2014 Foto: Evelson de Freitas\/Estad\u00e3o Conte\u00fado\/Arquivo <\/p>\n<p> <a class href=\"https:\/\/g1.globo.com\/tudo-sobre\/edemar-cid-ferreira\/\">Edemar Cid Ferreira<\/a>, fundador e antigo controlador do falido Banco Santos, morreu neste s\u00e1bado (13), aos 80 anos, em S\u00e3o Paulo. O ex-banqueiro ficou famoso como <a class href=\"https:\/\/g1.globo.com\/jornal-nacional\/noticia\/2020\/09\/18\/parte-do-acervo-milionario-de-arte-do-banqueiro-edemar-cid-ferreira-vai-a-leilao.ghtml\">colecionador de obras de arte<\/a> e pela <a class href=\"https:\/\/g1.globo.com\/sp\/sao-paulo\/noticia\/2020\/02\/18\/mansao-do-ex-banqueiro-edemar-cid-ferreira-e-arrematada-por-r-275-milhoes.ghtml\">mans\u00e3o extravagante que construiu no Morumbi<\/a>, na zona oeste da capital paulista. <\/p>\n<p> Cid Ferreira morreu do cora\u00e7\u00e3o, dormindo. Ele deixou esposa e tr\u00eas filhos. <\/p>\n<p> O empres\u00e1rio se tornou um nome constante nos notici\u00e1rios do Brasil nos anos 2000, quando o Banco Santos sofreu interven\u00e7\u00e3o do Banco Central, ap\u00f3s um rombo de <strong>R$ 2,1 bilh\u00f5es<\/strong> (valores da \u00e9poca) no caixa da companhia. <\/p>\n<p> Em 12 de novembro daquele ano, o BC interveio na institui\u00e7\u00e3o depois de constatar que n\u00e3o cumpria normas b\u00e1sicas, como o recolhimento compuls\u00f3rio \u2014 parcela dos dep\u00f3sitos dos clientes que as institui\u00e7\u00f5es financeiras s\u00e3o obrigadas a recolher no BC. \u00c0 \u00e9poca, o Santos era o 21\u00ba maior banco do pa\u00eds. <\/p>\n<p> Em 4 de maio do ano seguinte, o BC anunciou a liquida\u00e7\u00e3o do banco. Desde ent\u00e3o, Cid Ferreira tentava reverter a decis\u00e3o da Justi\u00e7a argumentando que o neg\u00f3cio faliu em raz\u00e3o de pessoas que n\u00e3o honraram o pagamento de empr\u00e9stimos feitos no banco. <\/p>\n<p>         2 de 3&#013;Mans\u00e3o do ex-banqueiro Edemar Cid Ferreira no Morumbi, em S\u00e3o Paulo \u2014 Foto: Jonne Roriz\/Ag\u00eancia Facto\/Ag\u00eancia Estado    <\/p>\n<p> Mans\u00e3o do ex-banqueiro Edemar Cid Ferreira no Morumbi, em S\u00e3o Paulo \u2014 Foto: Jonne Roriz\/Ag\u00eancia Facto\/Ag\u00eancia Estado <\/p>\n<p> Cid Ferreira e outros 18 ex-dirigentes do Banco Santos foram denunciados pelo Minist\u00e9rio P\u00fablico Federal por lavagem de dinheiro, forma\u00e7\u00e3o de quadrilha e gest\u00e3o fraudulenta. Em maio de 2006, o ex-banqueiro foi preso por 89 dias. <\/p>\n<p> No per\u00edodo, ele se dedicou \u00e0 vida espiritual e chegou a frequentar cursos ministrados no pres\u00eddio por igrejas evang\u00e9licas, pela Igreja Cat\u00f3lica e outros sobre espiritismo. Mas Edemar n\u00e3o se filiou a nenhum credo. <\/p>\n<p> Em 2020, uma mans\u00e3o do ex-banqueiro localizada na rua G\u00e1lia, no bairro do Morumbi, e que pertencia \u00e0 massa falida do banco, foi <a class href=\"https:\/\/g1.globo.com\/sp\/sao-paulo\/noticia\/2020\/02\/18\/mansao-do-ex-banqueiro-edemar-cid-ferreira-e-arrematada-por-r-275-milhoes.ghtml\">vendida em leil\u00e3o judicial por <strong>R$ 27,5 milh\u00f5es<\/strong><\/a>. Constru\u00edda entre 2000 e 2004, e adquirida por <strong>R$ 140 milh\u00f5es<\/strong>, a casa foi projetada pelo arquiteto Ruy Ohtake, que recebeu <strong>R$ 1,15 milh\u00e3o<\/strong> pelo servi\u00e7o. O decorador norte-americano Peter Marino recebeu outros<strong> R$ 8,86 milh\u00f5es<\/strong>. <\/p>\n<p> O im\u00f3vel chegou a passar por cinco leil\u00f5es para ser vendido. Nos dois primeiros, n\u00e3o houve interessados. Em maio de 2019, no terceiro leil\u00e3o, o im\u00f3vel chegou a ser arrematado por R$ 23,3 milh\u00f5es. Mas o comprador, que n\u00e3o teve o nome revelado, n\u00e3o depositou o valor dentro do prazo estipulado pelo leiloeiro. <\/p>\n<p> No quarto leil\u00e3o, realizado em outubro do ano passado, a mans\u00e3o foi <a class href=\"https:\/\/g1.globo.com\/sp\/sao-paulo\/noticia\/2019\/10\/24\/mansao-do-ex-banqueiro-edemar-cid-ferreira-em-sp-e-vendida-em-leilao-por-r-9-milhoes.ghtml\">vendida por <strong>R$ 9 milh\u00f5es<\/strong><\/a>, mas o juiz Paulo Furtado de Oliveira Filho, da 2\u00aa Vara de Fal\u00eancias e Recupera\u00e7\u00f5es Judiciais de SP, n\u00e3o aceitou o valor. <\/p>\n<p>         3 de 3&#013;Mans\u00e3o em que morou Edemar Cid Ferreira tem p\u00e9 direito de 9 metros de altura e janel\u00f5es blindados \u2014 Foto: MBRAS\/Divulga\u00e7\u00e3o    <\/p>\n<p> Mans\u00e3o em que morou Edemar Cid Ferreira tem p\u00e9 direito de 9 metros de altura e janel\u00f5es blindados \u2014 Foto: MBRAS\/Divulga\u00e7\u00e3o <\/p>\n<p> O im\u00f3vel, que ocupava um terreno de 8.000 metros quadrados e um complexo de cinco andares em uma \u00e1rea de 4.100 metros quadrados, possu\u00eda duas galerias de arte, com p\u00e9-direito de nove metros, uma biblioteca e um heliponto. <\/p>\n<p> Banheiros de vidro com tecnologia que muda de cor quando est\u00e3o ocupados, m\u00e1rmores importados da Fran\u00e7a e elevadores pneum\u00e1ticos tamb\u00e9m compunham a mans\u00e3o. No mesmo ano, cerca de 2.000 pe\u00e7as que pertenciam ao empres\u00e1rio e foram apreendidas pela Justi\u00e7a no ano da fal\u00eancia do Banco Santos, foram leiloadas para angariar fundos destinados a pagar aos credores da institui\u00e7\u00e3o financeira. <\/p>\n<p> Na \u00e9poca, o ex-banqueiro pediu \u00e0 Justi\u00e7a o cancelamento do certame da cole\u00e7\u00e3o de obras de arte que estavam sob a guarda do MAC (Museu de Arte Contempor\u00e2nea) da <a class href=\"https:\/\/g1.globo.com\/educacao\/universidade\/usp\/\">USP<\/a> (Universidade de S\u00e3o Paulo). Em of\u00edcio enviado \u00e0 2\u00aa Vara de Fal\u00eancias e Recupera\u00e7\u00f5es Judiciais da cidade de S\u00e3o Paulo, ele argumentou que o leil\u00e3o iria esquartejar a cole\u00e7\u00e3o, desvalorizando o conjunto e fazendo com que as obras percam valor de mercado. <\/p>\n<p>                   <img loading=\"lazy\" decoding=\"async\" class=\"aligncenter size-full wp-image-56404\" src=\"https:\/\/blog.corretoraideal.com.br\/wp-content\/uploads\/2024\/01\/parte-do-acervo-milionario-de-arte-do-banqueiro-edemar-cid-ferreira-vai-a-leilao-1.jpeg\" alt=\"Parte do acervo milion\u00e1rio de arte do banqueiro Edemar Cid Ferreira vai a leil\u00e3o\" width=\"800\" height=\"400\" \/>       <\/p>\n<p> Parte do acervo milion\u00e1rio de arte do banqueiro Edemar Cid Ferreira vai a leil\u00e3o <\/p>\n<p> O ex-banqueiro tamb\u00e9m possu\u00eda um apartamento de 3.000 metros quadrados na Praia Grande, que foi vendido por <strong>R$ 78 milh\u00f5es<\/strong> ap\u00f3s quatro leil\u00f5es. <\/p>\n<p> Desde ent\u00e3o, passou a morar &quot;de favor&quot; e a viver com ajuda de amigos. Da mans\u00e3o no Morumbi, transferiu-se para a casa vizinha, que pertencia a Zizinho Papa, ex-banqueiro dono do Banco Lavras. Naquela \u00e9poca, dizia que, todas as noites, sentava-se em uma cadeira no deck da piscina da casa onde passou a viver ficava horas olhando para sua mans\u00e3o. <\/p>\n<p> Ficava indignado com a falta de manuten\u00e7\u00e3o na sua antiga resid\u00eancia. Reclamava da fuligem que, com o tempo, foi manchando e escurecendo o m\u00e1rmore branco que revestia as paredes da casa. <\/p>\n<p> Edemar passou o restante de sua vida tentando provar que o banco tinha mais cr\u00e9dito a recuperar do que d\u00edvidas a serem pagas, o que jamais se comprovou. Desse embate resultou uma rela\u00e7\u00e3o de tens\u00e3o permanente entre Edemar e o administrador judicial, V\u00e2nio Aguiar. <\/p>\n<ul>\n<li> <a href=\"https:\/\/g1.globo.com\/tudo-sobre\/banco-central-do-brasil\/\" class=\"entities__list-itemLink\" data-track-click=\"Banco Central do Brasil\"> Banco Central do Brasil <\/a> <\/li>\n<li> <a href=\"https:\/\/g1.globo.com\/tudo-sobre\/edemar-cid-ferreira\/\" class=\"entities__list-itemLink\" data-track-click=\"Edemar Cid Ferreira\"> Edemar Cid Ferreira <\/a> <\/li>\n<li> <a href=\"https:\/\/g1.globo.com\/tudo-sobre\/museu-de-arte-contemporanea\/\" class=\"entities__list-itemLink\" data-track-click=\"Museu de Arte Contempor\u00e2nea (MAC)\"> Museu de Arte Contempor\u00e2nea (MAC) <\/a> <\/li>\n<li> <a href=\"https:\/\/g1.globo.com\/educacao\/universidade\/usp\/\" class=\"entities__list-itemLink\" data-track-click=\"USP\"> USP <\/a> <\/li>\n<\/ul>\n<h3> <a id=\"js-next-article-desktop-link\" class=\"next-article-desktop-link\"><\/a> <\/h3>\n<h3> <a id=\"js-next-article-smart-link\" class=\"next-article-smart-link\"><\/a> <\/h3>\n<p>Veja tamb\u00e9m<\/p>\n<\/p>\n<\/p>\n<p>       Anterior   Pr\u00f3ximo     <\/p>\n","protected":false},"excerpt":{"rendered":"<p>Morre Edemar Cid Ferreira, fundador do falido Banco Santos, aos 80 anos Ex-banqueiro ficou famoso como colecionador de obras de arte e pela mans\u00e3o extravagante que construiu no Morumbi, bairro da zona oeste de S\u00e3o Paulo. Por Valor Online 13\/01\/2024 22h06 Atualizado 13\/01\/2024 1 de 3&#013;Brasil, S\u00e3o Paulo, SP. 25\/02\/2011. Edemar Cid Ferreira, dono do [&hellip;]<\/p>\n","protected":false},"author":1,"featured_media":0,"comment_status":"closed","ping_status":"closed","sticky":false,"template":"","format":"standard","meta":{"footnotes":""},"categories":[],"tags":[],"class_list":["post-56402","post","type-post","status-publish","format-standard","hentry"],"_links":{"self":[{"href":"https:\/\/blog.corretoraideal.com.br\/index.php\/wp-json\/wp\/v2\/posts\/56402","targetHints":{"allow":["GET"]}}],"collection":[{"href":"https:\/\/blog.corretoraideal.com.br\/index.php\/wp-json\/wp\/v2\/posts"}],"about":[{"href":"https:\/\/blog.corretoraideal.com.br\/index.php\/wp-json\/wp\/v2\/types\/post"}],"author":[{"embeddable":true,"href":"https:\/\/blog.corretoraideal.com.br\/index.php\/wp-json\/wp\/v2\/users\/1"}],"replies":[{"embeddable":true,"href":"https:\/\/blog.corretoraideal.com.br\/index.php\/wp-json\/wp\/v2\/comments?post=56402"}],"version-history":[{"count":1,"href":"https:\/\/blog.corretoraideal.com.br\/index.php\/wp-json\/wp\/v2\/posts\/56402\/revisions"}],"predecessor-version":[{"id":56405,"href":"https:\/\/blog.corretoraideal.com.br\/index.php\/wp-json\/wp\/v2\/posts\/56402\/revisions\/56405"}],"wp:attachment":[{"href":"https:\/\/blog.corretoraideal.com.br\/index.php\/wp-json\/wp\/v2\/media?parent=56402"}],"wp:term":[{"taxonomy":"category","embeddable":true,"href":"https:\/\/blog.corretoraideal.com.br\/index.php\/wp-json\/wp\/v2\/categories?post=56402"},{"taxonomy":"post_tag","embeddable":true,"href":"https:\/\/blog.corretoraideal.com.br\/index.php\/wp-json\/wp\/v2\/tags?post=56402"}],"curies":[{"name":"wp","href":"https:\/\/api.w.org\/{rel}","templated":true}]}}