{"id":56406,"date":"2024-01-15T10:29:47","date_gmt":"2024-01-15T10:29:47","guid":{"rendered":"https:\/\/blog.corretoraideal.com.br\/?p=56406"},"modified":"2024-01-15T10:29:47","modified_gmt":"2024-01-15T10:29:47","slug":"cidadania-portuguesa-como-mudanca-em-regra-pode-agilizar-processo-para-brasileiros-mundo-g1","status":"publish","type":"post","link":"https:\/\/blog.corretoraideal.com.br\/index.php\/2024\/01\/15\/cidadania-portuguesa-como-mudanca-em-regra-pode-agilizar-processo-para-brasileiros-mundo-g1\/","title":{"rendered":"Cidadania portuguesa: como mudan\u00e7a em regra pode agilizar processo para brasileiros | Mundo | G1"},"content":{"rendered":"<br \/>\n<h1>Cidadania portuguesa: como mudan\u00e7a em regra pode agilizar processo para brasileiros<\/h1>\n<h2> Parlamento portugu\u00eas aprovou altera\u00e7\u00e3o na regra de c\u00e1lculo do tempo de resid\u00eancia em Portugal para pedido de cidadania; medida, que agora depende de aval da Presid\u00eancia, pode acelerar processo para brasileiros e outros estrangeiros.<\/h2>\n<p>       <a href=\"http:\/\/www.bbc.com\/portuguese\" target=\"_blank\" rel=\"noopener noreferrer\">    <\/a>   <\/p>\n<p> Por BBC <\/p>\n<p>  15\/01\/2024 07h06    Atualizado  15\/01\/2024    <\/p>\n<p>                         1 de 1&#013;Bandeira de Portugal \u2014 Foto: Getty Images    <\/p>\n<p> Bandeira de Portugal \u2014 Foto: Getty Images <\/p>\n<p> Depois de quanto tempo vivendo em <a class href=\"https:\/\/g1.globo.com\/tudo-sobre\/portugal\/\">Portugal<\/a> \u00e9 poss\u00edvel pedir <a class href=\"https:\/\/g1.globo.com\/politica\/partido\/cidadania\/\">cidadania<\/a> portuguesa? <\/p>\n<p> Cinco anos, segundo a lei atual. Mas o momento em que esse prazo come\u00e7a a ser contado pode mudar: o Parlamento portugu\u00eas aprovou, nos primeiros dias de 2024, uma altera\u00e7\u00e3o que pode acelerar o processo pelo qual passam brasileiros e outros estrangeiros para obter <a class href=\"https:\/\/g1.globo.com\/politica\/partido\/cidadania\/\">cidadania<\/a> portuguesa. <\/p>\n<p> Atualmente, o<strong> prazo de cinco anos come\u00e7a a ser contado a partir do momento em que o estrangeiro recebe a autoriza\u00e7\u00e3o de resid\u00eancia. <\/strong> <\/p>\n<p> No entanto, a regra aprovada pelos parlamentares portugueses prev\u00ea que esse prazo deve come\u00e7ar no momento do pedido de autoriza\u00e7\u00e3o de resid\u00eancia. <\/p>\n<p> Para que a mudan\u00e7a entre em vigor, o texto <strong>depende de promulga\u00e7\u00e3o pelo presidente da Rep\u00fablica, al\u00e9m de regulamenta\u00e7\u00e3o pelo Legislativo, em prazo de 90 dias ap\u00f3s a publica\u00e7\u00e3o<\/strong>, como aponta o advogado Fl\u00e1vio Martins Peron, especialista em procedimentos de vistos de resid\u00eancia e nacionalidade portuguesa. <\/p>\n<p> Na pr\u00e1tica, para muitos dos estrangeiros que se mudam para <a class href=\"https:\/\/g1.globo.com\/tudo-sobre\/portugal\/\">Portugal<\/a>, a mudan\u00e7a pode significar uma redu\u00e7\u00e3o de cerca de dois anos no tempo necess\u00e1rio para pedir <a class href=\"https:\/\/g1.globo.com\/politica\/partido\/cidadania\/\">cidadania<\/a>, segundo Peron, que \u00e9 s\u00f3cio do escrit\u00f3rio Martins &amp; Oliveira Advogados. <\/p>\n<p>Ele exemplifica: &quot;A pessoa que veio (para <a class href=\"https:\/\/g1.globo.com\/tudo-sobre\/portugal\/\">Portugal<\/a>) como turista e aqui conseguiu um trabalho, ela faz um processo chamado de &#x27;manifesta\u00e7\u00e3o de interesse&#x27; (de resid\u00eancia em <a class href=\"https:\/\/g1.globo.com\/tudo-sobre\/portugal\/\">Portugal<\/a>) \u2013 \u00e9 a levantada de bra\u00e7o que fala &#x27;olha, arrumei um emprego aqui e quero me regularizar em <a class href=\"https:\/\/g1.globo.com\/tudo-sobre\/portugal\/\">Portugal<\/a>&#x27;. A partir do momento que ele protocola um pedido para se regularizar, atualmente esse processo leva dois anos mais ou menos para ser analisado e concedido&quot;, explica.<\/p>\n<p> &quot;A medida vai beneficiar bastante gente. Entendo que corrige um erro&quot;, diz Peron, que nasceu em <a class href=\"https:\/\/g1.globo.com\/tudo-sobre\/portugal\/\">Portugal<\/a> e cresceu no Brasil. &quot;Dois anos n\u00e3o \u00e9 um tempo razo\u00e1vel para se ter resposta de um processo migrat\u00f3rio, ainda mais levando em considera\u00e7\u00e3o que <a class href=\"https:\/\/g1.globo.com\/tudo-sobre\/portugal\/\">Portugal<\/a> precisa dessas pessoas aqui, n\u00e9? <a class href=\"https:\/\/g1.globo.com\/tudo-sobre\/portugal\/\">Portugal<\/a> \u00e9 um pa\u00eds que tem essa demanda de migra\u00e7\u00e3o para a economia girar.&quot; <\/p>\n<p> A mudan\u00e7a n\u00e3o tem efeitos significativos para brasileiros que solicitam vistos ainda no Brasil, segundo o advogado. <\/p>\n<p> Ele d\u00e1 como exemplo quem solicita, ainda do Brasil, vistos como o chamado D7, para aposentados, pensionistas e titulares de rendimentos pr\u00f3prios no Brasil que comprovem ter pelo menos um sal\u00e1rio m\u00ednimo portugu\u00eas por m\u00eas (820 euros, ou cerca de R$ 3.480), pelo prazo de um ano, para se manter em <a class href=\"https:\/\/g1.globo.com\/tudo-sobre\/portugal\/\">Portugal<\/a>. <\/p>\n<p>&quot;Para esse cliente, a gente solicita um visto ainda l\u00e1 no Brasil, ele se muda para <a class href=\"https:\/\/g1.globo.com\/tudo-sobre\/portugal\/\">Portugal<\/a> e aqui a gente solicita autoriza\u00e7\u00e3o de resid\u00eancia &#8211; em dois, tr\u00eas meses, no m\u00e1ximo, ele se regulariza aqui com uma autoriza\u00e7\u00e3o de resid\u00eancia. A partir desse momento, come\u00e7a a contar o prazo de cinco anos para ele poder solicitar a nacionalidade portuguesa.&quot;<\/p>\n<p><h2>Outras mudan\u00e7as<\/h2>\n<\/p>\n<p> A vota\u00e7\u00e3o de mudan\u00e7a no c\u00e1lculo do prazo de cinco anos veio em meio a um pacote que promoveu outras atualiza\u00e7\u00f5es na chamada Lei da Nacionalidade. <\/p>\n<p> Os parlamentares tamb\u00e9m aprovaram uma redu\u00e7\u00e3o de cinco para tr\u00eas anos no prazo de resid\u00eancia legal em <a class href=\"https:\/\/g1.globo.com\/tudo-sobre\/portugal\/\">Portugal<\/a> exigido para judeus sefarditas terem acesso \u00e0 <a class href=\"https:\/\/g1.globo.com\/politica\/partido\/cidadania\/\">cidadania<\/a>. <\/p>\n<p> E o Legislativo portugu\u00eas tamb\u00e9m promoveu uma mudan\u00e7a para prever direito \u00e0 <a class href=\"https:\/\/g1.globo.com\/politica\/partido\/cidadania\/\">cidadania<\/a> a filhos reconhecidos por pais portugueses somente ap\u00f3s os 18 anos. Nesses casos, \u00e9 necess\u00e1rio aguardar tr\u00eas anos ap\u00f3s reconhecimento da paternidade para solicitar nacionalidade. <\/p>\n<p><h2>Resid\u00eancia versus <a class href=\"https:\/\/g1.globo.com\/politica\/partido\/cidadania\/\">cidadania<\/a><\/h2>\n<\/p>\n<p> O estrangeiro que tem t\u00edtulo de resid\u00eancia em <a class href=\"https:\/\/g1.globo.com\/tudo-sobre\/portugal\/\">Portugal<\/a> &quot;basicamente tem os mesmos direitos e deveres que um cidad\u00e3o portugu\u00eas, tirando os direitos pol\u00edticos&quot;, diz Peron. <\/p>\n<p> No entanto, uma das principais vantagens da <a class href=\"https:\/\/g1.globo.com\/politica\/partido\/cidadania\/\">cidadania<\/a> portuguesa, em rela\u00e7\u00e3o \u00e0 resid\u00eancia, \u00e9 para pessoas que eventualmente desejem mudar para outro pa\u00eds da Uni\u00e3o Europeia, lembra o advogado. <\/p>\n<p>&quot;A partir do momento em que adquire a nacionalidade portuguesa, ela pode usufruir de todos os benef\u00edcios de ser um cidad\u00e3o europeu tamb\u00e9m&quot;, destaca Peron. &quot;Al\u00e9m disso, um cidad\u00e3o portugu\u00eas dispensa visto para os Estados Unidos, Canad\u00e1, Austr\u00e1lia &#8211; precisa s\u00f3 fazer um procedimento bem mais simples que o visto.&quot;<\/p>\n<p> O advogado menciona, ainda, que v\u00ea diferen\u00e7as no acesso a financiamentos. &quot;Um estrangeiro com o t\u00edtulo de resid\u00eancia consegue financiar at\u00e9 70% do valor do im\u00f3vel, j\u00e1 um portugu\u00eas o banco geralmente financia um pouco mais &#8212; chega a 80, 90% do valor do im\u00f3vel&quot;, diz. <\/p>\n<ul>\n<li> <a href=\"https:\/\/g1.globo.com\/politica\/partido\/cidadania\/\" class=\"entities__list-itemLink\" data-track-click=\"Cidadania\"> Cidadania <\/a> <\/li>\n<li> <a href=\"https:\/\/g1.globo.com\/tudo-sobre\/portugal\/\" class=\"entities__list-itemLink\" data-track-click=\"Portugal\"> Portugal <\/a> <\/li>\n<\/ul>\n<h3> <a id=\"js-next-article-desktop-link\" class=\"next-article-desktop-link\"><\/a> <\/h3>\n<h3> <a id=\"js-next-article-smart-link\" class=\"next-article-smart-link\"><\/a> <\/h3>\n<p>Veja tamb\u00e9m<\/p>\n<\/p>\n<\/p>\n<p>       Anterior   Pr\u00f3ximo     <\/p>\n","protected":false},"excerpt":{"rendered":"<p>Cidadania portuguesa: como mudan\u00e7a em regra pode agilizar processo para brasileiros Parlamento portugu\u00eas aprovou altera\u00e7\u00e3o na regra de c\u00e1lculo do tempo de resid\u00eancia em Portugal para pedido de cidadania; medida, que agora depende de aval da Presid\u00eancia, pode acelerar processo para brasileiros e outros estrangeiros. Por BBC 15\/01\/2024 07h06 Atualizado 15\/01\/2024 1 de 1&#013;Bandeira de [&hellip;]<\/p>\n","protected":false},"author":1,"featured_media":0,"comment_status":"closed","ping_status":"closed","sticky":false,"template":"","format":"standard","meta":{"footnotes":""},"categories":[],"tags":[],"class_list":["post-56406","post","type-post","status-publish","format-standard","hentry"],"_links":{"self":[{"href":"https:\/\/blog.corretoraideal.com.br\/index.php\/wp-json\/wp\/v2\/posts\/56406","targetHints":{"allow":["GET"]}}],"collection":[{"href":"https:\/\/blog.corretoraideal.com.br\/index.php\/wp-json\/wp\/v2\/posts"}],"about":[{"href":"https:\/\/blog.corretoraideal.com.br\/index.php\/wp-json\/wp\/v2\/types\/post"}],"author":[{"embeddable":true,"href":"https:\/\/blog.corretoraideal.com.br\/index.php\/wp-json\/wp\/v2\/users\/1"}],"replies":[{"embeddable":true,"href":"https:\/\/blog.corretoraideal.com.br\/index.php\/wp-json\/wp\/v2\/comments?post=56406"}],"version-history":[{"count":1,"href":"https:\/\/blog.corretoraideal.com.br\/index.php\/wp-json\/wp\/v2\/posts\/56406\/revisions"}],"predecessor-version":[{"id":56408,"href":"https:\/\/blog.corretoraideal.com.br\/index.php\/wp-json\/wp\/v2\/posts\/56406\/revisions\/56408"}],"wp:attachment":[{"href":"https:\/\/blog.corretoraideal.com.br\/index.php\/wp-json\/wp\/v2\/media?parent=56406"}],"wp:term":[{"taxonomy":"category","embeddable":true,"href":"https:\/\/blog.corretoraideal.com.br\/index.php\/wp-json\/wp\/v2\/categories?post=56406"},{"taxonomy":"post_tag","embeddable":true,"href":"https:\/\/blog.corretoraideal.com.br\/index.php\/wp-json\/wp\/v2\/tags?post=56406"}],"curies":[{"name":"wp","href":"https:\/\/api.w.org\/{rel}","templated":true}]}}