{"id":56412,"date":"2024-01-15T12:29:51","date_gmt":"2024-01-15T12:29:51","guid":{"rendered":"https:\/\/blog.corretoraideal.com.br\/?p=56412"},"modified":"2024-01-15T12:29:51","modified_gmt":"2024-01-15T12:29:51","slug":"inss-comeca-a-usar-inteligencia-artificial-para-detectar-fraudes-em-atestados-para-auxilio-doenca-trabalho-e-carreira-g1","status":"publish","type":"post","link":"https:\/\/blog.corretoraideal.com.br\/index.php\/2024\/01\/15\/inss-comeca-a-usar-inteligencia-artificial-para-detectar-fraudes-em-atestados-para-auxilio-doenca-trabalho-e-carreira-g1\/","title":{"rendered":"INSS come\u00e7a a usar intelig\u00eancia artificial para detectar fraudes em atestados para aux\u00edlio-doen\u00e7a | Trabalho e Carreira | G1"},"content":{"rendered":"<br \/>\n<h1>INSS come\u00e7a a usar intelig\u00eancia artificial para detectar fraudes em atestados para aux\u00edlio-doen\u00e7a<\/h1>\n<h2>Rob\u00f4 da Dataprev vai fazer uma varredura nos atestados m\u00e9dicos enviados pela internet. Em 2023, quase metade dos documentos emitidos n\u00e3o foi aceita pelo INSS. <\/h2>\n<p> Por Bom Dia Brasil <\/p>\n<p>  15\/01\/2024 09h17    Atualizado  15\/01\/2024    <\/p>\n<p>                   1 de 1&#013;Per\u00edcia m\u00e9dica \u00e9 necess\u00e1ria para obter aux\u00edlio-doen\u00e7a \u2014 Foto: Jornal Nacional\/ Reprodu\u00e7\u00e3o    <\/p>\n<p> Per\u00edcia m\u00e9dica \u00e9 necess\u00e1ria para obter aux\u00edlio-doen\u00e7a \u2014 Foto: Jornal Nacional\/ Reprodu\u00e7\u00e3o <\/p>\n<p> O <a class href=\"https:\/\/g1.globo.com\/tudo-sobre\/inss\/\">INSS<\/a> come\u00e7a nesta segunda-feira (15) a utilizar intelig\u00eancia artificial (IA) para detectar fraudes em atestados m\u00e9dicos para conseguir o aux\u00edlio-doen\u00e7a, atualmente chamado de benef\u00edcio por incapacidade tempor\u00e1ria. <\/p>\n<p> Esse benef\u00edcio \u00e9 concedido quando o trabalhador precisa ficar afastado do servi\u00e7o por mais de 15 dias por motivo de doen\u00e7a. Para obt\u00ea-lo, \u00e9 necess\u00e1rio apresentar atestado ou fazer uma per\u00edcia m\u00e9dica<strong> (<\/strong><a class href=\"https:\/\/g1.globo.com\/trabalho-e-carreira\/noticia\/2024\/01\/15\/inss-comeca-a-usar-inteligencia-artificial-para-detectar-fraudes-em-atestados-para-auxilio-doenca.ghtml#entenda\"><strong>entenda mais abaixo<\/strong><\/a><strong>)<\/strong>. <\/p>\n<p> A partir desta segunda, um rob\u00f4 desenvolvido pela <a class href=\"https:\/\/g1.globo.com\/tudo-sobre\/dataprev\/\">Dataprev<\/a> vai fazer uma varredura nos atestados m\u00e9dicos que forem enviados pela internet, pela <a class href=\"https:\/\/g1.globo.com\/jornal-nacional\/noticia\/2023\/07\/28\/inss-passa-a-conceder-auxilio-doenca-sem-exame-para-diminuir-fila.ghtml\">plataforma Atestmed<\/a>. <\/p>\n<p> Esse sistema substitui o atendimento m\u00e9dico-pericial por uma an\u00e1lise de documentos, nos casos em que o benef\u00edcio \u00e9 de at\u00e9 180 dias. <\/p>\n<p> Agora, a an\u00e1lise feita pela intelig\u00eancia artificial vai cruzar dados como nome, assinatura e CRM do m\u00e9dico no atestado, al\u00e9m de identificar o endere\u00e7o de onde foi enviado o arquivo. <\/p>\n<p> Em 2023, mais de 1,6 milh\u00e3o de pedidos chegaram ao INSS via Atestmed, mas quase metade (46%) n\u00e3o foi aceita porque n\u00e3o estava de acordo com as regras do instituto. <\/p>\n<p> Segundo o \u00f3rg\u00e3o, faltava alguma informa\u00e7\u00e3o no atestado ou algum dado gerou d\u00favidas, por isso, os trabalhadores foram encaminhados para per\u00edcia. <\/p>\n<p> Quem falsifica e quem usa o documento falso podem ser condenados a at\u00e9 5 anos de pris\u00e3o. Al\u00e9m disso, o benefici\u00e1rio do INSS que comprou o atestado ter\u00e1 que devolver o dinheiro recebido e pode ser <a class href=\"https:\/\/g1.globo.com\/trabalho-e-carreira\/noticia\/2022\/07\/12\/o-que-pode-levar-a-uma-demissao-por-justa-causa-e-quais-sao-os-direitos-do-funcionario.ghtml\">demitido por justa causa<\/a>. <\/p>\n<p> <strong>? REGRAS PARA O ATESTADO &#8211;<\/strong> Atestados devem ser emitidos por m\u00e9dicos com inscri\u00e7\u00e3o no Conselho Regional de Medicina (CRM) e n\u00e3o podem ter nenhuma rasura. Eles tamb\u00e9m precisam: <\/p>\n<ul>\n<li>especificar o <strong>tempo de afastamento necess\u00e1rio<\/strong> para a recupera\u00e7\u00e3o do paciente;<\/li>\n<li>estabelecer o <strong>diagn\u00f3stico <\/strong>quando expressamente autorizado pelo paciente; <\/li>\n<li>registrar os <strong>dados de maneira leg\u00edvel<\/strong>; <\/li>\n<li>identificar o emissor mediante <strong>assinatura e carimbo<\/strong> ou <strong>n\u00famero de registro no CRM<\/strong>;<\/li>\n<li>trazer o n\u00famero da <strong>Classifica\u00e7\u00e3o Internacional de Doen\u00e7as (CID)<\/strong> correspondente, no caso do Atestmed. <\/li>\n<\/ul>\n<p> Um atestado m\u00e9dico pode ser considerado falso, segundo o INSS, quando: <\/p>\n<ul>\n<li>\u00e9 elaborado por uma pessoa que n\u00e3o possui habilita\u00e7\u00e3o para a emiss\u00e3o do documento;<\/li>\n<li>o seu conte\u00fado n\u00e3o \u00e9 verdadeiro, ainda que subscrito por profissional habilitado;<\/li>\n<li>fica comprovado que o documento foi adulterado; embora o atestado seja leg\u00edtimo.<\/li>\n<\/ul>\n<p><h2>Quando um trabalhador pode ser afastado do trabalho por doen\u00e7a?<\/h2>\n<\/p>\n<p> Para que um funcion\u00e1rio possa ser afastado do trabalho por doen\u00e7a, ele precisa receber um atestado m\u00e9dico com um pedido de afastamento. <\/p>\n<p> O que gera o direito ao benef\u00edcio \u00e9 a incapacidade de exercer sua atividade profissional por consequ\u00eancia da doen\u00e7a, afirma a advogada Carla Benedetti, mestre em direto previdenci\u00e1rio. <\/p>\n<p> A partir disso, &quot;os primeiros 15 dias de afastamento ser\u00e3o custeados pela empresa e, ap\u00f3s, a responsabilidade \u00e9 transferida ao INSS&quot;, explica Larissa Maschio Escuder, coordenadora da \u00e1rea trabalhista do Jorge Advogados. <\/p>\n<p> Em seguida, o INSS vai submeter o empregado a uma per\u00edcia m\u00e9dica para avaliar o tempo necess\u00e1rio de afastamento e se ele tem direito ao aux\u00edlio-doen\u00e7a. <\/p>\n<p> J\u00e1 se o trabalhador tiver uma <a class href=\"https:\/\/g1.globo.com\/trabalho-e-carreira\/noticia\/2023\/11\/30\/veja-quais-direitos-tem-o-funcionario-com-doenca-relacionada-ao-trabalho.ghtml\">doen\u00e7a relacionada ao trabalho<\/a>, a empresa precisa emitir a Comunica\u00e7\u00e3o de Acidente de Trabalho (CAT) para que ele consiga o aux\u00edlio-acident\u00e1rio, modalidade que garante a estabilidade de 12 meses ap\u00f3s a alta. <\/p>\n<p><h2>Quem tem direito ao aux\u00edlio-doen\u00e7a do INSS?<\/h2>\n<\/p>\n<p> Qualquer pessoa que seja segurada tem direito ao aux\u00edlio-doen\u00e7a, incluindo empregados CLT, aut\u00f4nomos, empreendedores, facultativos ou contribuintes individuais. <\/p>\n<p> &quot;E se a pessoa estiver desempregada, ela tem uma car\u00eancia de 12 meses, no caso de acidente do trabalho, para pleitear o benef\u00edcio ainda na qualidade de segurado&quot;, pontua Marcelo Martins, membro da Comiss\u00e3o da Advocacia Trabalhista da OAB-SP. <\/p>\n<p> &quot;O aux\u00edlio-doen\u00e7a \u00e9 calculado de acordo com a m\u00e9dia simples dos maiores sal\u00e1rios de contribui\u00e7\u00e3o do empregado ao INSS&quot;, esclarece Rodrigo Mattos S\u00e9rvulo de Faria, advogado trabalhista do escrit\u00f3rio Almeida Advogados. <\/p>\n<p><h2>Veja mais sobre direitos do trabalhador:<\/h2>\n<\/p>\n<p>                   <img loading=\"lazy\" decoding=\"async\" class=\"aligncenter size-full wp-image-56414\" src=\"https:\/\/blog.corretoraideal.com.br\/wp-content\/uploads\/2024\/01\/licencas-remuneradas-e-nao-remuneradas-do-trabalho-veja-quais-sao-e-entenda-regras.jpeg\" alt=\"Licen\u00e7as remuneradas e n\u00e3o remuneradas do trabalho: veja quais s\u00e3o e entenda regras\u00a0\" width=\"800\" height=\"400\" \/>       <\/p>\n<p> Licen\u00e7as remuneradas e n\u00e3o remuneradas do trabalho: veja quais s\u00e3o e entenda regras\u00a0 <\/p>\n<p>                    <img loading=\"lazy\" decoding=\"async\" class=\"aligncenter size-full wp-image-56415\" src=\"https:\/\/blog.corretoraideal.com.br\/wp-content\/uploads\/2024\/01\/nova-lei-da-igualdade-salarial-saiba-os-principais-pontos.jpeg\" alt=\"Nova lei da igualdade salarial: saiba os principais pontos\" width=\"800\" height=\"400\" \/>       <\/p>\n<p> Nova lei da igualdade salarial: saiba os principais pontos <\/p>\n<p>                    <img loading=\"lazy\" decoding=\"async\" class=\"aligncenter size-full wp-image-56416\" src=\"https:\/\/blog.corretoraideal.com.br\/wp-content\/uploads\/2024\/01\/saiba-quantos-dias-de-ferias-podem-ser-descontados-por-conta-das-faltas-injustificadas.jpeg\" alt=\"Saiba quantos dias de f\u00e9rias podem ser descontados por conta das faltas injustificadas\" width=\"800\" height=\"400\" \/>       <\/p>\n<p> Saiba quantos dias de f\u00e9rias podem ser descontados por conta das faltas injustificadas <\/p>\n<ul>\n<li> <a href=\"https:\/\/g1.globo.com\/tudo-sobre\/dataprev\/\" class=\"entities__list-itemLink\" data-track-click=\"Dataprev\"> Dataprev <\/a> <\/li>\n<li> <a href=\"https:\/\/g1.globo.com\/tudo-sobre\/inss\/\" class=\"entities__list-itemLink\" data-track-click=\"INSS\"> INSS <\/a> <\/li>\n<li> <a href=\"https:\/\/g1.globo.com\/tudo-sobre\/ministerio-da-previdencia-social\/\" class=\"entities__list-itemLink\" data-track-click=\"Minist\u00e9rio da Previd\u00eancia Social\"> Minist\u00e9rio da Previd\u00eancia Social <\/a> <\/li>\n<\/ul>\n<h3> <a id=\"js-next-article-desktop-link\" class=\"next-article-desktop-link\"><\/a> <\/h3>\n<h3> <a id=\"js-next-article-smart-link\" class=\"next-article-smart-link\"><\/a> <\/h3>\n<p>Veja tamb\u00e9m<\/p>\n<\/p>\n<\/p>\n<p>       Anterior   Pr\u00f3ximo     <\/p>\n","protected":false},"excerpt":{"rendered":"<p>INSS come\u00e7a a usar intelig\u00eancia artificial para detectar fraudes em atestados para aux\u00edlio-doen\u00e7a Rob\u00f4 da Dataprev vai fazer uma varredura nos atestados m\u00e9dicos enviados pela internet. Em 2023, quase metade dos documentos emitidos n\u00e3o foi aceita pelo INSS. Por Bom Dia Brasil 15\/01\/2024 09h17 Atualizado 15\/01\/2024 1 de 1&#013;Per\u00edcia m\u00e9dica \u00e9 necess\u00e1ria para obter aux\u00edlio-doen\u00e7a [&hellip;]<\/p>\n","protected":false},"author":1,"featured_media":0,"comment_status":"closed","ping_status":"closed","sticky":false,"template":"","format":"standard","meta":{"footnotes":""},"categories":[],"tags":[],"class_list":["post-56412","post","type-post","status-publish","format-standard","hentry"],"_links":{"self":[{"href":"https:\/\/blog.corretoraideal.com.br\/index.php\/wp-json\/wp\/v2\/posts\/56412","targetHints":{"allow":["GET"]}}],"collection":[{"href":"https:\/\/blog.corretoraideal.com.br\/index.php\/wp-json\/wp\/v2\/posts"}],"about":[{"href":"https:\/\/blog.corretoraideal.com.br\/index.php\/wp-json\/wp\/v2\/types\/post"}],"author":[{"embeddable":true,"href":"https:\/\/blog.corretoraideal.com.br\/index.php\/wp-json\/wp\/v2\/users\/1"}],"replies":[{"embeddable":true,"href":"https:\/\/blog.corretoraideal.com.br\/index.php\/wp-json\/wp\/v2\/comments?post=56412"}],"version-history":[{"count":1,"href":"https:\/\/blog.corretoraideal.com.br\/index.php\/wp-json\/wp\/v2\/posts\/56412\/revisions"}],"predecessor-version":[{"id":56417,"href":"https:\/\/blog.corretoraideal.com.br\/index.php\/wp-json\/wp\/v2\/posts\/56412\/revisions\/56417"}],"wp:attachment":[{"href":"https:\/\/blog.corretoraideal.com.br\/index.php\/wp-json\/wp\/v2\/media?parent=56412"}],"wp:term":[{"taxonomy":"category","embeddable":true,"href":"https:\/\/blog.corretoraideal.com.br\/index.php\/wp-json\/wp\/v2\/categories?post=56412"},{"taxonomy":"post_tag","embeddable":true,"href":"https:\/\/blog.corretoraideal.com.br\/index.php\/wp-json\/wp\/v2\/tags?post=56412"}],"curies":[{"name":"wp","href":"https:\/\/api.w.org\/{rel}","templated":true}]}}