{"id":56421,"date":"2024-01-16T00:29:42","date_gmt":"2024-01-16T00:29:42","guid":{"rendered":"https:\/\/blog.corretoraideal.com.br\/?p=56421"},"modified":"2024-01-16T00:29:42","modified_gmt":"2024-01-16T00:29:42","slug":"foragido-apos-sair-de-presidio-para-visita-de-natal-e-capturado-e-flagrado-com-drogas-em-campos-norte-fluminense-g1","status":"publish","type":"post","link":"https:\/\/blog.corretoraideal.com.br\/index.php\/2024\/01\/16\/foragido-apos-sair-de-presidio-para-visita-de-natal-e-capturado-e-flagrado-com-drogas-em-campos-norte-fluminense-g1\/","title":{"rendered":"Foragido ap\u00f3s sair de pres\u00eddio para visita de Natal \u00e9 capturado e flagrado com drogas em Campos | Norte Fluminense | G1"},"content":{"rendered":"<br \/>\n<h1>Foragido ap\u00f3s sair de pres\u00eddio para visita de Natal \u00e9 capturado e flagrado com drogas em Campos<\/h1>\n<h2>Homem foi um dos 250 presos do estado do Rio que n\u00e3o voltou da visita peri\u00f3dica ao lar (VPL) do Natal. A\u00e7\u00e3o das pol\u00edcias Penal e Militar ocorreu no bairro Travess\u00e3o.<\/h2>\n<p> Por Yuri Ramos, Lilia Bustilho, g1 &mdash; Campos <\/p>\n<p>  15\/01\/2024 12h39    Atualizado  15\/01\/2024    <\/p>\n<p>                   1 de 2&#013;Foragido de sa\u00edda do Natal foi recapturado nesta segunda no distrito de Travess\u00e3o, em Campos \u2014 Foto: Divulga\u00e7\u00e3o pol\u00edcias Militar e Penal    <\/p>\n<p> Foragido de sa\u00edda do Natal foi recapturado nesta segunda no distrito de Travess\u00e3o, em Campos \u2014 Foto: Divulga\u00e7\u00e3o pol\u00edcias Militar e Penal <\/p>\n<p> Um homem de 26 anos, que era um dos 250 presos do estado do Rio que n\u00e3o voltou da Visita Peri\u00f3dica ao Lar (VPL), a chamada sa\u00edda tempor\u00e1ria de Natal, foi recapturado nesta segunda-feira (15) no bairro Travess\u00e3o, em <a class href=\"https:\/\/g1.globo.com\/rj\/norte-fluminense\/cidade\/campos-dos-goytacazes\/\">Campos dos Goytacazes<\/a>, no Norte Fluminense. <\/p>\n<p> O suspeito estava evadido do pres\u00eddio Carlos Tinoco da Fonseca. De acordo com a pol\u00edcia, o homem exerce uma fun\u00e7\u00e3o de ger\u00eancia do tr\u00e1fico na localidade. <\/p>\n<p> Ap\u00f3s trabalho de intelig\u00eancia, policiais militares do 8\u00ba BPM em conjunto com policiais penais da Subsecretaria de Intelig\u00eancia do Sistema Penitenci\u00e1rio (Ssispen) realizaram uma opera\u00e7\u00e3o no Parque Santu\u00e1rio, em Travess\u00e3o de Campos, para prender o suspeito. <\/p>\n<p> Os agentes chegaram na resid\u00eancia do foragido por volta das 6h, onde o localizaram. <\/p>\n<p> De acordo com a pol\u00edcia, dentro do quintal da casa, foi achado um fio que entrava na janela e saia em um terreno baldio que fica ao lado da resid\u00eancia. Quando o fio foi puxado, a pol\u00edcia encontrou uma sacola pl\u00e1stica contendo 22 pedras de crack e 62 pinos de coca\u00edna. <\/p>\n<p>         2 de 2&#013;Pol\u00edcia ainda encontrou crack e coca\u00edna com foragido em Campos \u2014 Foto: Pol\u00edcias Penal e Militar\/Divulga\u00e7\u00e3o    <\/p>\n<p> Pol\u00edcia ainda encontrou crack e coca\u00edna com foragido em Campos \u2014 Foto: Pol\u00edcias Penal e Militar\/Divulga\u00e7\u00e3o <\/p>\n<p> O homem foi levado \u00e0 delegacia onde foi preso em flagrante por tr\u00e1fico de drogas. <\/p>\n<p> O mandado de pris\u00e3o pela evas\u00e3o do pres\u00eddio tamb\u00e9m foi cumprido. Ele retornou ao pres\u00eddio onde aguarda a audi\u00eancia de cust\u00f3dia pela pris\u00e3o em flagrante por tr\u00e1fico de drogas e responder\u00e1 ao novo fato \u00e0 disposi\u00e7\u00e3o da Justi\u00e7a na unidade prisional. <\/p>\n<ul>\n<li> <a href=\"https:\/\/g1.globo.com\/rj\/norte-fluminense\/cidade\/campos-dos-goytacazes\/\" class=\"entities__list-itemLink\" data-track-click=\"Campos dos Goytacazes\"> Campos dos Goytacazes <\/a> <\/li>\n<\/ul>\n<h3> <a id=\"js-next-article-desktop-link\" class=\"next-article-desktop-link\"><\/a> <\/h3>\n<h3> <a id=\"js-next-article-smart-link\" class=\"next-article-smart-link\"><\/a> <\/h3>\n<p>Veja tamb\u00e9m<\/p>\n<\/p>\n<\/p>\n<p>       Anterior   Pr\u00f3ximo     <\/p>\n","protected":false},"excerpt":{"rendered":"<p>Foragido ap\u00f3s sair de pres\u00eddio para visita de Natal \u00e9 capturado e flagrado com drogas em Campos Homem foi um dos 250 presos do estado do Rio que n\u00e3o voltou da visita peri\u00f3dica ao lar (VPL) do Natal. A\u00e7\u00e3o das pol\u00edcias Penal e Militar ocorreu no bairro Travess\u00e3o. Por Yuri Ramos, Lilia Bustilho, g1 &mdash; [&hellip;]<\/p>\n","protected":false},"author":1,"featured_media":0,"comment_status":"closed","ping_status":"closed","sticky":false,"template":"","format":"standard","meta":{"footnotes":""},"categories":[],"tags":[],"class_list":["post-56421","post","type-post","status-publish","format-standard","hentry"],"_links":{"self":[{"href":"https:\/\/blog.corretoraideal.com.br\/index.php\/wp-json\/wp\/v2\/posts\/56421","targetHints":{"allow":["GET"]}}],"collection":[{"href":"https:\/\/blog.corretoraideal.com.br\/index.php\/wp-json\/wp\/v2\/posts"}],"about":[{"href":"https:\/\/blog.corretoraideal.com.br\/index.php\/wp-json\/wp\/v2\/types\/post"}],"author":[{"embeddable":true,"href":"https:\/\/blog.corretoraideal.com.br\/index.php\/wp-json\/wp\/v2\/users\/1"}],"replies":[{"embeddable":true,"href":"https:\/\/blog.corretoraideal.com.br\/index.php\/wp-json\/wp\/v2\/comments?post=56421"}],"version-history":[{"count":1,"href":"https:\/\/blog.corretoraideal.com.br\/index.php\/wp-json\/wp\/v2\/posts\/56421\/revisions"}],"predecessor-version":[{"id":56423,"href":"https:\/\/blog.corretoraideal.com.br\/index.php\/wp-json\/wp\/v2\/posts\/56421\/revisions\/56423"}],"wp:attachment":[{"href":"https:\/\/blog.corretoraideal.com.br\/index.php\/wp-json\/wp\/v2\/media?parent=56421"}],"wp:term":[{"taxonomy":"category","embeddable":true,"href":"https:\/\/blog.corretoraideal.com.br\/index.php\/wp-json\/wp\/v2\/categories?post=56421"},{"taxonomy":"post_tag","embeddable":true,"href":"https:\/\/blog.corretoraideal.com.br\/index.php\/wp-json\/wp\/v2\/tags?post=56421"}],"curies":[{"name":"wp","href":"https:\/\/api.w.org\/{rel}","templated":true}]}}