{"id":56424,"date":"2024-01-16T02:29:55","date_gmt":"2024-01-16T02:29:55","guid":{"rendered":"https:\/\/blog.corretoraideal.com.br\/?p=56424"},"modified":"2024-01-16T02:29:55","modified_gmt":"2024-01-16T02:29:55","slug":"precos-dos-ovos-tem-menor-cotacao-em-2-anos-no-mercado-domestico-e-gripe-aviaria-impulsiona-exportacoes-aponta-cepea-usp-piracicaba-e-regiao-g1","status":"publish","type":"post","link":"https:\/\/blog.corretoraideal.com.br\/index.php\/2024\/01\/16\/precos-dos-ovos-tem-menor-cotacao-em-2-anos-no-mercado-domestico-e-gripe-aviaria-impulsiona-exportacoes-aponta-cepea-usp-piracicaba-e-regiao-g1\/","title":{"rendered":"Pre\u00e7os dos ovos t\u00eam menor cota\u00e7\u00e3o em 2 anos no mercado dom\u00e9stico e gripe avi\u00e1ria impulsiona exporta\u00e7\u00f5es, aponta Cepea-USP | Piracicaba e Regi\u00e3o | G1"},"content":{"rendered":"<br \/>\n<h1>Pre\u00e7os dos ovos t\u00eam menor cota\u00e7\u00e3o em 2 anos no mercado dom\u00e9stico e gripe avi\u00e1ria impulsiona exporta\u00e7\u00f5es, aponta Cepea-USP<\/h1>\n<h2>Pesquisas do Cepea, de Piracicaba (SP), mostram valor do alimento j\u00e1 vinha em tend\u00eancia de queda desde 2023. Movimento de baixa, agora, \u00e9 resultado da maior oferta do produto internamente e do enfraquecimento das vendas. <\/h2>\n<p> Por g1 Piracicaba e Regi\u00e3o <\/p>\n<p>  15\/01\/2024 13h09    Atualizado  15\/01\/2024    <\/p>\n<ul>\n<li>\n<p> Pre\u00e7os dos ovos t\u00eam menor cota\u00e7\u00e3o em 2 anos no mercado dom\u00e9stico e gripe avi\u00e1ria impulsiona exporta\u00e7\u00f5es, aponta Cepea-USP. <\/p>\n<\/li>\n<li>\n<p> S\u00e3o os menores pre\u00e7os desde janeiro de 2022, e segundo pesquisadores do Cepea, o movimento de baixa \u00e9 resultado da maior oferta do produto internamente e do enfraquecimento das vendas. <\/p>\n<\/li>\n<li>\n<p> Quanto \u00e0s exporta\u00e7\u00f5es, embarques brasileiros de ovos, incluindo produtos in natura e processados, somaram 25,4 mil toneladas no ano passado. Aumento nas embarca\u00e7\u00f5es do alimento \u00e9 resultado dos impactos causados pela grive avi\u00e1ria. <\/p>\n<\/li>\n<\/ul>\n<p> Pre\u00e7os dos ovos t\u00eam menor cota\u00e7\u00e3o em 2 anos no mercado dom\u00e9stico e gripe avi\u00e1ria impulsiona exporta\u00e7\u00f5es, aponta Cepea-USP. <\/p>\n<p> S\u00e3o os menores pre\u00e7os desde janeiro de 2022, e segundo pesquisadores do Cepea, o movimento de baixa \u00e9 resultado da maior oferta do produto internamente e do enfraquecimento das vendas. <\/p>\n<p> Quanto \u00e0s exporta\u00e7\u00f5es, embarques brasileiros de ovos, incluindo produtos in natura e processados, somaram 25,4 mil toneladas no ano passado. Aumento nas embarca\u00e7\u00f5es do alimento \u00e9 resultado dos impactos causados pela grive avi\u00e1ria. <\/p>\n<p>         1 de 3&#013;Pre\u00e7o do ovo caiu em setembro \u2014 Foto: Reprodu\u00e7\u00e3o\/Bom Dia Brasil    <\/p>\n<p> Pre\u00e7o do ovo caiu em setembro \u2014 Foto: Reprodu\u00e7\u00e3o\/Bom Dia Brasil <\/p>\n<p> Os <strong>pre\u00e7os dos ovos anos registraram novas quedas no in\u00edcio de janeiro de 2024 e atingiram menor cota\u00e7\u00e3o em dois anos no mercado dom\u00e9stico<\/strong>, de acordo com levantamento do Centro de Estudos Avan\u00e7ados em Economia Aplicada (Cepea) do campus da Universidade de S\u00e3o Paulo (USP), em <a class href=\"https:\/\/g1.globo.com\/sp\/piracicaba-regiao\/cidade\/piracicaba\/\">Piracicaba (SP)<\/a>, divulgado nesta segunda-feira (15). Por outro lado, o <strong>cen\u00e1rio das exporta\u00e7\u00f5es, por\u00e9m, \u00e9 impulsionado<\/strong>. &#8211; ?<strong>Leia mais, abaixo.<\/strong> <\/p>\n<ul>\n<li><a class href=\"https:\/\/chat.whatsapp.com\/GRzCsowTlIq5O2v8n2lr7f\" target=\"_blank\" rel=\"noopener noreferrer\"><strong>? Receba no WhatsApp not\u00edcias da regi\u00e3o de Piracicaba<\/strong><\/a><\/li>\n<\/ul>\n<p> No mercado dom\u00e9stico, <strong>s\u00e3o os menores pre\u00e7os desde janeiro de 2022<\/strong>, e segundo pesquisadores do Cepea, o <strong>movimento de baixa \u00e9 resultado da maior oferta do produto internamente e do enfraquecimento das vendas<\/strong>. <\/p>\n<p> A varia\u00e7\u00e3o negativa alcan\u00e7a 3,26% entre os valores dos ovos vermelhos e 1,14% entre os pre\u00e7os dos ovos brancos nas regi\u00f5es acompanhadas pelo Cepea no \u00faltimo dia 12 de janeiro. <\/p>\n<p>  Pre\u00e7o Ovos comercias\/ Caixa com 30 d\u00fazias   <\/p>\n<p><h2>Gripe avi\u00e1ria e exporta\u00e7\u00f5es<\/h2>\n<\/p>\n<p> Quanto \u00e0s exporta\u00e7\u00f5es, os <strong>embarques brasileiros de ovos, incluindo produtos in natura e processados, somaram 25,4 mil toneladas no ano passado<\/strong>. O aumento nas embarca\u00e7\u00f5es do alimento \u00e9 resultado dos impactos causados pela grive avi\u00e1ria, conforme aponta o Cepea. <\/p>\n<p>&quot;A quantidade \u00e9 quase tr\u00eas vezes maior que o total escoado em 2022 e a mais alta em onze anos, segundo dados da Secex. Esse aumento das vendas externas \u00e9 reflexo principalmente dos casos de Influenza Avi\u00e1ria que atingiram plant\u00e9is comerciais de diversos pa\u00edses, fazendo com que parte da demanda internacional fosse redirecionada para o Brasil&quot;, aponta o instituto de pesquisa.<\/p>\n<p><h2><strong>Altas temperaturas e baixa nos pre\u00e7os<\/strong><\/h2>\n<\/p>\n<p> A <strong>onda de calor<\/strong>, registrada nos \u00faltimos dias de inverno em todo estado de S\u00e3o Paulo e grande parte do Brasil, <strong>impactou diretamente a produ\u00e7\u00e3o e a venda de ovos <\/strong>na maioria da pra\u00e7as acompanhadas pelo Cepea em setembro de 2023. O <strong>estresse t\u00e9rmico levou \u00e0 morte de galinhas<\/strong>. <\/p>\n<p> Em <strong>Bastos (SP), no interior de SP, produtores consultados pelo instituto relataram a morte at\u00e9 400 galinhas por dia no per\u00edodo, segundo o Cepea.<\/strong> <\/p>\n<p> A tend\u00eancia \u00e9 de melhora para o in\u00edcio de outubro, releva analista do setor. ?<strong>Leia mais, abaixo<\/strong>. <\/p>\n<p><h2>Por que o pre\u00e7o do ovo caiu em 2023? <\/h2>\n<\/p>\n<p> A <strong>combina\u00e7\u00e3o do clima extremamente quente<\/strong>, com<strong> temperaturas m\u00e1ximas de 40\u00baC<\/strong> entre os dias 23 e 28 de setembro, e <strong>mercado mais lento <\/strong>devido \u00e0 <strong>procura enfraquecida<\/strong> comum neste per\u00edodo e <strong>oferta abundante<\/strong>, fizeram os pre\u00e7os, que j\u00e1 vinham em movimento de queda, recuarem em at\u00e9 quase 8% dentro do m\u00eas. <\/p>\n<p>         2 de 3&#013;Granja em Bastos produz 20% de todos os ovos consumidos no Brasil \u2014 Foto: TV TEM\/Reprodu\u00e7\u00e3o    <\/p>\n<p> Granja em Bastos produz 20% de todos os ovos consumidos no Brasil \u2014 Foto: TV TEM\/Reprodu\u00e7\u00e3o <\/p>\n<p><h2>Alimento perec\u00edvel <\/h2>\n<\/p>\n<p> Por ser um alimento perec\u00edvel, os produtores resolveram dar mais descontos para poder escoar os estoques. Em 14 de setembro, o pre\u00e7o dos ovos comerciais na caixa com 30 d\u00fazias era de R$ 145, segundo cota\u00e7\u00e3o do Cepea. No \u00faltimo dia 28, o valor chegou a R$ 134, uma redu\u00e7\u00e3o de 7,6%. <\/p>\n<p>&quot;A forte onda de calor que atinge grande parte do Brasil e a oferta abundante levaram muitos produtores a intensificarem os descontos para escoar o produto, visto que altas temperaturas reduzem a vida \u00fatil dos ovos&quot;, explicou a analista do Cepea para o setor, Juliana Ferraz. <\/p>\n<p> Conforme avicultores consultados, o mercado esteve bastante lento nos \u00faltimos dias, o que tamb\u00e9m acabou elevando os estoques. &quot;J\u00e1 do lado comprador, os agentes fizeram press\u00e3o sobre os valores da prote\u00edna, baseados nos menores tamanho e vida \u00fatil do produto&quot;, acrescentou. <\/p>\n<p>         3 de 3&#013;Pre\u00e7os dos ovos registram queda ap\u00f3s onda de calor \u2014 Foto: Claudia Assencio\/g1    <\/p>\n<p> Pre\u00e7os dos ovos registram queda ap\u00f3s onda de calor \u2014 Foto: Claudia Assencio\/g1 <\/p>\n<p><h2>Tend\u00eancia <\/h2>\n<\/p>\n<p> De acordo com a especialista, a perspectiva \u00e9 de melhora no cen\u00e1rio do mercado de ovos para os primeiros dias de outubro. A rela\u00e7\u00e3o oferta e demanda tamb\u00e9m dever\u00e1 ser diferente. <\/p>\n<p>&quot;Pode at\u00e9 ter uma alta no in\u00edcio de outubro, que \u00e9 quando a procura tende a crescer. A grande massa da popula\u00e7\u00e3o recebe no in\u00edcio de m\u00eas, ent\u00e3o pode haver esse movimento de melhora. Alguns produtores relataram que perderam a \u00e1gua&quot;, pontuou.<\/p>\n<p> A mortalidade aumentou nesse per\u00edodo para alguns produtores. &quot;Alguns deles, principalmente na regi\u00e3o de Bastos, perderam cerca de 400 galinhas por dia&quot;, exemplificou. <\/p>\n<p> Juliana ressalta que nem todos os produtores consultados pelo Cepea s\u00e3o impactados pela onda de calor. &quot;Muitos t\u00eam galp\u00f5es climatizados&quot;, ponderou. <\/p>\n<p><h2>Queda at\u00edpica no inverno<\/h2>\n<\/p>\n<p> O valor comercial dos ovos, que j\u00e1 registrava movimento de queda, continuou em recuo no \u00faltimo trimestre, mesmo no inverno. Os pre\u00e7os registraram baixa de at\u00e9 23,5% entre junho e agosto. As ondas de calor costumam afetar mais produ\u00e7\u00e3o no ver\u00e3o. <\/p>\n<p> O cen\u00e1rio de altas temperaturas que provocam estresse t\u00e9rmico que faz com que as aves se alimentem menos e botem ovos menores, impactando na escolha do produto. <\/p>\n<p><h2>V\u00cdDEOS: tudo sobre Piracicaba e regi\u00e3o<\/h2>\n<\/p>\n<p>   <a href=\"https:\/\/g1.globo.com\/sp\/piracicaba-regiao\/edicao\/2021\/02\/08\/videos-tudo-sobre-piracicaba-e-regiao.ghtml\">    50 v\u00eddeos      <\/a>   <\/p>\n<p> <a class href=\"https:\/\/g1.globo.com\/sp\/piracicaba-regiao\/\">Veja mais not\u00edcias da regi\u00e3o no g1 Piracicaba<\/a> <\/p>\n<ul>\n<li> <a href=\"https:\/\/g1.globo.com\/sp\/piracicaba-regiao\/cidade\/piracicaba\/\" class=\"entities__list-itemLink\" data-track-click=\"Piracicaba\"> Piracicaba <\/a> <\/li>\n<\/ul>\n<h3> <a id=\"js-next-article-desktop-link\" class=\"next-article-desktop-link\"><\/a> <\/h3>\n<h3> <a id=\"js-next-article-smart-link\" class=\"next-article-smart-link\"><\/a> <\/h3>\n<p>Veja tamb\u00e9m<\/p>\n<\/p>\n<\/p>\n<p>       Anterior   Pr\u00f3ximo     <\/p>\n","protected":false},"excerpt":{"rendered":"<p>Pre\u00e7os dos ovos t\u00eam menor cota\u00e7\u00e3o em 2 anos no mercado dom\u00e9stico e gripe avi\u00e1ria impulsiona exporta\u00e7\u00f5es, aponta Cepea-USP Pesquisas do Cepea, de Piracicaba (SP), mostram valor do alimento j\u00e1 vinha em tend\u00eancia de queda desde 2023. Movimento de baixa, agora, \u00e9 resultado da maior oferta do produto internamente e do enfraquecimento das vendas. Por [&hellip;]<\/p>\n","protected":false},"author":1,"featured_media":0,"comment_status":"closed","ping_status":"closed","sticky":false,"template":"","format":"standard","meta":{"footnotes":""},"categories":[],"tags":[],"class_list":["post-56424","post","type-post","status-publish","format-standard","hentry"],"_links":{"self":[{"href":"https:\/\/blog.corretoraideal.com.br\/index.php\/wp-json\/wp\/v2\/posts\/56424","targetHints":{"allow":["GET"]}}],"collection":[{"href":"https:\/\/blog.corretoraideal.com.br\/index.php\/wp-json\/wp\/v2\/posts"}],"about":[{"href":"https:\/\/blog.corretoraideal.com.br\/index.php\/wp-json\/wp\/v2\/types\/post"}],"author":[{"embeddable":true,"href":"https:\/\/blog.corretoraideal.com.br\/index.php\/wp-json\/wp\/v2\/users\/1"}],"replies":[{"embeddable":true,"href":"https:\/\/blog.corretoraideal.com.br\/index.php\/wp-json\/wp\/v2\/comments?post=56424"}],"version-history":[{"count":1,"href":"https:\/\/blog.corretoraideal.com.br\/index.php\/wp-json\/wp\/v2\/posts\/56424\/revisions"}],"predecessor-version":[{"id":56426,"href":"https:\/\/blog.corretoraideal.com.br\/index.php\/wp-json\/wp\/v2\/posts\/56424\/revisions\/56426"}],"wp:attachment":[{"href":"https:\/\/blog.corretoraideal.com.br\/index.php\/wp-json\/wp\/v2\/media?parent=56424"}],"wp:term":[{"taxonomy":"category","embeddable":true,"href":"https:\/\/blog.corretoraideal.com.br\/index.php\/wp-json\/wp\/v2\/categories?post=56424"},{"taxonomy":"post_tag","embeddable":true,"href":"https:\/\/blog.corretoraideal.com.br\/index.php\/wp-json\/wp\/v2\/tags?post=56424"}],"curies":[{"name":"wp","href":"https:\/\/api.w.org\/{rel}","templated":true}]}}