{"id":56427,"date":"2024-01-16T12:29:56","date_gmt":"2024-01-16T12:29:56","guid":{"rendered":"https:\/\/blog.corretoraideal.com.br\/?p=56427"},"modified":"2024-01-16T12:29:56","modified_gmt":"2024-01-16T12:29:56","slug":"dolar-abre-em-alta-com-pessimismo-de-investidores-pelo-mundi-economia-g1","status":"publish","type":"post","link":"https:\/\/blog.corretoraideal.com.br\/index.php\/2024\/01\/16\/dolar-abre-em-alta-com-pessimismo-de-investidores-pelo-mundi-economia-g1\/","title":{"rendered":"D\u00f3lar abre em alta com pessimismo de investidores pelo mundi | Economia | G1"},"content":{"rendered":"<br \/>\n<h1>D\u00f3lar abre em alta com pessimismo de investidores pelo mundi<\/h1>\n<h2>Em dia de feriado do dia de Martin Luther King nos EUA, a moeda norte-americana subiu 0,18%, cotada a R$ 4,8657. J\u00e1 o principal \u00edndice de a\u00e7\u00f5es da bolsa de valores avan\u00e7ou 0,41%, aos 131.521 pontos.<\/h2>\n<p> Por g1 <\/p>\n<p>  16\/01\/2024 09h04    Atualizado  16\/01\/2024    <\/p>\n<p>                      1 de 1&#013;C\u00e9dulas de d\u00f3lar \u2014 Foto: bearfotos\/Freepik    <\/p>\n<p> C\u00e9dulas de d\u00f3lar \u2014 Foto: bearfotos\/Freepik <\/p>\n<p> O d\u00f3lar abriu em alta nesta ter\u00e7a-feira (16), em um dia marcado por um maior pessimismo em n\u00edvel global, enquanto investidores aguardam novos dados econ\u00f4micos na China e a continuidade da temporada de bala\u00e7os corporativos do quarto trimestre de 2023 nos <a class href=\"https:\/\/g1.globo.com\/tudo-sobre\/estados-unidos\/\">Estados Unidos<\/a>. <\/p>\n<p> Novas tens\u00f5es envolvendo a maior economia do mundo pesam sobre os neg\u00f3cios, depois do Ir\u00e3 atacar com m\u00edsseis as proximidades do consulado americano no Iraque. <\/p>\n<p> No Brasil, \u00e9 o cen\u00e1rio pol\u00edtico que continua no radar, com destaque para as negocia\u00e7\u00f5es envolvendo a desonera\u00e7\u00e3o da folha de pagamentos e a arrecada\u00e7\u00e3o do governo federal. <\/p>\n<p> <strong>Veja abaixo o resumo dos mercados.<\/strong> <\/p>\n<p><h2>D\u00f3lar<\/h2>\n<\/p>\n<p> \u00c0s 09h03, o d\u00f3lar subia 0,60%, cotado a R$ 4,8949. <a class href=\"https:\/\/valor.globo.com\/valor-data\/\">Veja mais cota\u00e7\u00f5es.<\/a> <\/p>\n<p> No dia anterior, a moeda norte-americana subiu 0,18%, cotada a R$ 4,8657. <\/p>\n<p> Com o resultado, acumulou: <\/p>\n<ul>\n<li><strong>altas de 0,18% na semana;<\/strong><\/li>\n<li><strong>e ganhos de 0,27% no m\u00eas e no ano.<\/strong><\/li>\n<\/ul>\n<p><h2><a class href=\"https:\/\/g1.globo.com\/tudo-sobre\/ibovespa\/\">Ibovespa<\/a><\/h2>\n<\/p>\n<p> O Ibovespa s\u00f3 come\u00e7a a operar \u00e0s 10h. <\/p>\n<p> Na v\u00e9spera, o \u00edndice teve alta de 0,41%, aos 131.521 pontos. <\/p>\n<p> Com o resultado, acumulou: <\/p>\n<ul>\n<li><strong>avan\u00e7o de 0,41% na semana;<\/strong><\/li>\n<li><strong>quedas de 1,99% no m\u00eas e no ano.<\/strong><\/li>\n<\/ul>\n<p> <strong>LEIA TAMB\u00c9M<\/strong> <\/p>\n<ul>\n<li><strong>DINHEIRO OU CART\u00c3O? <\/strong><a class href=\"https:\/\/g1.globo.com\/economia\/noticia\/2022\/03\/26\/dinheiro-ou-cartao-qual-a-melhor-forma-de-levar-dolares-em-viagens.ghtml\">Qual a melhor forma de levar d\u00f3lares em viagens?<\/a><\/li>\n<li><strong>D\u00d3LAR: <\/strong><a class href=\"https:\/\/g1.globo.com\/economia\/noticia\/2022\/04\/05\/dolar-qual-o-melhor-momento-para-comprar.ghtml\">Qual o melhor momento para comprar a moeda? <\/a><\/li>\n<\/ul>\n<p>                   <img loading=\"lazy\" decoding=\"async\" class=\"aligncenter size-full wp-image-56429\" src=\"https:\/\/blog.corretoraideal.com.br\/wp-content\/uploads\/2024\/01\/entenda-o-que-faz-o-dolar-subir-ou-descer-5.jpeg\" alt=\"Entenda o que faz o d\u00f3lar subir ou descer\" width=\"800\" height=\"400\" \/>       <\/p>\n<p> Entenda o que faz o d\u00f3lar subir ou descer <\/p>\n<p><h2>O que est\u00e1 mexendo com os mercados?<\/h2>\n<\/p>\n<p> O destaque do dia nos mercados s\u00e3o os novos dados econ\u00f4micos na China e a expectativa por mais resultados da temporada de balan\u00e7os corporativos nos Estados Unidos. <\/p>\n<p> No pa\u00eds asi\u00e1tico, os n\u00fameros de crescimento econ\u00f4mico, atividade industrial, vendas no varejo e taxa de desemprego ser\u00e3o divulgados mais tarde, mas o primeiro-ministro chin\u00eas, Li Qiang, antecipou informa\u00e7\u00f5es em um discurso no F\u00f3rum de Davos, na Su\u00ed\u00e7a. <\/p>\n<p> Segundo ele, o produto Interno Bruto (PIB) da China cresceu cerca de 5,2% em 2023, um resultado que, se confirmado, fica acima das proje\u00e7\u00f5es do governo de alta de 5%. <\/p>\n<p> No entanto, o n\u00famero desagrada o mercado porque demonstra uma fraqueza da segunda maior economia do mundo e joga luz sobre as dificuldades que o pa\u00eds enfrenta em continuar crescendo. Isso porque, excluindo os anos da pandemia, esses 5,2% representam o menor crescimento da China desde 1990, segundo a ag\u00eancia de not\u00edcias Reuters. <\/p>\n<p> Nos Estados Unidos, as aten\u00e7\u00f5es est\u00e3o com a divulga\u00e7\u00e3o dos resultados dos bancos Goldman Sachs e Morgan Stanley, que podem trazer uma sinaliza\u00e7\u00e3o de como anda a economia do pa\u00eds. <\/p>\n<p> O cen\u00e1rio de pol\u00edtica internacional dos Estados Unidos tamb\u00e9m gera preocupa\u00e7\u00e3o ap\u00f3s o ataque com m\u00edsseis realizado pelo Ir\u00e3 pr\u00f3ximos ao consulado americano no Iraque ontem. <\/p>\n<p> Tamb\u00e9m na v\u00e9spera, os rebeldes do grupo Houthi atacaram com m\u00edssil um navio de propriedade americana no Mar Vermelho. <\/p>\n<p> O governo dos Estados Unidos informou que interceptou o ataque e que n\u00e3o houve feridos ou danos que impedissem a opera\u00e7\u00e3o do navio. Na semana passada, for\u00e7as americanas e brit\u00e2nicas bombardearam, no I\u00eamen, alvos do grupo rebelde Houthi, que recebe apoio militar do Ir\u00e3. <\/p>\n<ul>\n<li> <a href=\"https:\/\/g1.globo.com\/politica\/politico\/alexandre-padilha\/\" class=\"entities__list-itemLink\" data-track-click=\"Alexandre Padilha\"> Alexandre Padilha <\/a> <\/li>\n<li> <a href=\"https:\/\/g1.globo.com\/tudo-sobre\/bmf-bovespa\/\" class=\"entities__list-itemLink\" data-track-click=\"B3\"> B3 <\/a> <\/li>\n<li> <a href=\"https:\/\/g1.globo.com\/tudo-sobre\/estados-unidos\/\" class=\"entities__list-itemLink\" data-track-click=\"Estados Unidos\"> Estados Unidos <\/a> <\/li>\n<li> <a href=\"https:\/\/g1.globo.com\/tudo-sobre\/fed\/\" class=\"entities__list-itemLink\" data-track-click=\"FED\"> FED <\/a> <\/li>\n<li> <a href=\"https:\/\/g1.globo.com\/politica\/politico\/fernando-haddad\/\" class=\"entities__list-itemLink\" data-track-click=\"Fernando Haddad\"> Fernando Haddad <\/a> <\/li>\n<li> <a href=\"https:\/\/g1.globo.com\/tudo-sobre\/ibovespa\/\" class=\"entities__list-itemLink\" data-track-click=\"Ibovespa\"> Ibovespa <\/a> <\/li>\n<li> <a href=\"https:\/\/g1.globo.com\/tudo-sobre\/petrobras\/\" class=\"entities__list-itemLink\" data-track-click=\"Petrobras\"> Petrobras <\/a> <\/li>\n<\/ul>\n<h3> <a id=\"js-next-article-desktop-link\" class=\"next-article-desktop-link\"><\/a> <\/h3>\n<h3> <a id=\"js-next-article-smart-link\" class=\"next-article-smart-link\"><\/a> <\/h3>\n<p>Veja tamb\u00e9m<\/p>\n<\/p>\n<\/p>\n<p>       Anterior   Pr\u00f3ximo     <\/p>\n","protected":false},"excerpt":{"rendered":"<p>D\u00f3lar abre em alta com pessimismo de investidores pelo mundi Em dia de feriado do dia de Martin Luther King nos EUA, a moeda norte-americana subiu 0,18%, cotada a R$ 4,8657. J\u00e1 o principal \u00edndice de a\u00e7\u00f5es da bolsa de valores avan\u00e7ou 0,41%, aos 131.521 pontos. Por g1 16\/01\/2024 09h04 Atualizado 16\/01\/2024 1 de 1&#013;C\u00e9dulas [&hellip;]<\/p>\n","protected":false},"author":1,"featured_media":0,"comment_status":"closed","ping_status":"closed","sticky":false,"template":"","format":"standard","meta":{"footnotes":""},"categories":[],"tags":[],"class_list":["post-56427","post","type-post","status-publish","format-standard","hentry"],"_links":{"self":[{"href":"https:\/\/blog.corretoraideal.com.br\/index.php\/wp-json\/wp\/v2\/posts\/56427","targetHints":{"allow":["GET"]}}],"collection":[{"href":"https:\/\/blog.corretoraideal.com.br\/index.php\/wp-json\/wp\/v2\/posts"}],"about":[{"href":"https:\/\/blog.corretoraideal.com.br\/index.php\/wp-json\/wp\/v2\/types\/post"}],"author":[{"embeddable":true,"href":"https:\/\/blog.corretoraideal.com.br\/index.php\/wp-json\/wp\/v2\/users\/1"}],"replies":[{"embeddable":true,"href":"https:\/\/blog.corretoraideal.com.br\/index.php\/wp-json\/wp\/v2\/comments?post=56427"}],"version-history":[{"count":1,"href":"https:\/\/blog.corretoraideal.com.br\/index.php\/wp-json\/wp\/v2\/posts\/56427\/revisions"}],"predecessor-version":[{"id":56430,"href":"https:\/\/blog.corretoraideal.com.br\/index.php\/wp-json\/wp\/v2\/posts\/56427\/revisions\/56430"}],"wp:attachment":[{"href":"https:\/\/blog.corretoraideal.com.br\/index.php\/wp-json\/wp\/v2\/media?parent=56427"}],"wp:term":[{"taxonomy":"category","embeddable":true,"href":"https:\/\/blog.corretoraideal.com.br\/index.php\/wp-json\/wp\/v2\/categories?post=56427"},{"taxonomy":"post_tag","embeddable":true,"href":"https:\/\/blog.corretoraideal.com.br\/index.php\/wp-json\/wp\/v2\/tags?post=56427"}],"curies":[{"name":"wp","href":"https:\/\/api.w.org\/{rel}","templated":true}]}}