{"id":56436,"date":"2024-01-16T17:29:45","date_gmt":"2024-01-16T17:29:45","guid":{"rendered":"https:\/\/blog.corretoraideal.com.br\/?p=56436"},"modified":"2024-01-16T17:29:45","modified_gmt":"2024-01-16T17:29:45","slug":"defesa-civil-vai-ter-escritorio-de-emergencia-na-baixada-fluminense-diz-ministro-blog-ana-flor-g1","status":"publish","type":"post","link":"https:\/\/blog.corretoraideal.com.br\/index.php\/2024\/01\/16\/defesa-civil-vai-ter-escritorio-de-emergencia-na-baixada-fluminense-diz-ministro-blog-ana-flor-g1\/","title":{"rendered":"Defesa Civil vai ter escrit\u00f3rio de emerg\u00eancia na Baixada Fluminense, diz ministro | Blog Ana Flor | G1"},"content":{"rendered":"\n<p> Por Ana Flor <\/p>\n<p> Jornalista e comentarista da GloboNews.<\/p>\n<h1>Defesa Civil vai ter escrit\u00f3rio de emerg\u00eancia na Baixada Fluminense, diz ministro<\/h1>\n<\/p>\n<p>  16\/01\/2024 09h34    Atualizado  16\/01\/2024    <\/p>\n<p>                              <img loading=\"lazy\" decoding=\"async\" class=\"aligncenter size-full wp-image-56438\" src=\"https:\/\/blog.corretoraideal.com.br\/wp-content\/uploads\/2024\/01\/chuvas-no-rj-defesa-civil-fara-escritorio-na-baixada-fluminense-afirma-ministro-da-integracao.jpeg\" alt=\"Chuvas no RJ: Defesa Civil far\u00e1 escrit\u00f3rio na Baixada Fluminense, afirma ministro da Integra\u00e7\u00e3o\" width=\"800\" height=\"400\" \/>       <\/p>\n<p> Chuvas no RJ: Defesa Civil far\u00e1 escrit\u00f3rio na Baixada Fluminense, afirma ministro da Integra\u00e7\u00e3o <\/p>\n<p> A Secretaria Nacional de Prote\u00e7\u00e3o e Defesa Civil do governo federal vai instalar nesta ter\u00e7a-feira (16) um escrit\u00f3rio de emerg\u00eancia na Baixada Fluminense, no estado no Rio de Janeiro, em raz\u00e3o da gravidade das chuvas que afetaram a regi\u00e3o \u2013 e que podem voltar nos pr\u00f3ximos dias. <\/p>\n<p> A informa\u00e7\u00e3o foi dada ao <strong>blog <\/strong>pelo ministro do Desenvolvimento Regional, Waldez G\u00f3es, na manh\u00e3 desta ter\u00e7a. G\u00f3es coordena uma comitiva do governo federal que chega ao Rio ainda pela manh\u00e3 e deve se reunir com o governador Cl\u00e1udio Castro e com prefeitos. <\/p>\n<p> A preocupa\u00e7\u00e3o \u00e9 ajudar as prefeituras a liberar recursos com agilidade, para atender moradores atingidos e fazer obras emergenciais que evitem o agravamento da trag\u00e9dia com as chuvas futuras. <\/p>\n<p> O posto avan\u00e7ando tamb\u00e9m deve atuar em contato direto com a popula\u00e7\u00e3o atingida, ajudando a esclarecer a necessidade de prestar aten\u00e7\u00e3o aos alertas e \u00e0s ordens de evacua\u00e7\u00e3o, por exemplo. <\/p>\n<p>                   <img loading=\"lazy\" decoding=\"async\" class=\"aligncenter size-full wp-image-56439\" src=\"https:\/\/blog.corretoraideal.com.br\/wp-content\/uploads\/2024\/01\/moradores-do-rio-e-da-baixada-fluminense-calculam-perdas-com-a-chuva.jpeg\" alt=\"Moradores do Rio e da Baixada Fluminense calculam perdas com a chuva\" width=\"800\" height=\"400\" \/>       <\/p>\n<p> Moradores do Rio e da Baixada Fluminense calculam perdas com a chuva <\/p>\n<p> Muitas fam\u00edlias preferem n\u00e3o sair de casa para n\u00e3o deixar desatendidos os bens de uma vida inteira \u2013 ou por n\u00e3o para ter onde ir. <\/p>\n<p> Segundo o ministro, mesmo com a instala\u00e7\u00e3o do escrit\u00f3rio de emerg\u00eancia, as obras para recuperar as \u00e1reas afetadas e evitar novos desastres seguir\u00e3o a cargo dos prefeitos e do governo estadual. <\/p>\n<p> Em Duque de Caixias, por exemplo, na Baixada Fluminense, <a class href=\"https:\/\/g1.globo.com\/rj\/rio-de-janeiro\/noticia\/2024\/01\/16\/voluntarios-usam-barcos-para-levar-agua-potavel-e-quentinhas-a-moradores-atingidos-por-enchentes-em-caxias-fotos.ghtml\">bairros seguiam alagados at\u00e9 a manh\u00e3 desta ter\u00e7a<\/a> \u2013 dois dias ap\u00f3s o temporal de domingo, <\/p>\n<ul> <\/ul>\n<h3> <a id=\"js-next-article-desktop-link\" class=\"next-article-desktop-link\"><\/a> <\/h3>\n<h3> <a id=\"js-next-article-smart-link\" class=\"next-article-smart-link\"><\/a> <\/h3>\n<p>Veja tamb\u00e9m<\/p>\n<\/p>\n<\/p>\n<p>       Anterior   Pr\u00f3ximo     <\/p>\n","protected":false},"excerpt":{"rendered":"<p>Por Ana Flor Jornalista e comentarista da GloboNews. Defesa Civil vai ter escrit\u00f3rio de emerg\u00eancia na Baixada Fluminense, diz ministro 16\/01\/2024 09h34 Atualizado 16\/01\/2024 Chuvas no RJ: Defesa Civil far\u00e1 escrit\u00f3rio na Baixada Fluminense, afirma ministro da Integra\u00e7\u00e3o A Secretaria Nacional de Prote\u00e7\u00e3o e Defesa Civil do governo federal vai instalar nesta ter\u00e7a-feira (16) um [&hellip;]<\/p>\n","protected":false},"author":1,"featured_media":0,"comment_status":"closed","ping_status":"closed","sticky":false,"template":"","format":"standard","meta":{"footnotes":""},"categories":[],"tags":[],"class_list":["post-56436","post","type-post","status-publish","format-standard","hentry"],"_links":{"self":[{"href":"https:\/\/blog.corretoraideal.com.br\/index.php\/wp-json\/wp\/v2\/posts\/56436","targetHints":{"allow":["GET"]}}],"collection":[{"href":"https:\/\/blog.corretoraideal.com.br\/index.php\/wp-json\/wp\/v2\/posts"}],"about":[{"href":"https:\/\/blog.corretoraideal.com.br\/index.php\/wp-json\/wp\/v2\/types\/post"}],"author":[{"embeddable":true,"href":"https:\/\/blog.corretoraideal.com.br\/index.php\/wp-json\/wp\/v2\/users\/1"}],"replies":[{"embeddable":true,"href":"https:\/\/blog.corretoraideal.com.br\/index.php\/wp-json\/wp\/v2\/comments?post=56436"}],"version-history":[{"count":1,"href":"https:\/\/blog.corretoraideal.com.br\/index.php\/wp-json\/wp\/v2\/posts\/56436\/revisions"}],"predecessor-version":[{"id":56440,"href":"https:\/\/blog.corretoraideal.com.br\/index.php\/wp-json\/wp\/v2\/posts\/56436\/revisions\/56440"}],"wp:attachment":[{"href":"https:\/\/blog.corretoraideal.com.br\/index.php\/wp-json\/wp\/v2\/media?parent=56436"}],"wp:term":[{"taxonomy":"category","embeddable":true,"href":"https:\/\/blog.corretoraideal.com.br\/index.php\/wp-json\/wp\/v2\/categories?post=56436"},{"taxonomy":"post_tag","embeddable":true,"href":"https:\/\/blog.corretoraideal.com.br\/index.php\/wp-json\/wp\/v2\/tags?post=56436"}],"curies":[{"name":"wp","href":"https:\/\/api.w.org\/{rel}","templated":true}]}}