{"id":56458,"date":"2024-01-17T06:29:39","date_gmt":"2024-01-17T06:29:39","guid":{"rendered":"https:\/\/blog.corretoraideal.com.br\/?p=56458"},"modified":"2024-01-17T06:29:39","modified_gmt":"2024-01-17T06:29:39","slug":"jornalista-da-inter-tv-rj-e-agredido-em-cabo-frio-durante-cobertura-de-caso-de-afogamento-regiao-dos-lagos-g1","status":"publish","type":"post","link":"https:\/\/blog.corretoraideal.com.br\/index.php\/2024\/01\/17\/jornalista-da-inter-tv-rj-e-agredido-em-cabo-frio-durante-cobertura-de-caso-de-afogamento-regiao-dos-lagos-g1\/","title":{"rendered":"Jornalista da Inter TV RJ \u00e9 agredido em Cabo Frio durante cobertura de caso de afogamento | Regi\u00e3o dos Lagos | G1"},"content":{"rendered":"<br \/>\n<h1>Jornalista da Inter TV RJ \u00e9 agredido em Cabo Frio durante cobertura de caso de afogamento <\/h1>\n<h2>Rep\u00f3rter Jo\u00e3o Vitor Brum acompanhava as buscas dos bombeiros quando um homem se aproximou iniciando as ofensas, e, posteriormente, partiu para ataque f\u00edsico. Inter TV, Federa\u00e7\u00e3o e Sindicato de Jornalistas repudiaram agress\u00f5es. <\/h2>\n<p> Por g1 &mdash; Cabo Frio <\/p>\n<p>  16\/01\/2024 20h53    Atualizado  16\/01\/2024    <\/p>\n<p>                                <img loading=\"lazy\" decoding=\"async\" class=\"aligncenter size-full wp-image-56460\" src=\"https:\/\/blog.corretoraideal.com.br\/wp-content\/uploads\/2024\/01\/fenaj-e-sindicato-de-jornalistas-emitem-nota-de-repudio-contra-agressao-de-jornalista-em-cabo-frio.jpeg\" alt=\"Fenaj e sindicato de jornalistas emitem nota de rep\u00fadio contra agress\u00e3o de jornalista em Cabo Frio\" width=\"800\" height=\"400\" \/>       <\/p>\n<p> Fenaj e sindicato de jornalistas emitem nota de rep\u00fadio contra agress\u00e3o de jornalista em Cabo Frio <\/p>\n<p> O jornalista da Inter TV RJ, Jo\u00e3o Vitor Brum, foi agredido em Cabo Frio, na Regi\u00e3o dos Lagos do Rio, quando fazia a cobertura das buscas por um jovem que se afogou na Lagoa de Araruama, na tarde desta segunda-feira (15). <\/p>\n<p> O rep\u00f3rter explicou ao <a class href=\"https:\/\/g1.globo.com\/\"><strong>g1<\/strong><\/a> que j\u00e1 havia conversado com a av\u00f3 e a tia do jovem desaparecido, e feito imagens do trabalho dos bombeiros, quando foi surpreendido com as agress\u00f5es. <\/p>\n<p> O profissional disse que, durante a entrevista com os familiares, um homem questionou a presen\u00e7a dele no local, e foi repreendido pelos parentes da v\u00edtima, que defenderam o jornalista, alegando que a inten\u00e7\u00e3o dele era apenas de ajudar. Com isso, o homem foi embora da orla. <\/p>\n<p> No fim da tarde, a equipe do Corpo de Bombeiros conversou com a fam\u00edlia e explicou que as buscas n\u00e3o poderiam ser feitas \u00e0 noite, seguindo o protocolo da corpora\u00e7\u00e3o. Neste momento, os familiares conversaram com o jornalista e a m\u00e3e do jovem deixou o seu n\u00famero telef\u00f4nico, para que os dois mantivessem contato sobre as buscas. <\/p>\n<p> A fam\u00edlia do rapaz foi embora e o rep\u00f3rter continuou no local conversando com duas banhistas que testemunharam o incidente e estavam pedindo ajuda para cobrar a presen\u00e7a de salva-vidas no local, que \u00e9 muito visitado no ver\u00e3o. <\/p>\n<p> Durante a conversa, o mesmo homem que tinha ofendido o jornalista anteriormente voltou \u00e0 orla, j\u00e1 gritando, e foi em dire\u00e7\u00e3o ao profissional. <\/p>\n<p> Em imagens feitas pelo pr\u00f3prio rep\u00f3rter \u00e9 poss\u00edvel ver pessoas tentando evitar a agress\u00e3o. Mesmo com testemunhas tentando defender o profissional, o homem o agrediu fisicamente e jogou seu equipamento de trabalho na lagoa. Quando tentava pegar o equipamento, o jornalista ainda foi empurrado e caiu na \u00e1gua. <\/p>\n<p>         1 de 1&#013;Em imagens feitas pelo pr\u00f3prio rep\u00f3rter \u00e9 poss\u00edvel ver pessoas tentando evitar a agress\u00e3o \u2014 Foto: Reprodu\u00e7\u00e3o Inter TV RJ    <\/p>\n<p> Em imagens feitas pelo pr\u00f3prio rep\u00f3rter \u00e9 poss\u00edvel ver pessoas tentando evitar a agress\u00e3o \u2014 Foto: Reprodu\u00e7\u00e3o Inter TV RJ <\/p>\n<p> O agressor s\u00f3 parou com o ataque quando foi contido por um dos salva-vidas, que tinha ido embora de moto aqu\u00e1tica e voltou ao perceber a confus\u00e3o. O militar segurou o agressor at\u00e9 que o jornalista conseguisse sair do Parque Ecol\u00f3gico Dormit\u00f3rio das Gar\u00e7as, onde as buscas estavam sendo realizadas. <\/p>\n<p> O caso foi registrado na delegacia de Cabo Frio e o rep\u00f3rter fez o exame de corpo de delito no Instituto M\u00e9dico Legal da cidade, onde as agress\u00f5es foram confirmadas pelo perito. <\/p>\n<p> A m\u00e3e do jovem que desapareceu esclareceu que o agressor n\u00e3o \u00e9 da fam\u00edlia, sendo apenas um conhecido deles. <\/p>\n<p> O ataque ao jornalista em pleno exerc\u00edcio da profiss\u00e3o foi repudiado pela emissora, por outros ve\u00edculos jornal\u00edsticos e por entidades que representam a imprensa. <\/p>\n<p> Na p\u00e1gina do Instagram da Inter TV, o diretor de jornalismo, Rolf Danziger, alertou que n\u00e3o se trata apenas de um ataque ao indiv\u00edduo, mas de um atentado \u00e0 liberdade de imprensa e ao papel vital que possui em uma sociedade democr\u00e1tica. <\/p>\n<p> &quot;Este ato brutal \u00e9 um alerta para a necessidade de prote\u00e7\u00e3o e respeito aos jornalistas, que desempenham um papel fundamental na busca pela verdade e na presta\u00e7\u00e3o de informa\u00e7\u00f5es \u00e0 comunidade&quot;, disse Rolf Danziger, que tamb\u00e9m manifestou apoio rep\u00f3rter. <\/p>\n<p>&quot;Nesse momento dif\u00edcil, expressamos nossa solidariedade ao rep\u00f3rter Jo\u00e3o Vitor Brum. A Inter TV reafirma seu compromisso com a liberdade de imprensa e continuar\u00e1 a desempenhar seu papel vital na divulga\u00e7\u00e3o de informa\u00e7\u00f5es relevantes \u00e0 comunidade, superando adversidades como essa com resili\u00eancia e determina\u00e7\u00e3o&quot;.<\/p>\n<p> O jornalista Jo\u00e3o Vitor Brum postou coment\u00e1rio agradecendo o apoio de todos. <\/p>\n<p>&quot;Pessoal, passando aqui para agradecer a todos os colegas, amigos, familiares, e tamb\u00e9m a todos que nos acompanham, pelas mensagens de apoio. Estou bem!!! Tomando as medidas necess\u00e1rias para que nossa profiss\u00e3o n\u00e3o siga sofrendo tantas agress\u00f5es, n\u00e3o apenas f\u00edsicas. O foco sempre no jornalismo e que assim continue. Meu respeito total \u00e0 fam\u00edlia do jovem desaparecido, que n\u00e3o teve nada a ver com essa situa\u00e7\u00e3o e foi, do in\u00edcio ao fim, extremamente educada e receptiva comigo, mesmo em um momento t\u00e3o dif\u00edcil para eles. Nossa inten\u00e7\u00e3o sempre ser\u00e1 de ajudar. Abra\u00e7o e obrigado a todos, assim que poss\u00edvel, respondo com calma um por um. ??\u2764\ufe0f&quot;<\/p>\n<p><h2>Fenaj e Sindicato dos Jornalistas se manifestam<\/h2>\n<\/p>\n<p> A Federa\u00e7\u00e3o Nacional dos Jornalistas (Fenaj) e o Sindicato dos Jornalistas Profissionais do Estado do Rio de Janeiro (SJPRJ) tamb\u00e9m expressaram rep\u00fadio ao ataque sofrido pelo rep\u00f3rter em nota emitida nesta ter\u00e7a-feira (16). <\/p>\n<p> &quot;Este ato leviano e covarde contra o jornalista Jo\u00e3o Vitor vai contra os princ\u00edpios constitucionais da liberdade de imprensa, da apura\u00e7\u00e3o dos fatos e a responsabilidade de levar a melhor informa\u00e7\u00e3o para a sociedade. Atos como este atentam contra a democracia. Neste sentido, os Sindicatos e a FENAJ repudiam a viol\u00eancia sofrida pelo profissional, se solidarizam com o jornalista agredido e solicitam que os \u00f3rg\u00e3os de seguran\u00e7a do munic\u00edpio tomem as provid\u00eancias legais contra o agressor&quot;, diz trecho da nota. <\/p>\n<p> As entidades lembraram ainda que, em 2022, foram registrados 376 casos de agress\u00f5es a jornalistas e ve\u00edculos de comunica\u00e7\u00e3o no Brasil, sendo, praticamente, um caso por dia. <\/p>\n<ul> <\/ul>\n<h3> <a id=\"js-next-article-desktop-link\" class=\"next-article-desktop-link\"><\/a> <\/h3>\n<h3> <a id=\"js-next-article-smart-link\" class=\"next-article-smart-link\"><\/a> <\/h3>\n<p>Veja tamb\u00e9m<\/p>\n<\/p>\n<\/p>\n<p>       Anterior   Pr\u00f3ximo     <\/p>\n","protected":false},"excerpt":{"rendered":"<p>Jornalista da Inter TV RJ \u00e9 agredido em Cabo Frio durante cobertura de caso de afogamento Rep\u00f3rter Jo\u00e3o Vitor Brum acompanhava as buscas dos bombeiros quando um homem se aproximou iniciando as ofensas, e, posteriormente, partiu para ataque f\u00edsico. Inter TV, Federa\u00e7\u00e3o e Sindicato de Jornalistas repudiaram agress\u00f5es. Por g1 &mdash; Cabo Frio 16\/01\/2024 20h53 [&hellip;]<\/p>\n","protected":false},"author":1,"featured_media":0,"comment_status":"closed","ping_status":"closed","sticky":false,"template":"","format":"standard","meta":{"footnotes":""},"categories":[],"tags":[],"class_list":["post-56458","post","type-post","status-publish","format-standard","hentry"],"_links":{"self":[{"href":"https:\/\/blog.corretoraideal.com.br\/index.php\/wp-json\/wp\/v2\/posts\/56458","targetHints":{"allow":["GET"]}}],"collection":[{"href":"https:\/\/blog.corretoraideal.com.br\/index.php\/wp-json\/wp\/v2\/posts"}],"about":[{"href":"https:\/\/blog.corretoraideal.com.br\/index.php\/wp-json\/wp\/v2\/types\/post"}],"author":[{"embeddable":true,"href":"https:\/\/blog.corretoraideal.com.br\/index.php\/wp-json\/wp\/v2\/users\/1"}],"replies":[{"embeddable":true,"href":"https:\/\/blog.corretoraideal.com.br\/index.php\/wp-json\/wp\/v2\/comments?post=56458"}],"version-history":[{"count":1,"href":"https:\/\/blog.corretoraideal.com.br\/index.php\/wp-json\/wp\/v2\/posts\/56458\/revisions"}],"predecessor-version":[{"id":56461,"href":"https:\/\/blog.corretoraideal.com.br\/index.php\/wp-json\/wp\/v2\/posts\/56458\/revisions\/56461"}],"wp:attachment":[{"href":"https:\/\/blog.corretoraideal.com.br\/index.php\/wp-json\/wp\/v2\/media?parent=56458"}],"wp:term":[{"taxonomy":"category","embeddable":true,"href":"https:\/\/blog.corretoraideal.com.br\/index.php\/wp-json\/wp\/v2\/categories?post=56458"},{"taxonomy":"post_tag","embeddable":true,"href":"https:\/\/blog.corretoraideal.com.br\/index.php\/wp-json\/wp\/v2\/tags?post=56458"}],"curies":[{"name":"wp","href":"https:\/\/api.w.org\/{rel}","templated":true}]}}