{"id":56476,"date":"2024-01-17T13:29:40","date_gmt":"2024-01-17T13:29:40","guid":{"rendered":"https:\/\/blog.corretoraideal.com.br\/?p=56476"},"modified":"2024-01-17T13:29:40","modified_gmt":"2024-01-17T13:29:40","slug":"dolar-opera-em-alta-com-incertezas-sobre-o-rumo-dos-juros-nos-estados-unidos-economia-g1","status":"publish","type":"post","link":"https:\/\/blog.corretoraideal.com.br\/index.php\/2024\/01\/17\/dolar-opera-em-alta-com-incertezas-sobre-o-rumo-dos-juros-nos-estados-unidos-economia-g1\/","title":{"rendered":"D\u00f3lar opera em alta com incertezas sobre o rumo dos juros nos Estados Unidos | Economia | G1"},"content":{"rendered":"<br \/>\n<h1>D\u00f3lar opera em alta com incertezas sobre o rumo dos juros nos Estados Unidos<\/h1>\n<h2>No dia anterior, a moeda norte-americana avan\u00e7ou 1,22%, cotada a R$ 4,9250, no maior patamar em um m\u00eas. J\u00e1 o principal \u00edndice de a\u00e7\u00f5es da bolsa de valores fechou em queda de 1,69%, aos 129.294 pontos.<\/h2>\n<p> Por g1 <\/p>\n<p>  17\/01\/2024 09h17    Atualizado  17\/01\/2024    <\/p>\n<p>                      1 de 1&#013;D\u00f3lar opera em alta nesta quarta-feira. \u2014 Foto: Pixabay    <\/p>\n<p> D\u00f3lar opera em alta nesta quarta-feira. \u2014 Foto: Pixabay <\/p>\n<p> O d\u00f3lar opera em alta nesta quarta-feira (17), com o rumo das taxas de juros dos <a class href=\"https:\/\/g1.globo.com\/tudo-sobre\/estados-unidos\/\">Estados Unidos<\/a> voltando a preocupar os investidores em todo o mundo. <\/p>\n<p> Enquanto isso, no Brasil, \u00e9 a discuss\u00e3o sobre a reonera\u00e7\u00e3o da folha de pagamentos que mais chama as aten\u00e7\u00f5es do mercado. <\/p>\n<p> <strong>Veja abaixo o resumo dos mercados.<\/strong> <\/p>\n<p><h2>D\u00f3lar<\/h2>\n<\/p>\n<p> \u00c0s 09h45, o d\u00f3lar subia 0,24%, cotado a R$ 4,9366. <a class href=\"https:\/\/valor.globo.com\/valor-data\/\">Veja mais cota\u00e7\u00f5es.<\/a> <\/p>\n<p> No dia anterior, a moeda norte-americana subiu 1,22%, cotada a R$ 4,9250. <\/p>\n<p> Com o resultado, acumulou: <\/p>\n<ul>\n<li><strong>alta de 1,40% na semana;<\/strong><\/li>\n<li><strong>e ganhos de 1,49% no m\u00eas e no ano.<\/strong><\/li>\n<\/ul>\n<p><h2><a class href=\"https:\/\/g1.globo.com\/tudo-sobre\/ibovespa\/\">Ibovespa<\/a><\/h2>\n<\/p>\n<p> O Ibovespa s\u00f3 come\u00e7a a operar \u00e0s 10h. <\/p>\n<p> Na v\u00e9spera, o \u00edndice teve baixa de 1,69%, aos 129.294 pontos. <\/p>\n<p> Com o resultado, acumulou: <\/p>\n<ul>\n<li><strong>recuo de 1,29% na semana;<\/strong><\/li>\n<li><strong>quedas de 3,65% no m\u00eas e no ano.<\/strong><\/li>\n<\/ul>\n<p> <strong>LEIA TAMB\u00c9M<\/strong> <\/p>\n<ul>\n<li><strong>DINHEIRO OU CART\u00c3O? <\/strong><a class href=\"https:\/\/g1.globo.com\/economia\/noticia\/2022\/03\/26\/dinheiro-ou-cartao-qual-a-melhor-forma-de-levar-dolares-em-viagens.ghtml\">Qual a melhor forma de levar d\u00f3lares em viagens?<\/a><\/li>\n<li><strong>D\u00d3LAR: <\/strong><a class href=\"https:\/\/g1.globo.com\/economia\/noticia\/2022\/04\/05\/dolar-qual-o-melhor-momento-para-comprar.ghtml\">Qual o melhor momento para comprar a moeda? <\/a><\/li>\n<\/ul>\n<p>                   <img loading=\"lazy\" decoding=\"async\" class=\"aligncenter size-full wp-image-56478\" src=\"https:\/\/blog.corretoraideal.com.br\/wp-content\/uploads\/2024\/01\/entenda-o-que-faz-o-dolar-subir-ou-descer-6.jpeg\" alt=\"Entenda o que faz o d\u00f3lar subir ou descer\" width=\"800\" height=\"400\" \/>       <\/p>\n<p> Entenda o que faz o d\u00f3lar subir ou descer <\/p>\n<p><h2>O que est\u00e1 mexendo com os mercados?<\/h2>\n<\/p>\n<p> Falas do diretor do <a class href=\"https:\/\/g1.globo.com\/tudo-sobre\/fed\/\">Fed<\/a>, Christopher Waller, sobre o futuro das taxas de juros nos Estados Unidos, permanecem sob os holofotes. <\/p>\n<p> Segundo o diretor, apesar de os EUA estarem pr\u00f3ximos da meta de infla\u00e7\u00e3o de 2%, o Fed n\u00e3o deve se apressar em cortar sua taxa b\u00e1sica de juros at\u00e9 que esteja claro que a baixa da infla\u00e7\u00e3o ser\u00e1 sustentada. <\/p>\n<p> Waller ainda comentou que os cortes devem ser feitos de forma &quot;met\u00f3dica e cuidadosa&quot;, e n\u00e3o por meio de redu\u00e7\u00f5es grandes e r\u00e1pidas. <\/p>\n<p> As falas contradizem as expectativas do mercado, que aposta que o BC norte-americano deve come\u00e7ar a reduzir os custos dos empr\u00e9stimos a partir de mar\u00e7o, podendo diminuir as taxas em 1,5 ponto percentual at\u00e9 o fim do ano. Desde de julho o Fed trabalha com uma taxa b\u00e1sica na faixa de 5,25% a 5,5%. <\/p>\n<p> No entanto, as expectativas come\u00e7aram a mudar. De acordo com a ferramenta FedWatch, do CME Group, 61% dos investidores acreditam que o Fed deve iniciar o curte de juros em mar\u00e7o. Esse n\u00famero era de 80% no final de 2023. <\/p>\n<p> No cen\u00e1rio dom\u00e9stico, o destaque segue com as discuss\u00f5es sobre a reonera\u00e7\u00e3o da folha de pagamentos. <\/p>\n<p> O ministro da Fazenda, <a class href=\"https:\/\/g1.globo.com\/politica\/politico\/fernando-haddad\/\">Fernando Haddad<\/a>, disse na ter\u00e7a-feira (16) que ter\u00e1 duas reuni\u00f5es ainda nesta semana para discutir a medida provis\u00f3ria que reonera, de forma gradual, a folha de pagamento de 17 setores da economia intensivos em m\u00e3o de obra. <\/p>\n<p> Uma das audi\u00eancias ser\u00e1 com o chefe do Executivo, Luiz In\u00e1cio Lula da Silva (PT), e outra com o presidente da C\u00e2mara dos Deputados, Arthur Lira (PP-AL). <\/p>\n<ul>\n<li> <a href=\"https:\/\/g1.globo.com\/politica\/politico\/alexandre-padilha\/\" class=\"entities__list-itemLink\" data-track-click=\"Alexandre Padilha\"> Alexandre Padilha <\/a> <\/li>\n<li> <a href=\"https:\/\/g1.globo.com\/tudo-sobre\/bmf-bovespa\/\" class=\"entities__list-itemLink\" data-track-click=\"B3\"> B3 <\/a> <\/li>\n<li> <a href=\"https:\/\/g1.globo.com\/tudo-sobre\/estados-unidos\/\" class=\"entities__list-itemLink\" data-track-click=\"Estados Unidos\"> Estados Unidos <\/a> <\/li>\n<li> <a href=\"https:\/\/g1.globo.com\/tudo-sobre\/fed\/\" class=\"entities__list-itemLink\" data-track-click=\"FED\"> FED <\/a> <\/li>\n<li> <a href=\"https:\/\/g1.globo.com\/politica\/politico\/fernando-haddad\/\" class=\"entities__list-itemLink\" data-track-click=\"Fernando Haddad\"> Fernando Haddad <\/a> <\/li>\n<li> <a href=\"https:\/\/g1.globo.com\/tudo-sobre\/ibovespa\/\" class=\"entities__list-itemLink\" data-track-click=\"Ibovespa\"> Ibovespa <\/a> <\/li>\n<li> <a href=\"https:\/\/g1.globo.com\/tudo-sobre\/petrobras\/\" class=\"entities__list-itemLink\" data-track-click=\"Petrobras\"> Petrobras <\/a> <\/li>\n<\/ul>\n<h3> <a id=\"js-next-article-desktop-link\" class=\"next-article-desktop-link\"><\/a> <\/h3>\n<h3> <a id=\"js-next-article-smart-link\" class=\"next-article-smart-link\"><\/a> <\/h3>\n<p>Veja tamb\u00e9m<\/p>\n<\/p>\n<\/p>\n<p>       Anterior   Pr\u00f3ximo     <\/p>\n","protected":false},"excerpt":{"rendered":"<p>D\u00f3lar opera em alta com incertezas sobre o rumo dos juros nos Estados Unidos No dia anterior, a moeda norte-americana avan\u00e7ou 1,22%, cotada a R$ 4,9250, no maior patamar em um m\u00eas. J\u00e1 o principal \u00edndice de a\u00e7\u00f5es da bolsa de valores fechou em queda de 1,69%, aos 129.294 pontos. Por g1 17\/01\/2024 09h17 Atualizado [&hellip;]<\/p>\n","protected":false},"author":1,"featured_media":0,"comment_status":"closed","ping_status":"closed","sticky":false,"template":"","format":"standard","meta":{"footnotes":""},"categories":[],"tags":[],"class_list":["post-56476","post","type-post","status-publish","format-standard","hentry"],"_links":{"self":[{"href":"https:\/\/blog.corretoraideal.com.br\/index.php\/wp-json\/wp\/v2\/posts\/56476","targetHints":{"allow":["GET"]}}],"collection":[{"href":"https:\/\/blog.corretoraideal.com.br\/index.php\/wp-json\/wp\/v2\/posts"}],"about":[{"href":"https:\/\/blog.corretoraideal.com.br\/index.php\/wp-json\/wp\/v2\/types\/post"}],"author":[{"embeddable":true,"href":"https:\/\/blog.corretoraideal.com.br\/index.php\/wp-json\/wp\/v2\/users\/1"}],"replies":[{"embeddable":true,"href":"https:\/\/blog.corretoraideal.com.br\/index.php\/wp-json\/wp\/v2\/comments?post=56476"}],"version-history":[{"count":1,"href":"https:\/\/blog.corretoraideal.com.br\/index.php\/wp-json\/wp\/v2\/posts\/56476\/revisions"}],"predecessor-version":[{"id":56479,"href":"https:\/\/blog.corretoraideal.com.br\/index.php\/wp-json\/wp\/v2\/posts\/56476\/revisions\/56479"}],"wp:attachment":[{"href":"https:\/\/blog.corretoraideal.com.br\/index.php\/wp-json\/wp\/v2\/media?parent=56476"}],"wp:term":[{"taxonomy":"category","embeddable":true,"href":"https:\/\/blog.corretoraideal.com.br\/index.php\/wp-json\/wp\/v2\/categories?post=56476"},{"taxonomy":"post_tag","embeddable":true,"href":"https:\/\/blog.corretoraideal.com.br\/index.php\/wp-json\/wp\/v2\/tags?post=56476"}],"curies":[{"name":"wp","href":"https:\/\/api.w.org\/{rel}","templated":true}]}}