{"id":56500,"date":"2024-01-18T00:29:49","date_gmt":"2024-01-18T00:29:49","guid":{"rendered":"https:\/\/blog.corretoraideal.com.br\/?p=56500"},"modified":"2024-01-18T00:29:49","modified_gmt":"2024-01-18T00:29:49","slug":"samsung-galaxy-s24-chega-mais-caro-na-versao-mais-avancada-mas-precos-sao-mantidos-no-restante-da-linha-tecnologia-g1","status":"publish","type":"post","link":"https:\/\/blog.corretoraideal.com.br\/index.php\/2024\/01\/18\/samsung-galaxy-s24-chega-mais-caro-na-versao-mais-avancada-mas-precos-sao-mantidos-no-restante-da-linha-tecnologia-g1\/","title":{"rendered":"Samsung Galaxy S24 chega mais caro na vers\u00e3o mais avan\u00e7ada, mas pre\u00e7os s\u00e3o mantidos no restante da linha | Tecnologia | G1"},"content":{"rendered":"<br \/>\n<h1>Samsung Galaxy S24 chega mais caro na vers\u00e3o mais avan\u00e7ada, mas pre\u00e7os s\u00e3o mantidos no restante da linha<\/h1>\n<h2>Novo Galaxy 24 Ultra, principal rival do iPhone 15 Pro e 15 Pro Max, est\u00e1 5% mais caro em rela\u00e7\u00e3o ao S23 Ultra no per\u00edodo em que foi oficializado. Pr\u00e9-venda come\u00e7a nesta quarta. <\/h2>\n<p> Por <a class=\"multi_signatures\" href=\"https:\/\/g1.globo.com\/autores\/darlan-helder\/\">Darlan Helder<\/a>, <a class=\"multi_signatures\" href=\"https:\/\/g1.globo.com\/autores\/victor-hugo-silva\/\">Victor Hugo Silva<\/a>, g1* &mdash; S\u00e3o Paulo, SP e San Jos\u00e9, Calif\u00f3rnia <\/p>\n<p>  17\/01\/2024 15h00    Atualizado  17\/01\/2024    <\/p>\n<ul>\n<li>\n<p> A Samsung apresentou nesta quarta-feira (17) os seus novos celulares premium: Galaxy S24, S24+ e S24 Ultra. <\/p>\n<\/li>\n<li>\n<p> Os pre\u00e7os para o Brasil j\u00e1 foram divulgados, come\u00e7ando em R$ 5.999 e podem chegar a R$ 12.999. <\/p>\n<\/li>\n<li>\n<p> Em rela\u00e7\u00e3o ao 23 Ultra, a linha S24 Ultra chegar\u00e1 custando mais, enquanto os modelos S24 e S24+ seguem com os mesmos pre\u00e7os de seus antecessores. <\/p>\n<\/li>\n<\/ul>\n<p> A Samsung apresentou nesta quarta-feira (17) os seus novos celulares premium: Galaxy S24, S24+ e S24 Ultra. <\/p>\n<p> Os pre\u00e7os para o Brasil j\u00e1 foram divulgados, come\u00e7ando em R$ 5.999 e podem chegar a R$ 12.999. <\/p>\n<p> Em rela\u00e7\u00e3o ao 23 Ultra, a linha S24 Ultra chegar\u00e1 custando mais, enquanto os modelos S24 e S24+ seguem com os mesmos pre\u00e7os de seus antecessores. <\/p>\n<p>         1 de 1&#013;Novos Samsung Galaxy S24 Ultra \u2014 Foto: Divulga\u00e7\u00e3o\/Samsung    <\/p>\n<p> Novos Samsung Galaxy S24 Ultra \u2014 Foto: Divulga\u00e7\u00e3o\/Samsung <\/p>\n<p> A <a class href=\"https:\/\/g1.globo.com\/tecnologia\/noticia\/2024\/01\/17\/samsung-lanca-galaxy-s24-com-inteligencia-artificial-para-fotos-e-textos-veja-precos-no-brasil.ghtml\">nova linha Galaxy S24<\/a>, da <a class href=\"https:\/\/g1.globo.com\/tudo-sobre\/samsung\/\">Samsung<\/a>, \u00e9 mais cara do que a antecessora, S23, na vers\u00e3o mais avan\u00e7ada. Os pre\u00e7os foram mantidos no restante da linha, apresentada nesta quarta-feira (17), nos Estados Unidos. <\/p>\n<p> Ao <a class href=\"https:\/\/g1.globo.com\/\">g1<\/a>, a fabricante sul-coreana confirmou que a pr\u00e9-venda dos produtos come\u00e7a nesta quarta e eles chegar\u00e3o \u00e0s lojas no pr\u00f3ximo dia 24. <\/p>\n<p> Os &quot;mais acess\u00edveis&quot; S24 e S24+ chegam com o mesmo pre\u00e7o do S23 e do S23+ na \u00e9poca do lan\u00e7amento, no ano passado, a partir de R$ 5.999 e R$ 6.999, respectivamente. <\/p>\n<p> Mas a nova fam\u00edlia S24 Ultra, que concorre com o iPhone Pro e iPhone Pro Max, est\u00e1 at\u00e9 5% mais cara em rela\u00e7\u00e3o \u00e0 linha S23 Ultra no lan\u00e7amento (veja todos os valores abaixo). <\/p>\n<p>  Pre\u00e7os do Samsung Galaxy S24 no lan\u00e7amento Pre\u00e7os do Samsung Galaxy S23 no lan\u00e7amento  <\/p>\n<p> Vale observar que o Galaxy S24 de 512 GB de armazenamento interno ainda n\u00e3o ser\u00e1 vendido no Brasil, por isso n\u00e3o h\u00e1 pre\u00e7o para ele. A empresa tamb\u00e9m atrasou a chegada do S23 de 512 GB no ano passado, <a class href=\"https:\/\/g1.globo.com\/tecnologia\/noticia\/2023\/02\/02\/samsung-anuncia-galaxy-s23-em-tres-modelos-veja-precos-no-brasil.ghtml\">sendo disponibilizado s\u00f3 10 meses depois do an\u00fancio global<\/a>. <\/p>\n<p>                   <img loading=\"lazy\" decoding=\"async\" class=\"aligncenter size-full wp-image-56502\" src=\"https:\/\/blog.corretoraideal.com.br\/wp-content\/uploads\/2024\/01\/samsung-lanca-galaxy-s24-em-tres-versoes-1.jpeg\" alt=\"Samsung lan\u00e7a Galaxy S24 em tr\u00eas vers\u00f5es\" width=\"800\" height=\"400\" \/>       <\/p>\n<p> Samsung lan\u00e7a Galaxy S24 em tr\u00eas vers\u00f5es <\/p>\n<p> * O jornalista Victor Hugo Silva viajou a convite da Samsung. <\/p>\n<p><h2>Samsung lan\u00e7a Galaxy Z Flip 5 e Z Fold 5<\/h2>\n<\/p>\n<p>                   <img loading=\"lazy\" decoding=\"async\" class=\"aligncenter size-full wp-image-56503\" src=\"https:\/\/blog.corretoraideal.com.br\/wp-content\/uploads\/2024\/01\/samsung-lanca-galaxy-z-flip-5-e-z-fold-5.jpeg\" alt=\"Samsung lan\u00e7a Galaxy Z Flip 5 e Z Fold 5\" width=\"800\" height=\"400\" \/>       <\/p>\n<p> Samsung lan\u00e7a Galaxy Z Flip 5 e Z Fold 5 <\/p>\n<p><h2>Samsung Galaxy Z Flip 3: veja como \u00e9 o smart<\/h2>\n<\/p>\n<p>                   <img loading=\"lazy\" decoding=\"async\" class=\"aligncenter size-full wp-image-56504\" src=\"https:\/\/blog.corretoraideal.com.br\/wp-content\/uploads\/2024\/01\/samsung-galaxy-z-flip-3-veja-como-e-o-smart.jpeg\" alt=\"Samsung Galaxy Z Flip 3: veja como \u00e9 o smart\" width=\"800\" height=\"400\" \/>       <\/p>\n<p> Samsung Galaxy Z Flip 3: veja como \u00e9 o smart <\/p>\n<p><h2>Hyundai apresenta conceito de &#x27;carro voador&#x27; na CES 2024<\/h2>\n<\/p>\n<p>                   <img loading=\"lazy\" decoding=\"async\" class=\"aligncenter size-full wp-image-56505\" src=\"https:\/\/blog.corretoraideal.com.br\/wp-content\/uploads\/2024\/01\/hyundai-apresenta-conceito-de-3.jpeg\" alt=\"Hyundai apresenta conceito de \" width=\"800\" height=\"400\" \/>       <\/p>\n<p> Hyundai apresenta conceito de &#8216;carro voador&#8217; na CES 2024 <\/p>\n<ul>\n<li> <a href=\"https:\/\/g1.globo.com\/tudo-sobre\/apple\/\" class=\"entities__list-itemLink\" data-track-click=\"Apple\"> Apple <\/a> <\/li>\n<li> <a href=\"https:\/\/g1.globo.com\/tudo-sobre\/samsung\/\" class=\"entities__list-itemLink\" data-track-click=\"Samsung\"> Samsung <\/a> <\/li>\n<\/ul>\n<h3> <a id=\"js-next-article-desktop-link\" class=\"next-article-desktop-link\"><\/a> <\/h3>\n<h3> <a id=\"js-next-article-smart-link\" class=\"next-article-smart-link\"><\/a> <\/h3>\n<p>Veja tamb\u00e9m<\/p>\n<\/p>\n<\/p>\n<p>       Anterior   Pr\u00f3ximo     <\/p>\n","protected":false},"excerpt":{"rendered":"<p>Samsung Galaxy S24 chega mais caro na vers\u00e3o mais avan\u00e7ada, mas pre\u00e7os s\u00e3o mantidos no restante da linha Novo Galaxy 24 Ultra, principal rival do iPhone 15 Pro e 15 Pro Max, est\u00e1 5% mais caro em rela\u00e7\u00e3o ao S23 Ultra no per\u00edodo em que foi oficializado. Pr\u00e9-venda come\u00e7a nesta quarta. Por Darlan Helder, Victor [&hellip;]<\/p>\n","protected":false},"author":1,"featured_media":0,"comment_status":"closed","ping_status":"closed","sticky":false,"template":"","format":"standard","meta":{"footnotes":""},"categories":[],"tags":[],"class_list":["post-56500","post","type-post","status-publish","format-standard","hentry"],"_links":{"self":[{"href":"https:\/\/blog.corretoraideal.com.br\/index.php\/wp-json\/wp\/v2\/posts\/56500","targetHints":{"allow":["GET"]}}],"collection":[{"href":"https:\/\/blog.corretoraideal.com.br\/index.php\/wp-json\/wp\/v2\/posts"}],"about":[{"href":"https:\/\/blog.corretoraideal.com.br\/index.php\/wp-json\/wp\/v2\/types\/post"}],"author":[{"embeddable":true,"href":"https:\/\/blog.corretoraideal.com.br\/index.php\/wp-json\/wp\/v2\/users\/1"}],"replies":[{"embeddable":true,"href":"https:\/\/blog.corretoraideal.com.br\/index.php\/wp-json\/wp\/v2\/comments?post=56500"}],"version-history":[{"count":1,"href":"https:\/\/blog.corretoraideal.com.br\/index.php\/wp-json\/wp\/v2\/posts\/56500\/revisions"}],"predecessor-version":[{"id":56506,"href":"https:\/\/blog.corretoraideal.com.br\/index.php\/wp-json\/wp\/v2\/posts\/56500\/revisions\/56506"}],"wp:attachment":[{"href":"https:\/\/blog.corretoraideal.com.br\/index.php\/wp-json\/wp\/v2\/media?parent=56500"}],"wp:term":[{"taxonomy":"category","embeddable":true,"href":"https:\/\/blog.corretoraideal.com.br\/index.php\/wp-json\/wp\/v2\/categories?post=56500"},{"taxonomy":"post_tag","embeddable":true,"href":"https:\/\/blog.corretoraideal.com.br\/index.php\/wp-json\/wp\/v2\/tags?post=56500"}],"curies":[{"name":"wp","href":"https:\/\/api.w.org\/{rel}","templated":true}]}}