{"id":56507,"date":"2024-01-18T02:29:46","date_gmt":"2024-01-18T02:29:46","guid":{"rendered":"https:\/\/blog.corretoraideal.com.br\/?p=56507"},"modified":"2024-01-18T02:29:46","modified_gmt":"2024-01-18T02:29:46","slug":"mutirao-contra-a-dengue-percorre-11-bairros-de-macae-no-rj-norte-fluminense-g1","status":"publish","type":"post","link":"https:\/\/blog.corretoraideal.com.br\/index.php\/2024\/01\/18\/mutirao-contra-a-dengue-percorre-11-bairros-de-macae-no-rj-norte-fluminense-g1\/","title":{"rendered":"Mutir\u00e3o contra a dengue percorre 11 bairros de Maca\u00e9, no RJ | Norte Fluminense | G1"},"content":{"rendered":"<br \/>\n<h1>Mutir\u00e3o contra a dengue percorre 11 bairros de Maca\u00e9, no RJ<\/h1>\n<h2>Mobiliza\u00e7\u00e3o come\u00e7ou nesta ter\u00e7a-feira (16) e segue at\u00e9 sexta (19) com inspe\u00e7\u00e3o e trabalho educativo.<\/h2>\n<p> Por g1 &mdash; Maca\u00e9 <\/p>\n<p>  16\/01\/2024 17h49    Atualizado  16\/01\/2024    <\/p>\n<p>                      1 de 2&#013;Mutir\u00e3o contra a dengue em Maca\u00e9 percorre onze bairros da cidade nesta semana \u2014 Foto: Mois\u00e9s Bruno\/Prefeitura de Maca\u00e9    <\/p>\n<p> Mutir\u00e3o contra a dengue em Maca\u00e9 percorre onze bairros da cidade nesta semana \u2014 Foto: Mois\u00e9s Bruno\/Prefeitura de Maca\u00e9 <\/p>\n<p> A Coordenadoria Especial de Vigil\u00e2ncia Ambiental em Sa\u00fade (Cevas) de <a class href=\"https:\/\/g1.globo.com\/rj\/regiao-dos-lagos\/cidade\/macae\/\">Maca\u00e9<\/a>, no Norte Fluminense, come\u00e7ou, nesta ter\u00e7a-feira (16), um mutir\u00e3o contra a dengue em onze pontos da cidade e no distrito da Regi\u00e3o Serrana. <\/p>\n<p> O trabalho segue at\u00e9 a pr\u00f3xima sexta-feira (19) e faz parte da campanha &quot;Tem Aedes por a\u00ed?&quot;. <\/p>\n<p> A mobiliza\u00e7\u00e3o dos agentes tem como objetivo combater e controlar o mosquito Aedes aegypti, transmissor da dengue, zika e chikungunya. <\/p>\n<p>         2 de 2&#013;Mutir\u00e3o dos agentes de endemias come\u00e7ou nesta ter\u00e7a em Maca\u00e9 \u2014 Foto: Mois\u00e9s Bruno\/Prefeitura de Maca\u00e9    <\/p>\n<p> Mutir\u00e3o dos agentes de endemias come\u00e7ou nesta ter\u00e7a em Maca\u00e9 \u2014 Foto: Mois\u00e9s Bruno\/Prefeitura de Maca\u00e9 <\/p>\n<p> Ser\u00e3o percorridos os bairros Cajueiros, Morro de S\u00e3o Jorge, Nova Malvinas, Visconde, Riviera Fluminense, Praia Campista, Nova Holanda, Parque Aeroporto, Jardim Franco, Lagomar e C\u00f3rrego do Ouro. Os bairros Lagomar, S\u00e3o Jos\u00e9 do Barreto e Barra tamb\u00e9m recebem os agentes. <\/p>\n<p> Entre os pontos estrat\u00e9gicos vistoriados est\u00e3o borracharia, ferro velho, \u00f3rg\u00e3os p\u00fablicos e privados. <\/p>\n<p> O trabalho envolve ainda vistoria nas resid\u00eancias, com\u00e9rcios e terrenos baldios com o objetivo de detectar recipientes com \u00e1gua parada que possam servir de criadouros do mosquito. <\/p>\n<p> &quot;\u00c9 fundamental o envolvimento da popula\u00e7\u00e3o no cuidado com suas casas. Todos devem ficar atentos \u00e0s orienta\u00e7\u00f5es feitas pelos agentes de endemias, vistoriando os pratinhos de planta, garrafas, e qualquer outro objeto que possa acumular \u00e1gua parada&quot;, afirma o coordenador da Cevas, Luan Campos. <\/p>\n<p><h2>Trabalho educativo<\/h2>\n<\/p>\n<p> Al\u00e9m do trabalho de campo nos bairros, a Cevas come\u00e7ou, na \u00faltima semana, uma campanha de Educa\u00e7\u00e3o em Sa\u00fade em locais de grande circula\u00e7\u00e3o da cidade. <\/p>\n<p> Nesta quarta-feira (17) a equipe estar\u00e1 no Cal\u00e7ad\u00e3o da Avenida Rui Barbosa, com orienta\u00e7\u00e3o sobre arboviroses, distribui\u00e7\u00e3o de material informativo, registro de reclama\u00e7\u00e3o ou den\u00fancia e cadastro para castra\u00e7\u00e3o. <\/p>\n<p> J\u00e1 na sexta-feira (19), o mesmo trabalho ser\u00e1 feito no Pronto Socorro Municipal, no bairro Imbetiba. <\/p>\n<p> Solicita\u00e7\u00f5es e den\u00fancias podem ser informadas \u00e0 Cevas, que funciona na Rua Vereador Manoel Braga, 425, no Centro. Outros contatos s\u00e3o o e-mail cevas@macae.rj.gov.br, o Disque Dengue 0800-022-6461 e o WhatsApp Aedes (22) 2772-6461. <\/p>\n<ul>\n<li> <a href=\"https:\/\/g1.globo.com\/rj\/regiao-dos-lagos\/cidade\/macae\/\" class=\"entities__list-itemLink\" data-track-click=\"Maca\u00e9\"> Maca\u00e9 <\/a> <\/li>\n<\/ul>\n<h3> <a id=\"js-next-article-desktop-link\" class=\"next-article-desktop-link\"><\/a> <\/h3>\n<h3> <a id=\"js-next-article-smart-link\" class=\"next-article-smart-link\"><\/a> <\/h3>\n<p>Veja tamb\u00e9m<\/p>\n<\/p>\n<\/p>\n<p>       Anterior   Pr\u00f3ximo     <\/p>\n","protected":false},"excerpt":{"rendered":"<p>Mutir\u00e3o contra a dengue percorre 11 bairros de Maca\u00e9, no RJ Mobiliza\u00e7\u00e3o come\u00e7ou nesta ter\u00e7a-feira (16) e segue at\u00e9 sexta (19) com inspe\u00e7\u00e3o e trabalho educativo. Por g1 &mdash; Maca\u00e9 16\/01\/2024 17h49 Atualizado 16\/01\/2024 1 de 2&#013;Mutir\u00e3o contra a dengue em Maca\u00e9 percorre onze bairros da cidade nesta semana \u2014 Foto: Mois\u00e9s Bruno\/Prefeitura de Maca\u00e9 [&hellip;]<\/p>\n","protected":false},"author":1,"featured_media":0,"comment_status":"closed","ping_status":"closed","sticky":false,"template":"","format":"standard","meta":{"footnotes":""},"categories":[],"tags":[],"class_list":["post-56507","post","type-post","status-publish","format-standard","hentry"],"_links":{"self":[{"href":"https:\/\/blog.corretoraideal.com.br\/index.php\/wp-json\/wp\/v2\/posts\/56507","targetHints":{"allow":["GET"]}}],"collection":[{"href":"https:\/\/blog.corretoraideal.com.br\/index.php\/wp-json\/wp\/v2\/posts"}],"about":[{"href":"https:\/\/blog.corretoraideal.com.br\/index.php\/wp-json\/wp\/v2\/types\/post"}],"author":[{"embeddable":true,"href":"https:\/\/blog.corretoraideal.com.br\/index.php\/wp-json\/wp\/v2\/users\/1"}],"replies":[{"embeddable":true,"href":"https:\/\/blog.corretoraideal.com.br\/index.php\/wp-json\/wp\/v2\/comments?post=56507"}],"version-history":[{"count":1,"href":"https:\/\/blog.corretoraideal.com.br\/index.php\/wp-json\/wp\/v2\/posts\/56507\/revisions"}],"predecessor-version":[{"id":56509,"href":"https:\/\/blog.corretoraideal.com.br\/index.php\/wp-json\/wp\/v2\/posts\/56507\/revisions\/56509"}],"wp:attachment":[{"href":"https:\/\/blog.corretoraideal.com.br\/index.php\/wp-json\/wp\/v2\/media?parent=56507"}],"wp:term":[{"taxonomy":"category","embeddable":true,"href":"https:\/\/blog.corretoraideal.com.br\/index.php\/wp-json\/wp\/v2\/categories?post=56507"},{"taxonomy":"post_tag","embeddable":true,"href":"https:\/\/blog.corretoraideal.com.br\/index.php\/wp-json\/wp\/v2\/tags?post=56507"}],"curies":[{"name":"wp","href":"https:\/\/api.w.org\/{rel}","templated":true}]}}