{"id":56518,"date":"2024-01-18T09:29:40","date_gmt":"2024-01-18T09:29:40","guid":{"rendered":"https:\/\/blog.corretoraideal.com.br\/?p=56518"},"modified":"2024-01-18T09:29:40","modified_gmt":"2024-01-18T09:29:40","slug":"de-onde-vem-o-que-eu-como-72-pessego-de-onde-vem-o-que-eu-como-g1","status":"publish","type":"post","link":"https:\/\/blog.corretoraideal.com.br\/index.php\/2024\/01\/18\/de-onde-vem-o-que-eu-como-72-pessego-de-onde-vem-o-que-eu-como-g1\/","title":{"rendered":"De onde vem o que eu como #72: P\u00eassego | De onde vem o que eu como | G1"},"content":{"rendered":"<br \/>\n<h1>De onde vem o que eu como #72: P\u00eassego<\/h1>\n<h2>Epis\u00f3dio explica quais doen\u00e7as o p\u00eassego ajuda a prevenir. Conhe\u00e7a a produ\u00e7\u00e3o da fruta. <\/h2>\n<p> Por g1 <\/p>\n<p>  18\/01\/2024 05h40    Atualizado  18\/01\/2024    <\/p>\n<p> <strong>CLIQUE ACIMA PARA OUVIR<\/strong> <\/p>\n<p> <strong>Voc\u00ea pode ouvir o &quot;<\/strong><a class href=\"https:\/\/g1.globo.com\/podcast\/de-onde-vem-o-que-eu-como\/\"><strong>De onde vem o que eu como<\/strong><\/a><strong>&quot; no <\/strong><a class href=\"https:\/\/globoplay.globo.com\/podcasts\/de-onde-vem-o-que-eu-como\/c1c124d3-469d-4637-b292-69c79c1ada24\/\"><strong>Globoplay<\/strong><\/a><strong>, no <\/strong><a class href=\"https:\/\/open.spotify.com\/show\/6IIS3TVrqJVcOCsuzVwM6i\" target=\"_blank\" rel=\"noopener noreferrer\"><strong>Spotify<\/strong><\/a><strong>, no <\/strong><a class href=\"https:\/\/castbox.fm\/channel\/De-onde-vem-o-que-eu-como-id5031821?country=br\" target=\"_blank\" rel=\"noopener noreferrer\"><strong>Castbox<\/strong><\/a><strong>, no <\/strong><a class href=\"https:\/\/podcasts.google.com\/feed\/aHR0cHM6Ly93d3cub21ueWNvbnRlbnQuY29tL2QvcGxheWxpc3QvNjUxYTI1MWUtMDZlMS00N2UwLTkzMzYtYWM1YTAwZjQxNjI4LzY2ODM3M2RhLTc5ZWItNDlkYi05MmM0LWFlZTgwMGYyYmYyNC8xOGQwZmJiOS03MmVmLTRiNmQtYjc2NS1hZWU4MDBmMmMxNzkvcG9kY2FzdC5yc3M?sa=X&amp;ved=0CAcQrrcFahcKEwiYt_6P48H5AhUAAAAAHQAAAAAQAg\" target=\"_blank\" rel=\"noopener noreferrer\"><strong>Google Podcasts<\/strong><\/a><strong>, no <\/strong><a class href=\"https:\/\/podcasts.apple.com\/us\/podcast\/de-onde-vem-o-que-eu-como\/id1638772710\" target=\"_blank\" rel=\"noopener noreferrer\"><strong>Apple Podcasts<\/strong><\/a><strong>, na <\/strong><a class href=\"https:\/\/www.deezer.com\/br\/show\/4494077?utm_campaign=whatsapp-message&amp;utm_source=user_sharing&amp;utm_medium=mobile&amp;utm_content=talk_show-4494077&amp;deferredFl=1\" target=\"_blank\" rel=\"noopener noreferrer\"><strong>Deezer<\/strong><\/a><strong> ou na sua plataforma de \u00e1udio preferida. Assine ou siga o \u201cDe onde vem\u201d para ser avisado sempre que tiver novo epis\u00f3dio. <\/strong> <\/p>\n<p> O pessegueiro era um elemento famoso da mitologia chinesa, que precisa de pelo menos 200 horas de frio para produzir frutos. <\/p>\n<p> Neste epis\u00f3dio do podcast <a class href=\"https:\/\/g1.globo.com\/podcast\/de-onde-vem-o-que-eu-como\/\">De onde vem o que eu como<\/a>, voc\u00ea vai saber: <\/p>\n<ul>\n<li>Qual \u00e9 o valor nutricional do p\u00eassego e quais doen\u00e7as ele ajuda a prevenir; <\/li>\n<li>O que n\u00e3o fazer na hora de comprar a fruta; <\/li>\n<li>Por que na \u00faltima safra foi t\u00e3o dif\u00edcil cultivar p\u00eassegos no maior munic\u00edpio produtor do pa\u00eds. <\/li>\n<\/ul>\n<p> O podcast <a class href=\"https:\/\/g1.globo.com\/podcast\/de-onde-vem-o-que-eu-como\/\">De onde vem o que eu como<\/a> \u00e9 produzido por: M\u00f4nica Mariotti, Luciana de Oliveira, Carol Lorencetti e Helen Menezes.  <\/p>\n<p> Apresenta\u00e7\u00e3o deste epis\u00f3dio: Luciana de Oliveira e Carol Lorencetti.  <\/p>\n<ul>\n<li><strong>Brasil tem um tipo de vinho \u00fanico; <\/strong><a class href=\"https:\/\/g1.globo.com\/economia\/agronegocios\/noticia\/2023\/12\/29\/brasil-tem-um-tipo-de-vinho-unico-saiba-qual-e-e-como-surgiu.ghtml\">saiba qual \u00e9 e como surgiu<\/a><\/li>\n<li><strong>Comprou pinheiro de Natal e tem d\u00favidas de como cuidar?<\/strong> <a class href=\"https:\/\/g1.globo.com\/economia\/agronegocios\/noticia\/2023\/12\/24\/comprou-pinheiro-de-natal-e-tem-duvidas-de-como-cuidar-veja-dicas-para-nao-perder-a-planta.ghtml\">Veja dicas<\/a><\/li>\n<\/ul>\n<p>         1 de 2&#013;P\u00eassego: conhe\u00e7a a produ\u00e7\u00e3o e o valor nutricional da fruta. \u2014 Foto: NisonCo PR and SEO\/ Unsplash    <\/p>\n<p> P\u00eassego: conhe\u00e7a a produ\u00e7\u00e3o e o valor nutricional da fruta. \u2014 Foto: NisonCo PR and SEO\/ Unsplash <\/p>\n<p> <strong>?OU\u00c7A OUTROS EPIS\u00d3DIOS:<\/strong> <\/p>\n<p> <strong>?ASSISTA:<\/strong> <\/p>\n<p>                   <img loading=\"lazy\" decoding=\"async\" class=\"aligncenter size-full wp-image-56520\" src=\"https:\/\/blog.corretoraideal.com.br\/wp-content\/uploads\/2024\/01\/de-onde-vem-o-pessego-2.jpeg\" alt=\"De onde vem o P\u00eassego\" width=\"800\" height=\"400\" \/>       <\/p>\n<p> De onde vem o P\u00eassego <\/p>\n<p>                    <img loading=\"lazy\" decoding=\"async\" class=\"aligncenter size-full wp-image-56521\" src=\"https:\/\/blog.corretoraideal.com.br\/wp-content\/uploads\/2024\/01\/de-onde-vem-o-vinho.jpeg\" alt=\"De onde vem o vinho\" width=\"800\" height=\"400\" \/>       <\/p>\n<p> De onde vem o vinho <\/p>\n<p>          2 de 2&#013;P\u00eassego \u00e9 o tema do 72\u00ba epis\u00f3dio do podcast &#039;De onde vem o que eu como&#039;. \u2014 Foto: Comunica\u00e7\u00e3o\/Globo    <\/p>\n<p> P\u00eassego \u00e9 o tema do 72\u00ba epis\u00f3dio do podcast &#039;De onde vem o que eu como&#039;. \u2014 Foto: Comunica\u00e7\u00e3o\/Globo <\/p>\n<ul> <\/ul>\n<h3> <a id=\"js-next-article-desktop-link\" class=\"next-article-desktop-link\"><\/a> <\/h3>\n<h3> <a id=\"js-next-article-smart-link\" class=\"next-article-smart-link\"><\/a> <\/h3>\n<p>Veja tamb\u00e9m<\/p>\n<\/p>\n<\/p>\n<p>       Anterior   Pr\u00f3ximo     <\/p>\n","protected":false},"excerpt":{"rendered":"<p>De onde vem o que eu como #72: P\u00eassego Epis\u00f3dio explica quais doen\u00e7as o p\u00eassego ajuda a prevenir. Conhe\u00e7a a produ\u00e7\u00e3o da fruta. Por g1 18\/01\/2024 05h40 Atualizado 18\/01\/2024 CLIQUE ACIMA PARA OUVIR Voc\u00ea pode ouvir o &quot;De onde vem o que eu como&quot; no Globoplay, no Spotify, no Castbox, no Google Podcasts, no Apple [&hellip;]<\/p>\n","protected":false},"author":1,"featured_media":0,"comment_status":"closed","ping_status":"closed","sticky":false,"template":"","format":"standard","meta":{"footnotes":""},"categories":[],"tags":[],"class_list":["post-56518","post","type-post","status-publish","format-standard","hentry"],"_links":{"self":[{"href":"https:\/\/blog.corretoraideal.com.br\/index.php\/wp-json\/wp\/v2\/posts\/56518","targetHints":{"allow":["GET"]}}],"collection":[{"href":"https:\/\/blog.corretoraideal.com.br\/index.php\/wp-json\/wp\/v2\/posts"}],"about":[{"href":"https:\/\/blog.corretoraideal.com.br\/index.php\/wp-json\/wp\/v2\/types\/post"}],"author":[{"embeddable":true,"href":"https:\/\/blog.corretoraideal.com.br\/index.php\/wp-json\/wp\/v2\/users\/1"}],"replies":[{"embeddable":true,"href":"https:\/\/blog.corretoraideal.com.br\/index.php\/wp-json\/wp\/v2\/comments?post=56518"}],"version-history":[{"count":1,"href":"https:\/\/blog.corretoraideal.com.br\/index.php\/wp-json\/wp\/v2\/posts\/56518\/revisions"}],"predecessor-version":[{"id":56522,"href":"https:\/\/blog.corretoraideal.com.br\/index.php\/wp-json\/wp\/v2\/posts\/56518\/revisions\/56522"}],"wp:attachment":[{"href":"https:\/\/blog.corretoraideal.com.br\/index.php\/wp-json\/wp\/v2\/media?parent=56518"}],"wp:term":[{"taxonomy":"category","embeddable":true,"href":"https:\/\/blog.corretoraideal.com.br\/index.php\/wp-json\/wp\/v2\/categories?post=56518"},{"taxonomy":"post_tag","embeddable":true,"href":"https:\/\/blog.corretoraideal.com.br\/index.php\/wp-json\/wp\/v2\/tags?post=56518"}],"curies":[{"name":"wp","href":"https:\/\/api.w.org\/{rel}","templated":true}]}}