{"id":56528,"date":"2024-01-18T14:29:50","date_gmt":"2024-01-18T14:29:50","guid":{"rendered":"https:\/\/blog.corretoraideal.com.br\/?p=56528"},"modified":"2024-01-18T14:29:50","modified_gmt":"2024-01-18T14:29:50","slug":"dolar-opera-em-alta-e-ibovespa-sobe-ainda-com-juros-americanos-no-radar-economia-g1","status":"publish","type":"post","link":"https:\/\/blog.corretoraideal.com.br\/index.php\/2024\/01\/18\/dolar-opera-em-alta-e-ibovespa-sobe-ainda-com-juros-americanos-no-radar-economia-g1\/","title":{"rendered":"D\u00f3lar opera em alta e Ibovespa sobe, ainda com juros americanos no radar | Economia | G1"},"content":{"rendered":"<br \/>\n<h1>D\u00f3lar opera em alta e Ibovespa sobe, ainda com juros americanos no radar<\/h1>\n<h2>No dia anterior, o principal \u00edndice de a\u00e7\u00f5es da bolsa de valores brasileira fechou em queda de 0,60%, aos 128.524 pontos, no menor patamar em pouco mais de um m\u00eas. J\u00e1 a moeda norte-americana subiu 0,09%, cotada a R$ 4,9296.<\/h2>\n<p> Por g1 <\/p>\n<p>  18\/01\/2024 09h16    Atualizado  18\/01\/2024    <\/p>\n<p>                      1 de 1&#013;D\u00f3lar opera em baixa \u2014 Foto: Karolina Grabowska    <\/p>\n<p> D\u00f3lar opera em baixa \u2014 Foto: Karolina Grabowska <\/p>\n<p> O d\u00f3lar inverteu o sinal e opera em alta nesta quinta-feira (18), em mais um preg\u00e3o marcado pelas incertezas em rela\u00e7\u00e3o ao rumo dos juros nos <a class href=\"https:\/\/g1.globo.com\/tudo-sobre\/estados-unidos\/\">Estados Unidos<\/a>. <\/p>\n<p> O dia \u00e9 de agenda econ\u00f4mica mais fraca no Brasil e no exterior, com as aten\u00e7\u00f5es voltadas ao discurso que um dirigente do Federal Reserve (<a class href=\"https:\/\/g1.globo.com\/tudo-sobre\/fed\/\">Fed<\/a>, o banco central americano) deve fazer mais tarde. <\/p>\n<p> Enquanto isso, investidores repercutem dados semanais de seguro-desemprego nos Estados Unidos, que mostram que o mercado de trabalho da maior economia do mundo continua aquecido. <\/p>\n<p> J\u00e1 o <a class href=\"https:\/\/g1.globo.com\/tudo-sobre\/ibovespa\/\">Ibovespa<\/a>, principal \u00edndice acion\u00e1rio da bolsa de valores brasileira, a <a class href=\"https:\/\/g1.globo.com\/tudo-sobre\/bmf-bovespa\/\">B3<\/a>, opera em baixa. <\/p>\n<p> <strong>Veja abaixo o resumo dos mercados.<\/strong> <\/p>\n<p><h2>D\u00f3lar<\/h2>\n<\/p>\n<p> \u00c0s 11h10, o d\u00f3lar subia 0,12%, cotado a R$ 4,9353. <a class href=\"https:\/\/valor.globo.com\/valor-data\/\">Veja mais cota\u00e7\u00f5es.<\/a> <\/p>\n<p> No dia anterior, a moeda norte-americana subiu 0,09%, cotada a R$ 4,9296. <\/p>\n<p> Com o resultado, acumulou: <\/p>\n<ul>\n<li><strong>alta de 1,50% na semana;<\/strong><\/li>\n<li><strong>e ganhos de 1,59% no m\u00eas e no ano.<\/strong><\/li>\n<\/ul>\n<p><h2>Ibovespa<\/h2>\n<\/p>\n<p> No mesmo hor\u00e1rio, o Ibovespa ca\u00eda 0,03%, aos 128.483 pontos. <\/p>\n<p> Na v\u00e9spera, o \u00edndice teve baixa de 0,60%, aos 128.524 pontos, no menor patamar em mais de um m\u00eas. <\/p>\n<p> Com o resultado, acumulou: <\/p>\n<ul>\n<li><strong>recuo de 1,88% na semana;<\/strong><\/li>\n<li><strong>quedas de 4,22% no m\u00eas e no ano.<\/strong><\/li>\n<\/ul>\n<p> <strong>LEIA TAMB\u00c9M<\/strong> <\/p>\n<ul>\n<li><strong>DINHEIRO OU CART\u00c3O? <\/strong><a class href=\"https:\/\/g1.globo.com\/economia\/noticia\/2022\/03\/26\/dinheiro-ou-cartao-qual-a-melhor-forma-de-levar-dolares-em-viagens.ghtml\">Qual a melhor forma de levar d\u00f3lares em viagens?<\/a><\/li>\n<li><strong>D\u00d3LAR: <\/strong><a class href=\"https:\/\/g1.globo.com\/economia\/noticia\/2022\/04\/05\/dolar-qual-o-melhor-momento-para-comprar.ghtml\">Qual o melhor momento para comprar a moeda? <\/a><\/li>\n<\/ul>\n<p>                   <img loading=\"lazy\" decoding=\"async\" class=\"aligncenter size-full wp-image-56530\" src=\"https:\/\/blog.corretoraideal.com.br\/wp-content\/uploads\/2024\/01\/entenda-o-que-faz-o-dolar-subir-ou-descer-7.jpeg\" alt=\"Entenda o que faz o d\u00f3lar subir ou descer\" width=\"800\" height=\"400\" \/>       <\/p>\n<p> Entenda o que faz o d\u00f3lar subir ou descer <\/p>\n<p><h2>O que est\u00e1 mexendo com os mercados?<\/h2>\n<\/p>\n<p> Em um dia de agenda econ\u00f4mica mais fraca, os mercados globais operam pr\u00f3ximo da estabilidade enquanto aguardam novos indicadores e discursos ao longo do dia. <\/p>\n<p> Nos Estados Unidos, as aten\u00e7\u00f5es est\u00e3o voltadas para o que dizem os dirigentes do Federal Reserve (Fed, o banco central americano). Hoje, quem deve falar ao p\u00fablico \u00e9 Raphael Bostic, presidente do Fed de Atlanta. <\/p>\n<p> Nos \u00faltimos dias, outros dirigentes falaram com mais cautela sobre a expectativa de redu\u00e7\u00e3o dos juros na maior economia do mundo. <\/p>\n<p> Christopher Waller, diretor do Fed, disse que a institui\u00e7\u00e3o n\u00e3o deve se apressar em cortar sua taxa b\u00e1sica de juros at\u00e9 que esteja claro que a baixa da infla\u00e7\u00e3o ser\u00e1 sustentada. <\/p>\n<p> Waller ainda comentou que os cortes devem ser feitos de forma &quot;met\u00f3dica e cuidadosa&quot;, e n\u00e3o por meio de redu\u00e7\u00f5es grandes e r\u00e1pidas, apesar de os EUA estarem pr\u00f3ximos da meta de infla\u00e7\u00e3o, de 2%. <\/p>\n<p> As falas contradizem as recentes expectativas do mercado, que aposta que o BC norte-americano deve come\u00e7ar a reduzir os custos dos empr\u00e9stimos a partir de mar\u00e7o, podendo diminuir as taxas em 1,5 ponto percentual at\u00e9 o fim do ano. <\/p>\n<p> No entanto, essas expectativas j\u00e1 come\u00e7aram a mudar. De acordo com a ferramenta FedWatch, do CME Group, 61% dos investidores acreditam que o Fed deve iniciar o curte de juros em mar\u00e7o. Esse n\u00famero era de 80% no final de 2023. <\/p>\n<p> Desde julho, o Fed trabalha com uma taxa b\u00e1sica na faixa de 5,25% a 5,5%. <\/p>\n<ul>\n<li> <a href=\"https:\/\/g1.globo.com\/politica\/politico\/alexandre-padilha\/\" class=\"entities__list-itemLink\" data-track-click=\"Alexandre Padilha\"> Alexandre Padilha <\/a> <\/li>\n<li> <a href=\"https:\/\/g1.globo.com\/tudo-sobre\/bmf-bovespa\/\" class=\"entities__list-itemLink\" data-track-click=\"B3\"> B3 <\/a> <\/li>\n<li> <a href=\"https:\/\/g1.globo.com\/tudo-sobre\/estados-unidos\/\" class=\"entities__list-itemLink\" data-track-click=\"Estados Unidos\"> Estados Unidos <\/a> <\/li>\n<li> <a href=\"https:\/\/g1.globo.com\/tudo-sobre\/fed\/\" class=\"entities__list-itemLink\" data-track-click=\"FED\"> FED <\/a> <\/li>\n<li> <a href=\"https:\/\/g1.globo.com\/politica\/politico\/fernando-haddad\/\" class=\"entities__list-itemLink\" data-track-click=\"Fernando Haddad\"> Fernando Haddad <\/a> <\/li>\n<li> <a href=\"https:\/\/g1.globo.com\/tudo-sobre\/ibovespa\/\" class=\"entities__list-itemLink\" data-track-click=\"Ibovespa\"> Ibovespa <\/a> <\/li>\n<li> <a href=\"https:\/\/g1.globo.com\/tudo-sobre\/petrobras\/\" class=\"entities__list-itemLink\" data-track-click=\"Petrobras\"> Petrobras <\/a> <\/li>\n<\/ul>\n<h3> <a id=\"js-next-article-desktop-link\" class=\"next-article-desktop-link\"><\/a> <\/h3>\n<h3> <a id=\"js-next-article-smart-link\" class=\"next-article-smart-link\"><\/a> <\/h3>\n<p>Veja tamb\u00e9m<\/p>\n<\/p>\n<\/p>\n<p>       Anterior   Pr\u00f3ximo     <\/p>\n","protected":false},"excerpt":{"rendered":"<p>D\u00f3lar opera em alta e Ibovespa sobe, ainda com juros americanos no radar No dia anterior, o principal \u00edndice de a\u00e7\u00f5es da bolsa de valores brasileira fechou em queda de 0,60%, aos 128.524 pontos, no menor patamar em pouco mais de um m\u00eas. J\u00e1 a moeda norte-americana subiu 0,09%, cotada a R$ 4,9296. Por g1 [&hellip;]<\/p>\n","protected":false},"author":1,"featured_media":0,"comment_status":"closed","ping_status":"closed","sticky":false,"template":"","format":"standard","meta":{"footnotes":""},"categories":[],"tags":[],"class_list":["post-56528","post","type-post","status-publish","format-standard","hentry"],"_links":{"self":[{"href":"https:\/\/blog.corretoraideal.com.br\/index.php\/wp-json\/wp\/v2\/posts\/56528","targetHints":{"allow":["GET"]}}],"collection":[{"href":"https:\/\/blog.corretoraideal.com.br\/index.php\/wp-json\/wp\/v2\/posts"}],"about":[{"href":"https:\/\/blog.corretoraideal.com.br\/index.php\/wp-json\/wp\/v2\/types\/post"}],"author":[{"embeddable":true,"href":"https:\/\/blog.corretoraideal.com.br\/index.php\/wp-json\/wp\/v2\/users\/1"}],"replies":[{"embeddable":true,"href":"https:\/\/blog.corretoraideal.com.br\/index.php\/wp-json\/wp\/v2\/comments?post=56528"}],"version-history":[{"count":1,"href":"https:\/\/blog.corretoraideal.com.br\/index.php\/wp-json\/wp\/v2\/posts\/56528\/revisions"}],"predecessor-version":[{"id":56531,"href":"https:\/\/blog.corretoraideal.com.br\/index.php\/wp-json\/wp\/v2\/posts\/56528\/revisions\/56531"}],"wp:attachment":[{"href":"https:\/\/blog.corretoraideal.com.br\/index.php\/wp-json\/wp\/v2\/media?parent=56528"}],"wp:term":[{"taxonomy":"category","embeddable":true,"href":"https:\/\/blog.corretoraideal.com.br\/index.php\/wp-json\/wp\/v2\/categories?post=56528"},{"taxonomy":"post_tag","embeddable":true,"href":"https:\/\/blog.corretoraideal.com.br\/index.php\/wp-json\/wp\/v2\/tags?post=56528"}],"curies":[{"name":"wp","href":"https:\/\/api.w.org\/{rel}","templated":true}]}}