{"id":56544,"date":"2024-01-18T22:29:50","date_gmt":"2024-01-18T22:29:50","guid":{"rendered":"https:\/\/blog.corretoraideal.com.br\/?p=56544"},"modified":"2024-01-18T22:29:50","modified_gmt":"2024-01-18T22:29:50","slug":"educacao-em-itaperuna-abre-matricula-para-alunos-que-desejam-ingressar-na-escola-em-tempo-integral-norte-fluminense-g1","status":"publish","type":"post","link":"https:\/\/blog.corretoraideal.com.br\/index.php\/2024\/01\/18\/educacao-em-itaperuna-abre-matricula-para-alunos-que-desejam-ingressar-na-escola-em-tempo-integral-norte-fluminense-g1\/","title":{"rendered":"Educa\u00e7\u00e3o em Itaperuna abre matr\u00edcula para alunos que desejam ingressar na Escola em Tempo Integral | Norte Fluminense | G1"},"content":{"rendered":"<br \/>\n<h1>Educa\u00e7\u00e3o em Itaperuna abre matr\u00edcula para alunos que desejam ingressar na Escola em Tempo Integral <\/h1>\n<h2>Prazo vai at\u00e9 26 de janeiro. Pela primeira vez, novo modelo ser\u00e1 implementado em tr\u00eas escolas da cidade. Reuni\u00e3o no come\u00e7ou do m\u00eas alinhou detalhes do novo modelo, como hor\u00e1rios e estrat\u00e9gias pedag\u00f3gicas.<\/h2>\n<p> Por g1 &mdash; Itaperuna <\/p>\n<p>  18\/01\/2024 14h55    Atualizado  18\/01\/2024    <\/p>\n<p> A Secretaria Municipal de Educa\u00e7\u00e3o em <a class href=\"https:\/\/g1.globo.com\/rj\/norte-fluminense\/cidade\/itaperuna\/\">Itaperuna<\/a>, no Noroeste Fluminense, abriu per\u00edodo de matr\u00edculas para alunos que desejam ingressar no programa Escola em Tempo Integral, modelo de ensino que ser\u00e1 oferecido, pela primeira vez, em tr\u00eas escolas p\u00fablicas da cidade, s\u00e3o elas: <\/p>\n<ul>\n<li>E. M. CIEP Brizol\u00e3o Henriett Morineau; <\/li>\n<li>E. M. CIEP Henriett Amado; <\/li>\n<li>E. M. Humberto de Campos. <\/li>\n<\/ul>\n<p> As inscri\u00e7\u00f5es seguem at\u00e9 o dia 26 de janeiro. Os interessados devem ir diretamente na escola desejada, portando os documentos necess\u00e1rios. O hor\u00e1rio de atendimento vai das 8h \u00e0s 12h. <\/p>\n<p> <strong>Documentos e informa\u00e7\u00f5es necess\u00e1rias para a matr\u00edcula:<\/strong> <\/p>\n<ul>\n<li>01 foto 3&#215;4<\/li>\n<li>Xerox da Certid\u00e3o de Nascimento leg\u00edvel<\/li>\n<li>Hist\u00f3rico Escolar ou Declara\u00e7\u00e3o de Transfer\u00eancia<\/li>\n<li>Ficha Avaliativa ou Registro de Observa\u00e7\u00f5es (se for 1\u00ba Ano)<\/li>\n<li>Xerox da Carteira de Identidade e CPF do aluno (se tiver)<\/li>\n<li>Xerox da Carteira de Identidade e CPF dos pais ou respons\u00e1vel<\/li>\n<li>Xerox do Cart\u00e3o de Vacina atualizado<\/li>\n<li>Xerox do Cart\u00e3o Nacional do SUS<\/li>\n<li>Xerox do Cart\u00e3o do Bolsa Fam\u00edlia<\/li>\n<li>Comprovante de resid\u00eancia<\/li>\n<li>Assinatura do Respons\u00e1vel nos documentos da escola<\/li>\n<li>Certid\u00e3o de casamento, se for o caso<\/li>\n<li>Telefones<\/li>\n<\/ul>\n<p><h2>Reuni\u00e3o discutiu novo modelo<\/h2>\n<\/p>\n<p>         1 de 1&#013;Equipe da Educa\u00e7\u00e3o se reuniu no come\u00e7o de janeiro para discutir a implementa\u00e7\u00e3o da Escola em Tempo Integral \u2014 Foto: Prefeitura de Itaperuna\/Divulga\u00e7\u00e3o    <\/p>\n<p> Equipe da Educa\u00e7\u00e3o se reuniu no come\u00e7o de janeiro para discutir a implementa\u00e7\u00e3o da Escola em Tempo Integral \u2014 Foto: Prefeitura de Itaperuna\/Divulga\u00e7\u00e3o <\/p>\n<p> No come\u00e7o deste m\u00eas, houve uma reuni\u00e3o para discutir a implementa\u00e7\u00e3o do projeto, como a defini\u00e7\u00e3o de hor\u00e1rios, atividades extracurriculares, card\u00e1pio da merenda e estrat\u00e9gias pedag\u00f3gicas. <\/p>\n<p> Nas escolas municipais CIEP Brizol\u00e3o Henriett Morineau e CIEP Henriett Amado, o modelo integral vai atender as turmas do 1\u00b0 e 2\u00b0 ano do Ensino Fundamental. <\/p>\n<p> J\u00e1 a E. M. Humberto de Campos vai contemplar as turmas do 1\u00b0, 2\u00b0 e 5\u00b0 ano do Ensino Fundamental. <\/p>\n<p><h2>Escola em Tempo Integral<\/h2>\n<\/p>\n<p> O Programa Escola em Tempo Integral foi <a class href=\"https:\/\/g1.globo.com\/educacao\/noticia\/2023\/07\/31\/escola-em-tempo-integral-entenda-como-e-o-programa-que-preve-ampliar-vagas-na-educacao-basica.ghtml\">sancionado pelo presidente Lula (PT) no dia 31 de julho de 2023<\/a>. E este vai ser o primeiro ano letivo com o modelo implementado na cidade de Itaperuna. <\/p>\n<p> O objetivo do programa, ao ser lan\u00e7ado, era aumentar em 1 milh\u00e3o o n\u00famero de matr\u00edculas de tempo integral na educa\u00e7\u00e3o b\u00e1sica ainda no ano de 2023, com um investimento de R$ 4 milh\u00f5es. <\/p>\n<p> Antes do programa, em 2021, o percentual de escolas em tempo integral no pa\u00eds era de 22,4%, segundo o Relat\u00f3rio de Monitoramento das Metas do PNE de 2022. Quanto ao percentual de matr\u00edculas nesse modelo estava em 15,1%. <\/p>\n<p> Com o Programa Escola em Tempo Integral, o objetivo \u00e9 alcan\u00e7ar a meta 6 do Plano Nacional de Educa\u00e7\u00e3o (PNE). <\/p>\n<ul>\n<li>? <strong>Meta 6 do PNE:<\/strong> Oferecer educa\u00e7\u00e3o em tempo integral em, no m\u00ednimo, <strong>50% das escolas <\/strong>p\u00fablicas, de forma a atender, pelo menos,<strong> 25% dos alunos<\/strong> da educa\u00e7\u00e3o b\u00e1sica.<\/li>\n<\/ul>\n<ul>\n<li> <a href=\"https:\/\/g1.globo.com\/rj\/norte-fluminense\/cidade\/itaperuna\/\" class=\"entities__list-itemLink\" data-track-click=\"Itaperuna\"> Itaperuna <\/a> <\/li>\n<\/ul>\n<h3> <a id=\"js-next-article-desktop-link\" class=\"next-article-desktop-link\"><\/a> <\/h3>\n<h3> <a id=\"js-next-article-smart-link\" class=\"next-article-smart-link\"><\/a> <\/h3>\n<p>Veja tamb\u00e9m<\/p>\n<\/p>\n<\/p>\n<p>       Anterior   Pr\u00f3ximo     <\/p>\n","protected":false},"excerpt":{"rendered":"<p>Educa\u00e7\u00e3o em Itaperuna abre matr\u00edcula para alunos que desejam ingressar na Escola em Tempo Integral Prazo vai at\u00e9 26 de janeiro. Pela primeira vez, novo modelo ser\u00e1 implementado em tr\u00eas escolas da cidade. Reuni\u00e3o no come\u00e7ou do m\u00eas alinhou detalhes do novo modelo, como hor\u00e1rios e estrat\u00e9gias pedag\u00f3gicas. Por g1 &mdash; Itaperuna 18\/01\/2024 14h55 Atualizado [&hellip;]<\/p>\n","protected":false},"author":1,"featured_media":0,"comment_status":"closed","ping_status":"closed","sticky":false,"template":"","format":"standard","meta":{"footnotes":""},"categories":[],"tags":[],"class_list":["post-56544","post","type-post","status-publish","format-standard","hentry"],"_links":{"self":[{"href":"https:\/\/blog.corretoraideal.com.br\/index.php\/wp-json\/wp\/v2\/posts\/56544","targetHints":{"allow":["GET"]}}],"collection":[{"href":"https:\/\/blog.corretoraideal.com.br\/index.php\/wp-json\/wp\/v2\/posts"}],"about":[{"href":"https:\/\/blog.corretoraideal.com.br\/index.php\/wp-json\/wp\/v2\/types\/post"}],"author":[{"embeddable":true,"href":"https:\/\/blog.corretoraideal.com.br\/index.php\/wp-json\/wp\/v2\/users\/1"}],"replies":[{"embeddable":true,"href":"https:\/\/blog.corretoraideal.com.br\/index.php\/wp-json\/wp\/v2\/comments?post=56544"}],"version-history":[{"count":1,"href":"https:\/\/blog.corretoraideal.com.br\/index.php\/wp-json\/wp\/v2\/posts\/56544\/revisions"}],"predecessor-version":[{"id":56546,"href":"https:\/\/blog.corretoraideal.com.br\/index.php\/wp-json\/wp\/v2\/posts\/56544\/revisions\/56546"}],"wp:attachment":[{"href":"https:\/\/blog.corretoraideal.com.br\/index.php\/wp-json\/wp\/v2\/media?parent=56544"}],"wp:term":[{"taxonomy":"category","embeddable":true,"href":"https:\/\/blog.corretoraideal.com.br\/index.php\/wp-json\/wp\/v2\/categories?post=56544"},{"taxonomy":"post_tag","embeddable":true,"href":"https:\/\/blog.corretoraideal.com.br\/index.php\/wp-json\/wp\/v2\/tags?post=56544"}],"curies":[{"name":"wp","href":"https:\/\/api.w.org\/{rel}","templated":true}]}}