{"id":56547,"date":"2024-01-19T00:29:37","date_gmt":"2024-01-19T00:29:37","guid":{"rendered":"https:\/\/blog.corretoraideal.com.br\/?p=56547"},"modified":"2024-01-19T00:29:37","modified_gmt":"2024-01-19T00:29:37","slug":"apos-tcu-apontar-receitas-superestimadas-tebet-diz-que-checou-previsoes-e-considerou-orcamento-plausivel-economia-g1","status":"publish","type":"post","link":"https:\/\/blog.corretoraideal.com.br\/index.php\/2024\/01\/19\/apos-tcu-apontar-receitas-superestimadas-tebet-diz-que-checou-previsoes-e-considerou-orcamento-plausivel-economia-g1\/","title":{"rendered":"Ap\u00f3s TCU apontar receitas &#039;superestimadas&#039;, Tebet diz que checou previs\u00f5es e considerou Or\u00e7amento &#039;plaus\u00edvel&#039; | Economia | G1"},"content":{"rendered":"<br \/>\n<h1>Ap\u00f3s TCU apontar receitas &#039;superestimadas&#039;, Tebet diz que checou previs\u00f5es e considerou Or\u00e7amento &#039;plaus\u00edvel&#039;<\/h1>\n<h2>Em relat\u00f3rio, Tribunal de Contas da Uni\u00e3o afirmou que estimativa de receita projetada pela equipe econ\u00f4mica est\u00e1 &#039;muito acima&#039; do que a verificada nos anos anteriores, e que governo pode ter rombo de R$ 55 bi em 2024. Meta da equipe econ\u00f4mica \u00e9 zerar d\u00e9ficit neste ano.<\/h2>\n<p> Por g1 &mdash; Bras\u00edlia <\/p>\n<p>  18\/01\/2024 12h40    Atualizado  18\/01\/2024    <\/p>\n<ul>\n<li>\n<p> A ministra do Planejamento, Simone Tebet, afirmou nesta quinta-feira que checou e achou &#x27;plaus\u00edvel&#x27; a estimativa de arrecada\u00e7\u00e3o projetada pela Fazenda para 2024 <\/p>\n<\/li>\n<li>\n<p> Ela deu a declara\u00e7\u00e3o ao ser questionada sobre relat\u00f3rio do TCU que aponta previs\u00e3o &#x27;superestimada&#x27; de receitas e poss\u00edvel rombo de R$ 55 bilh\u00f5es <\/p>\n<\/li>\n<li>\n<p> Tebet disse que mudan\u00e7as aprovadas pelo Congresso puxaram a arrecada\u00e7\u00e3o para baixo e que o governo far\u00e1 um levantamento dos impactos das medidas <\/p>\n<\/li>\n<li>\n<p> O governo tem, como meta para 2024, zerar o d\u00e9ficit fiscal, o que \u00e9 considerado ousado por especialistas e agentes do mercado financeiro <\/p>\n<\/li>\n<\/ul>\n<p> A ministra do Planejamento, Simone Tebet, afirmou nesta quinta-feira que checou e achou &#x27;plaus\u00edvel&#x27; a estimativa de arrecada\u00e7\u00e3o projetada pela Fazenda para 2024 <\/p>\n<p> Ela deu a declara\u00e7\u00e3o ao ser questionada sobre relat\u00f3rio do TCU que aponta previs\u00e3o &#x27;superestimada&#x27; de receitas e poss\u00edvel rombo de R$ 55 bilh\u00f5es <\/p>\n<p> Tebet disse que mudan\u00e7as aprovadas pelo Congresso puxaram a arrecada\u00e7\u00e3o para baixo e que o governo far\u00e1 um levantamento dos impactos das medidas <\/p>\n<p> O governo tem, como meta para 2024, zerar o d\u00e9ficit fiscal, o que \u00e9 considerado ousado por especialistas e agentes do mercado financeiro <\/p>\n<p>         1 de 1&#013;A ministra do Planejamento, Simone Tebet, durante audi\u00eancia no Congresso em outubro de 2023 \u2014 Foto: Bruno Spada\/C\u00e2mara dos Deputados    <\/p>\n<p> A ministra do Planejamento, Simone Tebet, durante audi\u00eancia no Congresso em outubro de 2023 \u2014 Foto: Bruno Spada\/C\u00e2mara dos Deputados <\/p>\n<p> A ministra do Planejamento, <a class href=\"https:\/\/g1.globo.com\/politica\/politico\/simone-tebet\/\">Simone Tebet<\/a>, afirmou nesta quinta-feira (18) que o <a class href=\"https:\/\/g1.globo.com\/tudo-sobre\/ministerio-do-planejamento\/\">Minist\u00e9rio do Planejamento<\/a> checou, em julho de 2023, a estimativa de receitas para 2024 projetadas pelo <a class href=\"https:\/\/g1.globo.com\/tudo-sobre\/ministerio-da-fazenda\/\">Minist\u00e9rio da Fazenda<\/a> para a proposta de Or\u00e7amento deste ano e a considerou &quot;plaus\u00edvel&quot;. <\/p>\n<p> Tebet deu a declara\u00e7\u00e3o ap\u00f3s ser questionada por jornalistas sobre relat\u00f3rio do <a class href=\"https:\/\/g1.globo.com\/tudo-sobre\/tribunal-de-contas-da-uniao\/\">Tribunal de Contas da Uni\u00e3o<\/a> (TCU) <a class href=\"https:\/\/g1.globo.com\/politica\/noticia\/2024\/01\/17\/tcu-aponta-receitas-superestimadas-e-possibilidade-de-deficit-primario-para-2024.ghtml\">que apontou a exist\u00eancia de receitas &quot;superestimadas&quot; e possibilidade de um rombo de R$ 55 bilh\u00f5es neste ano<\/a> \u2013 na contram\u00e3o da meta do governo de zerar o d\u00e9ficit prim\u00e1rio nas contas p\u00fablicas. <\/p>\n<p> O d\u00e9ficit prim\u00e1rio acontece quando a arrecada\u00e7\u00e3o com tributos fica abaixo dos gastos do governo (sem considerar o pagamento de juros da d\u00edvida p\u00fablica). As receitas, portanto, s\u00e3o essenciais para o cumprimento da meta fiscal. <\/p>\n<p>&quot;No que se refere \u00e0quilo que foi apresentado at\u00e9 o dia 31 de julho para n\u00f3s, e que consta no Or\u00e7amento, o Minist\u00e9rio do Planejamento e Or\u00e7amento checou uma a uma as receitas apresentadas pela Fazenda e vimos que era plaus\u00edvel. Portanto, colocamos no or\u00e7amento&quot;, declarou Tebet.<\/p>\n<p> Em entrevista, a ministra afirmou que mudan\u00e7as aprovadas pelo Congresso em 2023 puxaram para baixo a estimativa de arrecada\u00e7\u00e3o, e que o governo far\u00e1 um levantamento das medidas. <\/p>\n<p> &quot;Toda vez que o Congresso faz altera\u00e7\u00e3o, ele mexe nesta balan\u00e7a, tanto que ele mexe pra mais ou para menos. No caso, mexeu para menos no que se refere \u00e0 arrecada\u00e7\u00e3o&quot;, afirmou. <\/p>\n<p> Tebet declarou ainda que o governo pode vetar at\u00e9 o dia 22 de janeiro trechos aprovados pelo Congresso no Or\u00e7amento deste ano. <\/p>\n<p> &quot;[Vamos] saber do crescimento do pa\u00eds, do crescimento da receita e fazer, ainda n\u00e3o fechamos para balan\u00e7o, estamos discutindo e analisando vetos, temos prazo at\u00e9 22 de janeiro pra encaminhar poss\u00edvel veto \u00e0 Lei Or\u00e7ament\u00e1ria Anual&quot;, disse. <\/p>\n<p> J\u00e1 o secret\u00e1rio-executivo do Minist\u00e9rio da Fazenda, Dario Durigan, afirmou que o relat\u00f3rio do TCU ser\u00e1 analisado, mas que os integrantes da equipe econ\u00f4mica est\u00e3o &quot;confiantes&quot; pois acreditam que o Or\u00e7amento de 2024, aprovado pelo Congresso, &quot;est\u00e1 fechado com equil\u00edbrio de receitas e despesas&quot;. <\/p>\n<p>&quot;\u00c9 preciso preservar as grandes decis\u00f5es do ano passado no Congresso, que se refletiram em uma pe\u00e7a or\u00e7ament\u00e1ria equilibrada. Esse ano a gente vai executar esse plano de a\u00e7\u00e3o feito pelo Congresso perseguindo o cumprimento do or\u00e7amento, que permite um equil\u00edbrio entre receitas e despesas&quot;, declarou o n\u00famero 2 da Fazenda.<\/p>\n<p> Especialistas e agentes do mercado financeiro t\u00eam considerada &quot;ousada&quot; a meta do governo de zerar o d\u00e9ficit fiscal em 2024. E recomendam corte de gastos para que objetivo seja atingido. <\/p>\n<p>                   <img loading=\"lazy\" decoding=\"async\" class=\"aligncenter size-full wp-image-56549\" src=\"https:\/\/blog.corretoraideal.com.br\/wp-content\/uploads\/2024\/01\/haddad-anuncia-pacote-para-aumentar-a-arrecadacao-e-zerar-deficit-no-ano-que-vem-1.jpeg\" alt=\"Haddad anuncia pacote para aumentar a arrecada\u00e7\u00e3o e zerar d\u00e9ficit no ano que vem\" width=\"800\" height=\"400\" \/>       <\/p>\n<p> Haddad anuncia pacote para aumentar a arrecada\u00e7\u00e3o e zerar d\u00e9ficit no ano que vem <\/p>\n<p><h2>O que apontou o TCU<\/h2>\n<\/p>\n<p> De acordo com o Tribunal, <a class href=\"https:\/\/g1.globo.com\/politica\/noticia\/2024\/01\/17\/tcu-aponta-receitas-superestimadas-e-possibilidade-de-deficit-primario-para-2024.ghtml\">as receitas governamentais foram &quot;superestimadas&quot; no Projeto de Lei Or\u00e7ament\u00e1ria (PLOA) <\/a>feito pelo governo federal e aprovado pelo <a class href=\"https:\/\/g1.globo.com\/tudo-sobre\/congresso-nacional\/\">Congresso Nacional<\/a> em dezembro. <\/p>\n<p> &quot;O Projeto de Lei Or\u00e7ament\u00e1ria Anual da Uni\u00e3o para o exerc\u00edcio financeiro de 2024, a estimativa da Receita Prim\u00e1ria Federal L\u00edquida em 19,2% do PIB \u00e9 muito acima do que foi observado nos anos recentes, indicando estar superestimada, o que acarreta a possibilidade de se ter d\u00e9ficit prim\u00e1rio de at\u00e9 R$ 55,3 bilh\u00f5es e de descumprimento da meta de resultado fiscal proposta no Projeto de LDO para 2024&quot;, menciona o relat\u00f3rio. <\/p>\n<p> O relat\u00f3rio aponta, ainda, que a expectativa de receita primeira l\u00edquida de 19,2% do PIB \u00e9 &quot;otimista&quot; e n\u00e3o parece ser fact\u00edvel, uma vez que foge do padr\u00e3o m\u00e9dio dos \u00faltimos anos e se encaixa no segundo maior pico hist\u00f3rico desde 1997. <\/p>\n<p> Para o Tribunal, a metodologia utilizada pelo Poder Executivo para calcular as novas receitas n\u00e3o foi apresentada no PLOA, &quot;gerando d\u00favidas quanto \u00e0 real capacidade arrecadat\u00f3ria das inova\u00e7\u00f5es legislativas&quot;, ou seja, <a class href=\"https:\/\/g1.globo.com\/jornal-nacional\/noticia\/2023\/12\/28\/fernando-haddad-anuncia-medidas-para-aumentar-arrecadacao-e-atingir-deficit-zero-em-2024.ghtml\">das novas propostas enviadas pelo governo e aprovadas pelo Congresso para tentar zerar o d\u00e9ficit<\/a>. <\/p>\n<p> \u201cO governo estima aumentar a arrecada\u00e7\u00e3o em 2024 por meio de diversas medidas cujas consequ\u00eancias ainda n\u00e3o s\u00e3o muito claras ou previs\u00edveis, tais como a reonera\u00e7\u00e3o da folha de pagamento,<a class href=\"https:\/\/g1.globo.com\/politica\/noticia\/2023\/12\/13\/lula-sanciona-lei-que-taxa-offshores-e-fundos-exclusivos.ghtml\"> a tributa\u00e7\u00e3o de offshores, o fim da dedu\u00e7\u00e3o tribut\u00e1ria de JCP<\/a> (juros sobre capital pr\u00f3prio), entre outras\u201d, detalha o TCU. <\/p>\n<ul>\n<li> <a href=\"https:\/\/g1.globo.com\/tudo-sobre\/congresso-nacional\/\" class=\"entities__list-itemLink\" data-track-click=\"Congresso Nacional\"> Congresso Nacional <\/a> <\/li>\n<li> <a href=\"https:\/\/g1.globo.com\/tudo-sobre\/ministerio-da-fazenda\/\" class=\"entities__list-itemLink\" data-track-click=\"Minist\u00e9rio da Fazenda\"> Minist\u00e9rio da Fazenda <\/a> <\/li>\n<li> <a href=\"https:\/\/g1.globo.com\/tudo-sobre\/ministerio-do-planejamento\/\" class=\"entities__list-itemLink\" data-track-click=\"Minist\u00e9rio do Planejamento\"> Minist\u00e9rio do Planejamento <\/a> <\/li>\n<li> <a href=\"https:\/\/g1.globo.com\/politica\/politico\/simone-tebet\/\" class=\"entities__list-itemLink\" data-track-click=\"Simone Tebet\"> Simone Tebet <\/a> <\/li>\n<li> <a href=\"https:\/\/g1.globo.com\/tudo-sobre\/tribunal-de-contas-da-uniao\/\" class=\"entities__list-itemLink\" data-track-click=\"Tribunal de Contas da Uni\u00e3o\"> Tribunal de Contas da Uni\u00e3o <\/a> <\/li>\n<\/ul>\n<h3> <a id=\"js-next-article-desktop-link\" class=\"next-article-desktop-link\"><\/a> <\/h3>\n<h3> <a id=\"js-next-article-smart-link\" class=\"next-article-smart-link\"><\/a> <\/h3>\n<p>Veja tamb\u00e9m<\/p>\n<\/p>\n<\/p>\n<p>       Anterior   Pr\u00f3ximo     <\/p>\n","protected":false},"excerpt":{"rendered":"<p>Ap\u00f3s TCU apontar receitas &#039;superestimadas&#039;, Tebet diz que checou previs\u00f5es e considerou Or\u00e7amento &#039;plaus\u00edvel&#039; Em relat\u00f3rio, Tribunal de Contas da Uni\u00e3o afirmou que estimativa de receita projetada pela equipe econ\u00f4mica est\u00e1 &#039;muito acima&#039; do que a verificada nos anos anteriores, e que governo pode ter rombo de R$ 55 bi em 2024. Meta da equipe [&hellip;]<\/p>\n","protected":false},"author":1,"featured_media":0,"comment_status":"closed","ping_status":"closed","sticky":false,"template":"","format":"standard","meta":{"footnotes":""},"categories":[],"tags":[],"class_list":["post-56547","post","type-post","status-publish","format-standard","hentry"],"_links":{"self":[{"href":"https:\/\/blog.corretoraideal.com.br\/index.php\/wp-json\/wp\/v2\/posts\/56547","targetHints":{"allow":["GET"]}}],"collection":[{"href":"https:\/\/blog.corretoraideal.com.br\/index.php\/wp-json\/wp\/v2\/posts"}],"about":[{"href":"https:\/\/blog.corretoraideal.com.br\/index.php\/wp-json\/wp\/v2\/types\/post"}],"author":[{"embeddable":true,"href":"https:\/\/blog.corretoraideal.com.br\/index.php\/wp-json\/wp\/v2\/users\/1"}],"replies":[{"embeddable":true,"href":"https:\/\/blog.corretoraideal.com.br\/index.php\/wp-json\/wp\/v2\/comments?post=56547"}],"version-history":[{"count":1,"href":"https:\/\/blog.corretoraideal.com.br\/index.php\/wp-json\/wp\/v2\/posts\/56547\/revisions"}],"predecessor-version":[{"id":56550,"href":"https:\/\/blog.corretoraideal.com.br\/index.php\/wp-json\/wp\/v2\/posts\/56547\/revisions\/56550"}],"wp:attachment":[{"href":"https:\/\/blog.corretoraideal.com.br\/index.php\/wp-json\/wp\/v2\/media?parent=56547"}],"wp:term":[{"taxonomy":"category","embeddable":true,"href":"https:\/\/blog.corretoraideal.com.br\/index.php\/wp-json\/wp\/v2\/categories?post=56547"},{"taxonomy":"post_tag","embeddable":true,"href":"https:\/\/blog.corretoraideal.com.br\/index.php\/wp-json\/wp\/v2\/tags?post=56547"}],"curies":[{"name":"wp","href":"https:\/\/api.w.org\/{rel}","templated":true}]}}