{"id":56558,"date":"2024-01-19T15:29:52","date_gmt":"2024-01-19T15:29:52","guid":{"rendered":"https:\/\/blog.corretoraideal.com.br\/?p=56558"},"modified":"2024-01-19T15:29:52","modified_gmt":"2024-01-19T15:29:52","slug":"governo-vai-revogar-mp-que-retoma-tributacao-sobre-a-folha-de-pagamento-diz-pacheco-politica-g1","status":"publish","type":"post","link":"https:\/\/blog.corretoraideal.com.br\/index.php\/2024\/01\/19\/governo-vai-revogar-mp-que-retoma-tributacao-sobre-a-folha-de-pagamento-diz-pacheco-politica-g1\/","title":{"rendered":"Governo vai revogar MP que retoma tributa\u00e7\u00e3o sobre a folha de pagamento, diz Pacheco | Pol\u00edtica | G1"},"content":{"rendered":"<br \/>\n<h1>Governo vai revogar MP que retoma tributa\u00e7\u00e3o sobre a folha de pagamento, diz Pacheco<\/h1>\n<h2>Outras medidas inclu\u00eddas no mesmo texto devem ser reeditadas, segundo o presidente do Congresso. Questionado em seguida, Haddad negou que decis\u00e3o j\u00e1 tenha sido tomada.<\/h2>\n<p> Por <a class=\"multi_signatures\" href=\"https:\/\/g1.globo.com\/autores\/kevin-lima\/\">Kevin Lima<\/a>, g1 &mdash; Bras\u00edlia <\/p>\n<p>  19\/01\/2024 09h59    Atualizado  19\/01\/2024    <\/p>\n<p> O presidente do <a class href=\"https:\/\/g1.globo.com\/tudo-sobre\/congresso-nacional\/\">Congresso Nacional<\/a>, senador Rodrigo Pacheco (PSD-MG), afirmou nesta sexta-feira (19) em evento na Su\u00ed\u00e7a que h\u00e1 um acordo constru\u00eddo para que o governo Luiz In\u00e1cio Lula da Silva (PT) revogue a medida provis\u00f3ria que restabelece tributa\u00e7\u00e3o sobre a folha de pagamentos. <\/p>\n<p> A MP foi editada no fim de dezembro e anunciada pelo ministro da Fazenda, Fernando Haddad, poucas semanas ap\u00f3s o Congresso decidir que prorrogaria a desonera\u00e7\u00e3o da folha de pagamento de 17 setores intensivos em m\u00e3o de obra. <\/p>\n<p>&quot;A minha prefer\u00eancia foi pela sa\u00edda atrav\u00e9s do di\u00e1logo e da constru\u00e7\u00e3o pol\u00edtica com o ministro Fernando Haddad e o presidente Lula. Conversei com ambos. E ficou ajustado. E aqui quero dizer: a desonera\u00e7\u00e3o da folha de pagamentos \u2014 a despeito daqueles que concordem ou n\u00e3o com esse instituto, mas tendo sido uma decis\u00e3o do Congresso Nacional, atrav\u00e9s de uma lei decidida pelo Congresso, e com um veto derrubado e por mim promulgada a lei \u2014 valer\u00e1&quot;, declarou Pacheco.<\/p>\n<p> Al\u00e9m da reonera\u00e7\u00e3o da folha, a MP inclui outras medidas pensadas pelo governo para cumprir a meta de d\u00e9ficit zero em 2024 \u2013 ou seja, de gastar apenas o que arrecadou no per\u00edodo. <\/p>\n<p> Segundo Pacheco, o acordo prev\u00ea que esses trechos sejam reeditados em uma nova MP. <\/p>\n<p>&quot;E h\u00e1 o compromisso do governo federal de reeditar a medida provis\u00f3ria para revogar esta medida provis\u00f3ria na parte que toca a desonera\u00e7\u00e3o da folha de pagamentos. Esse \u00e9 o compromisso pol\u00edtico que fizemos. E \u00e9 assim que vai acontecer e se encaminharem as coisas&quot;, prosseguiu.<\/p>\n<ul>\n<li><a class href=\"https:\/\/g1.globo.com\/economia\/noticia\/2024\/01\/04\/nota-contra-mp-que-reonera-a-folha-de-pagamento-de-17-setores.ghtml\">Entidades empresariais criticam MP de Haddad, que reonera a folha de pagamento de 17 setores<\/a><\/li>\n<\/ul>\n<p>                   <img loading=\"lazy\" decoding=\"async\" class=\"aligncenter size-full wp-image-56560\" src=\"https:\/\/blog.corretoraideal.com.br\/wp-content\/uploads\/2024\/01\/lideres-e-setores-pedem-que-congresso-devolva-mp-que-reonera-folha-de-pagamento.jpeg\" alt=\"L\u00edderes e setores pedem que Congresso devolva MP que reonera folha de pagamento\" width=\"800\" height=\"400\" \/>       <\/p>\n<p> L\u00edderes e setores pedem que Congresso devolva MP que reonera folha de pagamento <\/p>\n<p> <a class href=\"https:\/\/g1.globo.com\/politica\/noticia\/2023\/12\/29\/setores-citam-inseguranca-e-risco-para-empregos-e-pedem-a-pacheco-devolucao-de-mp-que-revisa-desoneracao.ghtml\">Parlamentares e entidades t\u00eam pedido a Pacheco que devolva a MP<\/a>. Entenda por qu\u00ea: <\/p>\n<ul>\n<li>Em outubro, C\u00e2mara e Senado aprovaram a <a class href=\"https:\/\/g1.globo.com\/jornal-nacional\/noticia\/2023\/10\/25\/senado-aprova-projeto-que-prorroga-desoneracao-da-folha-de-pagamento.ghtml\">prorroga\u00e7\u00e3o da desonera\u00e7\u00e3o da folha de pagamentos de 17 setores at\u00e9 2027<\/a>.<\/li>\n<li>O texto seguiu para a san\u00e7\u00e3o do presidente Lula \u2013 que, no entanto, <a class href=\"https:\/\/g1.globo.com\/politica\/noticia\/2023\/11\/23\/lula-veta-integralmente-projeto-que-desonera-a-folha-de-pagamento-de-17-setores-da-economia.ghtml\">vetou integralmente o projeto<\/a>.<\/li>\n<li>O veto voltou para a an\u00e1lise do Congresso, que <a class href=\"https:\/\/g1.globo.com\/politica\/noticia\/2023\/12\/14\/senado-vota-pela-derrubada-do-veto-a-desoneracao-da-folha-de-pagamentos-camara-ainda-vai-analisar.ghtml\">reverteu a decis\u00e3o<\/a> em dezembro e <a class href=\"https:\/\/g1.globo.com\/politica\/noticia\/2023\/12\/28\/apos-derrubadas-de-vetos-congresso-promulga-marco-temporal-e-desoneracao-da-folha.ghtml\">promulgou a lei que estendia a desonera\u00e7\u00e3o at\u00e9 2027<\/a>.<\/li>\n<li>Ao editar a medida provis\u00f3ria, o governo Lula reverteu novamente a decis\u00e3o do Congresso.<\/li>\n<\/ul>\n<p><h2>Governo ainda discute, diz Haddad<\/h2>\n<\/p>\n<p> Questionado sobre as falas de Pacheco horas depois, na manh\u00e3 desta sexta em Bras\u00edlia, Haddad negou que haja uma decis\u00e3o definitiva. E disse que tentou conversar com o presidente do Senado ap\u00f3s a declara\u00e7\u00e3o, mas n\u00e3o conseguiu contato. <\/p>\n<p> O ministro disse que ainda pretende se reunir com l\u00edderes partid\u00e1rios da C\u00e2mara e do Senado para tratar do tema, e que Lula ainda deve se reunir com Pacheco sobre o mesmo assunto. <\/p>\n<p>&quot;Tentei falar com o presidente Pacheco e n\u00e3o consegui. Agora, pela manh\u00e3, depois da fala dele. Mas eu conversei j\u00e1 com o presidente Pacheco, presidente Lula e o presidente [Arthur] Lira. Fiz um apanhado do entendimento de cada um sobre como proceder isso, levei \u00e0 considera\u00e7\u00e3o dos dois presidentes das Casas os valores envolvidos e a ideia do governo&quot;, declarou.<\/p>\n<p> &quot;No que diz respeito ao m\u00e9rito, no que diz respeito \u00e0 reonera\u00e7\u00e3o, n\u00f3s insistimos que o melhor princ\u00edpio \u00e9 o da reonera\u00e7\u00e3o gradual, como foi feito com todos os outros benef\u00edcios relativos a impostos sobre consumo&quot;, disse Haddad. <\/p>\n<p> &quot;E se valeu pra todo mundo, se valeu pra todos os regimes especiais do pa\u00eds, incluindo os estaduais, do ICMS, incluindo os municipais, do ISS. N\u00e3o seria um bom princ\u00edpio para um imposto como o imposto previdenci\u00e1rio, que sustenta a previd\u00eancia? Ent\u00e3o n\u00f3s levamos isso \u00e0 considera\u00e7\u00e3o dos dois presidentes [C\u00e2mara e Senado] e vamos discutir a melhor forma de proceder&quot;, prosseguiu. <\/p>\n<p><h2>Entidades criticam MP<\/h2>\n<\/p>\n<p> No in\u00edcio do m\u00eas, entidades do setor produtivo emitiram nota criticando a MP de Haddad que, na pr\u00e1tica, retoma uma tributa\u00e7\u00e3o mais alta sobre setores intensivos em m\u00e3o de obra. <\/p>\n<p> As entidades afirmam que as medidas anunciadas &quot;aumentam o \u00f4nus tribut\u00e1rio que recai sobre o setor produtivo, principal e fundamental gerador de riquezas e empregos que levam ao desenvolvimento econ\u00f4mico e social sustent\u00e1vel&quot;. <\/p>\n<p> A nota \u00e9 assinada pela Confedera\u00e7\u00e3o da Agricultura e Pecu\u00e1ria do Brasil (CNA), Confedera\u00e7\u00e3o Nacional do Com\u00e9rcio de Bens, Servi\u00e7os e Turismo (CNC), Confedera\u00e7\u00e3o Nacional da Ind\u00fastria (CNI) e Confedera\u00e7\u00e3o Nacional do Transporte (CNT). <\/p>\n<p> O grupo afirma que a MP 1202 \u00e9 &quot;equivocada&quot; pelo ponto de vista econ\u00f4mico e contraria uma &quot;inequ\u00edvoca&quot; vontade pol\u00edtica do Congresso Nacional, pois anula decis\u00f5es tanto de manuten\u00e7\u00e3o da desonera\u00e7\u00e3o da folha de pagamento como de derrubada do veto da Presid\u00eancia da Rep\u00fablica \u00e0 medida. <\/p>\n<p>&quot;A reonera\u00e7\u00e3o da folha de pagamentos aumenta o custo de empregar no Brasil e prejudica ainda mais a competitividade da ind\u00fastria e do com\u00e9rcio, que j\u00e1 enfrentam concorr\u00eancia desigual com as importa\u00e7\u00f5es, em especial com o com\u00e9rcio eletr\u00f4nico internacional, que n\u00e3o paga os mesmos tributos pagos pelo setor produtivo nacional&quot;, diz o texto.<\/p>\n<p> &quot;O setor produtivo entende a import\u00e2ncia de se buscar o ajuste das contas p\u00fablicas para que a economia possa crescer de forma sustentada. No entanto, o que temos observado \u00e9 o aumento das despesas do setor p\u00fablico e a busca do equil\u00edbrio fiscal com o aumento cont\u00ednuo da receita&quot;, prossegue a nota. <\/p>\n<p>                   <img loading=\"lazy\" decoding=\"async\" class=\"aligncenter size-full wp-image-56561\" src=\"https:\/\/blog.corretoraideal.com.br\/wp-content\/uploads\/2024\/01\/congresso-derruba-veto-presidencial-a-desoneracao-da-folha-de-pagamentos-de-17-setores-da-economia.jpeg\" alt=\"Congresso derruba veto presidencial \u00e0 desonera\u00e7\u00e3o da folha de pagamentos de 17 setores da economia\" width=\"800\" height=\"400\" \/>       <\/p>\n<p> Congresso derruba veto presidencial \u00e0 desonera\u00e7\u00e3o da folha de pagamentos de 17 setores da economia <\/p>\n<ul>\n<li> <a href=\"https:\/\/g1.globo.com\/tudo-sobre\/congresso-nacional\/\" class=\"entities__list-itemLink\" data-track-click=\"Congresso Nacional\"> Congresso Nacional <\/a> <\/li>\n<\/ul>\n<h3> <a id=\"js-next-article-desktop-link\" class=\"next-article-desktop-link\"><\/a> <\/h3>\n<h3> <a id=\"js-next-article-smart-link\" class=\"next-article-smart-link\"><\/a> <\/h3>\n<p>Veja tamb\u00e9m<\/p>\n<\/p>\n<\/p>\n<p>       Anterior   Pr\u00f3ximo     <\/p>\n","protected":false},"excerpt":{"rendered":"<p>Governo vai revogar MP que retoma tributa\u00e7\u00e3o sobre a folha de pagamento, diz Pacheco Outras medidas inclu\u00eddas no mesmo texto devem ser reeditadas, segundo o presidente do Congresso. Questionado em seguida, Haddad negou que decis\u00e3o j\u00e1 tenha sido tomada. Por Kevin Lima, g1 &mdash; Bras\u00edlia 19\/01\/2024 09h59 Atualizado 19\/01\/2024 O presidente do Congresso Nacional, senador [&hellip;]<\/p>\n","protected":false},"author":1,"featured_media":0,"comment_status":"closed","ping_status":"closed","sticky":false,"template":"","format":"standard","meta":{"footnotes":""},"categories":[],"tags":[],"class_list":["post-56558","post","type-post","status-publish","format-standard","hentry"],"_links":{"self":[{"href":"https:\/\/blog.corretoraideal.com.br\/index.php\/wp-json\/wp\/v2\/posts\/56558","targetHints":{"allow":["GET"]}}],"collection":[{"href":"https:\/\/blog.corretoraideal.com.br\/index.php\/wp-json\/wp\/v2\/posts"}],"about":[{"href":"https:\/\/blog.corretoraideal.com.br\/index.php\/wp-json\/wp\/v2\/types\/post"}],"author":[{"embeddable":true,"href":"https:\/\/blog.corretoraideal.com.br\/index.php\/wp-json\/wp\/v2\/users\/1"}],"replies":[{"embeddable":true,"href":"https:\/\/blog.corretoraideal.com.br\/index.php\/wp-json\/wp\/v2\/comments?post=56558"}],"version-history":[{"count":1,"href":"https:\/\/blog.corretoraideal.com.br\/index.php\/wp-json\/wp\/v2\/posts\/56558\/revisions"}],"predecessor-version":[{"id":56562,"href":"https:\/\/blog.corretoraideal.com.br\/index.php\/wp-json\/wp\/v2\/posts\/56558\/revisions\/56562"}],"wp:attachment":[{"href":"https:\/\/blog.corretoraideal.com.br\/index.php\/wp-json\/wp\/v2\/media?parent=56558"}],"wp:term":[{"taxonomy":"category","embeddable":true,"href":"https:\/\/blog.corretoraideal.com.br\/index.php\/wp-json\/wp\/v2\/categories?post=56558"},{"taxonomy":"post_tag","embeddable":true,"href":"https:\/\/blog.corretoraideal.com.br\/index.php\/wp-json\/wp\/v2\/tags?post=56558"}],"curies":[{"name":"wp","href":"https:\/\/api.w.org\/{rel}","templated":true}]}}