{"id":56567,"date":"2024-01-20T04:29:37","date_gmt":"2024-01-20T04:29:37","guid":{"rendered":"https:\/\/blog.corretoraideal.com.br\/?p=56567"},"modified":"2024-01-20T04:29:37","modified_gmt":"2024-01-20T04:29:37","slug":"onibus-de-turismo-precisam-ter-permissao-para-entrar-e-estacionar-em-macae-no-rj-norte-fluminense-g1","status":"publish","type":"post","link":"https:\/\/blog.corretoraideal.com.br\/index.php\/2024\/01\/20\/onibus-de-turismo-precisam-ter-permissao-para-entrar-e-estacionar-em-macae-no-rj-norte-fluminense-g1\/","title":{"rendered":"\u00d4nibus de turismo precisam ter permiss\u00e3o para entrar e estacionar em Maca\u00e9, no RJ | Norte Fluminense | G1"},"content":{"rendered":"<br \/>\n<h1>\u00d4nibus de turismo precisam ter permiss\u00e3o para entrar e estacionar em Maca\u00e9, no RJ<\/h1>\n<h2>Pedidos podem ser feitos pela internet. Objetivo \u00e9 promover o ordenamento vi\u00e1rio e melhorar a recep\u00e7\u00e3o dos turistas, segundo a Prefeitura.<\/h2>\n<p> Por g1 &mdash; Maca\u00e9 <\/p>\n<p>  19\/01\/2024 16h36    Atualizado  19\/01\/2024    <\/p>\n<p>                      1 de 1&#013;Requisi\u00e7\u00e3o para entrada e estacionamento \u00e9 feita de forma online pelo portal da Prefeitura de Maca\u00e9 \u2014 Foto: Prefeitura de Maca\u00e9\/Divulga\u00e7\u00e3o    <\/p>\n<p> Requisi\u00e7\u00e3o para entrada e estacionamento \u00e9 feita de forma online pelo portal da Prefeitura de Maca\u00e9 \u2014 Foto: Prefeitura de Maca\u00e9\/Divulga\u00e7\u00e3o <\/p>\n<p> Os \u00f4nibus de turismo precisam ter permiss\u00e3o para entrar e estacionar na cidade de <a class href=\"https:\/\/g1.globo.com\/rj\/regiao-dos-lagos\/cidade\/macae\/\">Maca\u00e9<\/a>, no Norte Fluminense. De acordo com informa\u00e7\u00e3o divulgada pela Prefeitura nesta quinta-feira (18), o objetivo \u00e9 promover o ordenamento vi\u00e1rio e receber da melhor forma os turistas que visitam a cidade. <\/p>\n<p> \u00c9 necess\u00e1rio fazer um cadastro pela internet para solicitar entrada e estacionamento, tudo pelo link disponibilizado pela Prefeitura, por meio do Sistema de Gest\u00e3o de Transporte: <a class href=\"https:\/\/sistranmacae.declink.com.br\" target=\"_blank\" rel=\"noopener noreferrer\">https:\/\/sistranmacae.declink.com.br<\/a>. <\/p>\n<p> Dever\u00e1 ser informado o CPF do respons\u00e1vel para depois preencher as informa\u00e7\u00f5es solicitadas, anexando os documentos obrigat\u00f3rios (formato PDF). <\/p>\n<p> Depois do cadastro, ser\u00e1 gerado um requerimento que passar\u00e1 por an\u00e1lise do setor de Cadastro e Vistoria da Secretaria de Mobilidade Urbana. <\/p>\n<p> A solicita\u00e7\u00e3o dever\u00e1 ser requerida com no m\u00ednimo tr\u00eas dias \u00fateis de anteced\u00eancia para ser analisada. <\/p>\n<p> Caso todos os requisitos tenham sido atendidos, o requerimento ser\u00e1 validado e a autoriza\u00e7\u00e3o enviada para o e-mail informado no cadastro. <\/p>\n<p> O diretor de Transporte da secretaria, Luiz Carlos Moreira, lembra que \u00e9 necess\u00e1rio, de acordo com a Lei Estadual n\u00ba 4315\/ 2004, a presen\u00e7a de guia de turismo local\/regional em excurs\u00f5es de turismo realizadas no Estado do Rio de Janeiro. <\/p>\n<p> \u201cPara autoriza\u00e7\u00e3o da entrada de \u00f4nibus tur\u00edstico em Maca\u00e9 \u00e9 necess\u00e1rio ter um guia de turismo regional RJ, com Cadastur, que estar\u00e1 respons\u00e1vel pela estadia do grupo no munic\u00edpio. A nossa sugest\u00e3o \u00e9 que as ag\u00eancias de turismo utilizem os guias cadastrados no munic\u00edpio, por terem melhor condi\u00e7\u00e3o de estar presente na chegada do \u00f4nibus e pelo conhecimento do territ\u00f3rio\u201d, ressalta. <\/p>\n<p> Em caso de d\u00favida, os interessados podem entrar em contato pelo e-mail cadastroevistoria@macae.rj.gov.br ou telefone: (22) 2763-6320. <\/p>\n<ul>\n<li> <a href=\"https:\/\/g1.globo.com\/rj\/regiao-dos-lagos\/cidade\/macae\/\" class=\"entities__list-itemLink\" data-track-click=\"Maca\u00e9\"> Maca\u00e9 <\/a> <\/li>\n<\/ul>\n<h3> <a id=\"js-next-article-desktop-link\" class=\"next-article-desktop-link\"><\/a> <\/h3>\n<h3> <a id=\"js-next-article-smart-link\" class=\"next-article-smart-link\"><\/a> <\/h3>\n<p>Veja tamb\u00e9m<\/p>\n<\/p>\n<\/p>\n<p>       Anterior   Pr\u00f3ximo     <\/p>\n","protected":false},"excerpt":{"rendered":"<p>\u00d4nibus de turismo precisam ter permiss\u00e3o para entrar e estacionar em Maca\u00e9, no RJ Pedidos podem ser feitos pela internet. Objetivo \u00e9 promover o ordenamento vi\u00e1rio e melhorar a recep\u00e7\u00e3o dos turistas, segundo a Prefeitura. Por g1 &mdash; Maca\u00e9 19\/01\/2024 16h36 Atualizado 19\/01\/2024 1 de 1&#013;Requisi\u00e7\u00e3o para entrada e estacionamento \u00e9 feita de forma online [&hellip;]<\/p>\n","protected":false},"author":1,"featured_media":0,"comment_status":"closed","ping_status":"closed","sticky":false,"template":"","format":"standard","meta":{"footnotes":""},"categories":[],"tags":[],"class_list":["post-56567","post","type-post","status-publish","format-standard","hentry"],"_links":{"self":[{"href":"https:\/\/blog.corretoraideal.com.br\/index.php\/wp-json\/wp\/v2\/posts\/56567","targetHints":{"allow":["GET"]}}],"collection":[{"href":"https:\/\/blog.corretoraideal.com.br\/index.php\/wp-json\/wp\/v2\/posts"}],"about":[{"href":"https:\/\/blog.corretoraideal.com.br\/index.php\/wp-json\/wp\/v2\/types\/post"}],"author":[{"embeddable":true,"href":"https:\/\/blog.corretoraideal.com.br\/index.php\/wp-json\/wp\/v2\/users\/1"}],"replies":[{"embeddable":true,"href":"https:\/\/blog.corretoraideal.com.br\/index.php\/wp-json\/wp\/v2\/comments?post=56567"}],"version-history":[{"count":1,"href":"https:\/\/blog.corretoraideal.com.br\/index.php\/wp-json\/wp\/v2\/posts\/56567\/revisions"}],"predecessor-version":[{"id":56569,"href":"https:\/\/blog.corretoraideal.com.br\/index.php\/wp-json\/wp\/v2\/posts\/56567\/revisions\/56569"}],"wp:attachment":[{"href":"https:\/\/blog.corretoraideal.com.br\/index.php\/wp-json\/wp\/v2\/media?parent=56567"}],"wp:term":[{"taxonomy":"category","embeddable":true,"href":"https:\/\/blog.corretoraideal.com.br\/index.php\/wp-json\/wp\/v2\/categories?post=56567"},{"taxonomy":"post_tag","embeddable":true,"href":"https:\/\/blog.corretoraideal.com.br\/index.php\/wp-json\/wp\/v2\/tags?post=56567"}],"curies":[{"name":"wp","href":"https:\/\/api.w.org\/{rel}","templated":true}]}}