{"id":56573,"date":"2024-01-20T11:30:19","date_gmt":"2024-01-20T11:30:19","guid":{"rendered":"https:\/\/blog.corretoraideal.com.br\/?p=56573"},"modified":"2024-01-20T11:30:19","modified_gmt":"2024-01-20T11:30:19","slug":"matador-de-abelhas-conheca-o-agrotoxico-que-sofreu-restricoes-pelo-ibama-agronegocios-g1","status":"publish","type":"post","link":"https:\/\/blog.corretoraideal.com.br\/index.php\/2024\/01\/20\/matador-de-abelhas-conheca-o-agrotoxico-que-sofreu-restricoes-pelo-ibama-agronegocios-g1\/","title":{"rendered":"&#039;Matador de abelhas&#039;: conhe\u00e7a o agrot\u00f3xico que sofreu restri\u00e7\u00f5es pelo Ibama | Agroneg\u00f3cios | G1"},"content":{"rendered":"<br \/>\n<h1>&#039;Matador de abelhas&#039;: conhe\u00e7a o agrot\u00f3xico que sofreu restri\u00e7\u00f5es pelo Ibama<\/h1>\n<h2>Decis\u00e3o pro\u00edbe a aplica\u00e7\u00e3o de produtos com fipronil em folhas e flores, para proteger insetos polinizadores. Agricultores ainda podem usar o componente ativo no solo.<\/h2>\n<p> Por <a class=\"multi_signatures\" href=\"https:\/\/g1.globo.com\/autores\/vivian-souza\/\">Vivian Souza<\/a>, g1 <\/p>\n<p>  20\/01\/2024 07h00    Atualizado  20\/01\/2024    <\/p>\n<ul>\n<li>\n<p> Em 2 de janeiro, o Ibama suspendeu o uso do componente ativo para agrot\u00f3xicos fipronil em produtos com aplica\u00e7\u00e3o em folhas e flores. <\/p>\n<\/li>\n<li>\n<p> A medida visa proteger insetos polinizadores, como as abelhas. <\/p>\n<\/li>\n<li>\n<p> O fipronil \u00e9 o principal componente ativo para controlar insetos sociais, aqueles que formam col\u00f4nias, como formigueiros e colmeias. <\/p>\n<\/li>\n<li>\n<p> Na forma a\u00e9rea, o agrot\u00f3xico pode ser levado para lugares que n\u00e3o precisam do controle de pragas, matando as abelhas do local. <\/p>\n<\/li>\n<li>\n<p> As abelhas s\u00e3o fundamenteis para a produ\u00e7\u00e3o de alimentos. Mais de 70% da poliniza\u00e7\u00e3o das esp\u00e9cies dessas plantas \u00e9 feita por elas. <\/p>\n<\/li>\n<\/ul>\n<p> Em 2 de janeiro, o Ibama suspendeu o uso do componente ativo para agrot\u00f3xicos fipronil em produtos com aplica\u00e7\u00e3o em folhas e flores. <\/p>\n<p> A medida visa proteger insetos polinizadores, como as abelhas. <\/p>\n<p> O fipronil \u00e9 o principal componente ativo para controlar insetos sociais, aqueles que formam col\u00f4nias, como formigueiros e colmeias. <\/p>\n<p> Na forma a\u00e9rea, o agrot\u00f3xico pode ser levado para lugares que n\u00e3o precisam do controle de pragas, matando as abelhas do local. <\/p>\n<p> As abelhas s\u00e3o fundamenteis para a produ\u00e7\u00e3o de alimentos. Mais de 70% da poliniza\u00e7\u00e3o das esp\u00e9cies dessas plantas \u00e9 feita por elas. <\/p>\n<p>         1 de 2&#013;Imagem de uma aplica\u00e7\u00e3o mecanizada de agrot\u00f3xicos para o controle de pragas e doen\u00e7as. \u2014 Foto: Christiane Congro Comas\/Embrapa    <\/p>\n<p> Imagem de uma aplica\u00e7\u00e3o mecanizada de agrot\u00f3xicos para o controle de pragas e doen\u00e7as. \u2014 Foto: Christiane Congro Comas\/Embrapa <\/p>\n<p> Desde 2 de janeiro, o agrot\u00f3xico fipronil est\u00e1 suspenso para aplica\u00e7\u00e3o em folhas e flores, para proteger insetos polinizadores, como as abelhas. A proibi\u00e7\u00e3o veio do <a class href=\"https:\/\/g1.globo.com\/tudo-sobre\/ibama\/\">Instituto Brasileiro do Meio Ambiente e dos Recursos Naturais Renov\u00e1veis<\/a> (Ibama). <\/p>\n<p> O fipronil \u00e9 um componente usado em inseticidas, produtos contra cupins e formigas e, apesar da restri\u00e7\u00e3o no campo, pode ainda ser encontrado nos supermercados em produtos do cotidiano, como no controle de carrapato e pulgas nos pets. <\/p>\n<p> Na lavoura, ele pode ser usado em diversos tipos de culturas, mas \u00e9 mais popular em plantios de soja, cana-de-a\u00e7\u00facar e algod\u00e3o.  <\/p>\n<p> O Brasil n\u00e3o \u00e9 o primeiro pa\u00eds a dar um passo para tr\u00e1s em rela\u00e7\u00e3o ao fipronil. O Uruguai foi pioneiro e baniu o agrot\u00f3xico em 2009. Depois vieram a <a class href=\"https:\/\/g1.globo.com\/tudo-sobre\/uniao-europeia\/\">Uni\u00e3o Europeia<\/a> (2013), o Vietn\u00e3 (2019), a Costa Rica (2022) e, no ano passado, a Col\u00f4mbia. A <a class href=\"https:\/\/g1.globo.com\/tudo-sobre\/africa-do-sul\/\">\u00c1frica do Sul<\/a> \u00e9 outro pa\u00eds onde o seu uso \u00e9 proibido. <\/p>\n<p> Segundo o Ibama, a raz\u00e3o da medida cautelar \u00e9 que \u201cas avalia\u00e7\u00f5es j\u00e1 realizadas indicam a potencial exist\u00eancia de risco ambiental inaceit\u00e1vel \u00e0s abelhas, decorrente da deriva da pulveriza\u00e7\u00e3o, para todos os produtos \u00e0 base de fipronil com indica\u00e7\u00e3o de uso via aplica\u00e7\u00e3o foliar\u201d, ou seja, em folhas. <\/p>\n<p> O comunicado da institui\u00e7\u00e3o determina ainda que as empresas que tenham o registro de agrot\u00f3xicos com fipronil publiquem um comunicado de advert\u00eancia sobre o componente ativo em at\u00e9 90 dias. <\/p>\n<p> O fipronil, que ganhou a fama de <strong>\u201cmatador de abelhas\u201d<\/strong>, tamb\u00e9m est\u00e1 sendo reavaliado pela Ag\u00eancia Nacional de Vigil\u00e2ncia Sanit\u00e1ria (Anvisa), ap\u00f3s ser identificado como um produto com \u201cpotenciais riscos \u00e0 sa\u00fade n\u00e3o identificados no momento da concess\u00e3o de registro\u201d, explicou o \u00f3rg\u00e3o em nota ao <a class href=\"https:\/\/g1.globo.com\/\"><strong>g1<\/strong><\/a>. <\/p>\n<p> Contudo, a ag\u00eancia alega que a reavalia\u00e7\u00e3o n\u00e3o foi feita ainda porque foram selecionados para an\u00e1lise outros produtos com maior prioridade na matriz de riscos utilizada pela institui\u00e7\u00e3o. <\/p>\n<p> <strong>Leia tamb\u00e9m:<\/strong> <\/p>\n<ul>\n<li><strong>Nova lei dos agrot\u00f3xicos: <\/strong><a class href=\"https:\/\/g1.globo.com\/economia\/agronegocios\/noticia\/2024\/01\/09\/nova-lei-dos-agrotoxicos-o-que-o-lula-vetou-e-a-repercussao-entre-ambientalistas-ruralistas-e-a-industria.ghtml\">o que o Lula vetou e a repercuss\u00e3o entre ambientalistas, ruralistas e a ind\u00fastria<\/a><\/li>\n<li><a class href=\"https:\/\/g1.globo.com\/economia\/agronegocios\/noticia\/2024\/01\/10\/liberacao-de-agrotoxicos-cai-no-brasil-em-2023-apos-sete-anos-seguidos-de-alta.ghtml\">Libera\u00e7\u00e3o de agrot\u00f3xicos cai no Brasil em 2023, ap\u00f3s sete anos seguidos de alta<\/a><\/li>\n<\/ul>\n<p><h2>O que \u00e9 o fipronil <\/h2>\n<\/p>\n<p> O fipronil \u00e9 o principal componente ativo para controlar insetos sociais, aqueles que formam col\u00f4nias, como formigueiros e colmeias, aponta Roberto Ara\u00fajo, diretor de Defensivos Qu\u00edmicos na CropLife Brasil e membro do comit\u00ea-executivo da Associa\u00e7\u00e3o Brasileira de Estudos das Abelhas (A.B.E.L.H.A.). <\/p>\n<p> Para matar esses insetos, o fipronil causa um bloqueio nos canais nervosos deles. Ent\u00e3o, os insetos s\u00e3o hiperestimulados e morrem, explica Ara\u00fajo. <\/p>\n<p>         2 de 2&#013;Fipronil: a abelha leva o inseticida para a colmeia, contaminando as outras por contato ou alimenta\u00e7\u00e3o. \u2014 Foto: Arte\/g1    <\/p>\n<p> Fipronil: a abelha leva o inseticida para a colmeia, contaminando as outras por contato ou alimenta\u00e7\u00e3o. \u2014 Foto: Arte\/g1 <\/p>\n<p><h2>Porque ele ganhou fama de \u2018matador das abelhas\u2019 <\/h2>\n<\/p>\n<p> Existem duas maneiras de se aplicar o fipronil na lavoura: <strong>terrestre <\/strong>(na forma s\u00f3lida, diretamente no solo) e <strong>a\u00e9rea<\/strong> (forma l\u00edquida, sobre folhas e flores), que \u00e9 espirrado em forma l\u00edquida nas folhas e flores, explica Osmar Malaspina, professor da Universidade Estadual Paulista (<a class href=\"https:\/\/g1.globo.com\/educacao\/universidade\/unesp\/\">Unesp<\/a>) e pesquisador sobre o efeito do fipronil nas abelhas. <\/p>\n<p> Na forma a\u00e9rea, o agrot\u00f3xico pode ser levado para lugares que n\u00e3o precisam do controle de pragas, matando as abelhas do local, aponta. Foi este modelo o proibido pelo Ibama. <\/p>\n<p> Malaspina explica que, at\u00e9 2011, a empresa desenvolvedora do produto possu\u00eda a sua patente. Na \u00e9poca, o agrot\u00f3xico era usado apenas para controle de insetos no solo nos cultivos de cana-de-a\u00e7\u00facar e para controlar pragas em sementes, sem ser aplicado no campo na sua forma l\u00edquida e, portanto, sem afetar as abelhas. <\/p>\n<p> Com a queda da patente, outras empresas come\u00e7aram a comercializar o fipronil e em outras formas, dando in\u00edcio \u00e0 sua aplica\u00e7\u00e3o em folhas e flores de forma a\u00e9rea, contaminando as abelhas. <\/p>\n<p>Foi a\u00ed que o fipronil se tornou o agrot\u00f3xico que mais mata abelhas, diz o pesquisador. <\/p>\n<p> Malaspina fez parte de um estudo feito em uma parceria da Unesp, da Universidade Federal de S\u00e3o Carlos (<a class href=\"https:\/\/g1.globo.com\/educacao\/universidade\/ufscar\/\">UFSCar<\/a>) e do Sindicato Nacional da Ind\u00fastria de Produtos para Defesa Vegetal (Sindiveg), que monitorou as ocorr\u00eancias de mortes massivas de abelhas no estado de S\u00e3o Paulo. O resultado, publicado em 2017, apontou o fipronil em 70% dos casos.  <\/p>\n<p> Os dados se referem apenas a mortes de abelhas criadas por apicultores, n\u00e3o foi poss\u00edvel ainda desenvolver uma an\u00e1lise dos insetos livres na natureza, explica o pesquisador. <\/p>\n<p> Por causa disso, mesmo antes dessa decis\u00e3o mais recente do Ibama, j\u00e1 era proibido aplicar fipronil durante a \u00e9poca das floradas, para evitar a contamina\u00e7\u00e3o das abelhas, que s\u00e3o importantes colaboradoras na produ\u00e7\u00e3o de alimentos. <\/p>\n<p> Mais de 70% da poliniza\u00e7\u00e3o das esp\u00e9cies de plantas na produ\u00e7\u00e3o de alimentos \u00e9 feita por abelhas, diz Malaspina. \u00c9 o caso, por exemplo, da ma\u00e7\u00e3, do maracuj\u00e1 e do caf\u00e9. <\/p>\n<p> Por isso, a agricultura e a apicultura s\u00e3o atividades que se complementam, aponta Ara\u00fajo, da CropLife Brasil. Com o uso de abelhas nas lavouras, a produtividade e a qualidade dos cultivos aumentam, explica. <\/p>\n<p> <strong>Veja no v\u00eddeo abaixo como \u00e9 a cria\u00e7\u00e3o de abelhas para produ\u00e7\u00e3o de mel no Brasil:<\/strong> <\/p>\n<p>                   <img loading=\"lazy\" decoding=\"async\" class=\"aligncenter size-full wp-image-56575\" src=\"https:\/\/blog.corretoraideal.com.br\/wp-content\/uploads\/2024\/01\/de-onde-vem-o-que-eu-como-mel.jpeg\" alt=\"De onde vem o que eu como: Mel\" width=\"800\" height=\"400\" \/>       <\/p>\n<p> De onde vem o que eu como: Mel <\/p>\n<p><h2>O que realmente muda com a medida do Ibama <\/h2>\n<\/p>\n<p> O fipronil tem seus efeitos estudados desde 2012, mas s\u00f3 agora o Ibama obteve dados satisfat\u00f3rios para tomar a medida, diz Malaspina. <\/p>\n<p>Com a decis\u00e3o, o fipronil n\u00e3o est\u00e1 proibido nas lavouras, mas fica proibida a sua aplica\u00e7\u00e3o nas folhas e nas flores, portanto ele ainda pode ser aplicado nas sementes e no solo. <\/p>\n<p> Mas isto n\u00e3o significa que todos os problemas est\u00e3o resolvidos, diz o professor: \u201cFalam: \u2018Est\u00e1 l\u00e1 no solo, n\u00e3o vai matar abelha\u2019. Mas vai chover em cima, vai contaminar o rio l\u00e1 na frente, vai matar peixe\u201d, diz. <\/p>\n<p> Ainda assim, para novas medidas, seria preciso mais pesquisas sobre as consequ\u00eancias, aponta. <\/p>\n<p> <strong>Saiba tamb\u00e9m: <\/strong><a class href=\"https:\/\/g1.globo.com\/economia\/agronegocios\/noticia\/2022\/06\/21\/hormonios-insetos-virus-entenda-como-os-defensivos-biologicos-podem-ser-alternativas-aos-agrotoxicos.ghtml\">Entenda como os defensivos biol\u00f3gicos podem ser alternativas aos agrot\u00f3xicos<\/a> <\/p>\n<p><h2>Setor pego de &#x27;surpresa &#x27;<\/h2>\n<\/p>\n<p> Para Ara\u00fajo, diretor de Defensivos Qu\u00edmicos na CropLife Brasil, a surpresa na medida cautelar do Ibama \u00e9 a suspens\u00e3o imediata do uso do produto na aplica\u00e7\u00e3o foliar. <\/p>\n<p> \u201cEsse tipo de coisa traz uma inseguran\u00e7a jur\u00eddica, traz aspectos que afetam economicamente as ind\u00fastrias, os revendedores e os pr\u00f3prios agricultores que fazem a utiliza\u00e7\u00e3o dessa tecnologia\u201d, afirma. <\/p>\n<p> Para ele, seria preciso ter um per\u00edodo de transi\u00e7\u00e3o para que os produtos em estoque fossem usados e para que o setor pudesse encontrar alternativas ao fipronil. <\/p>\n<p> O diretor diz ainda que, quando aplicado corretamente, os danos do fipronil s\u00e3o minimizados: \u201cO produto fica aderido na semente, n\u00e9? Ent\u00e3o, quando \u00e9 semeada, ela \u00e9 colocada dentro do solo, ela \u00e9 coberta e n\u00e3o tem contato com abelhas\u201d, diz. <\/p>\n<p> Para Ara\u00fajo, o fipronil acabou sendo \u201cvilanizado\u201d pela facilidade de ser diagnosticado nas mortes das abelhas, mas que o real culpado \u00e9 a aplica\u00e7\u00e3o errada dos produtos. Ele ressalta ainda a import\u00e2ncia da tecnologia desta mol\u00e9cula para controle de insetos, como os cupins e formigas. <\/p>\n<p><h2>Tem como evitar a morte das abelhas na agricultura? <\/h2>\n<\/p>\n<p> Tanto para o pesquisador da Unesp Malaspina quanto para o diretor de Defensivos Qu\u00edmicos na CropLife, Ara\u00fajo, o primeiro passo \u00e9 o uso correto dos agrot\u00f3xicos, para evitar que as abelhas tenham contato com eles e morram. <\/p>\n<p> Uma das formas de se fazer isso, por exemplo, \u00e9 priorizar aplica\u00e7\u00f5es pela manh\u00e3 e \u00e0 noite, quando elas n\u00e3o est\u00e3o colhendo o p\u00f3len. <\/p>\n<p> Outra atitude importante \u00e9 que o apicultor e o agricultor tenham uma boa rela\u00e7\u00e3o, deste modo ambos combinam os dias de aplica\u00e7\u00e3o dos agrot\u00f3xicos, podendo existir uma programa\u00e7\u00e3o para as abelhas ficarem retidas em suas caixas e seguras. <\/p>\n<p> Al\u00e9m do uso de agrot\u00f3xicos, Melaspina ressalta a import\u00e2ncia dos defensivos biol\u00f3gicos no combate \u00e0s pragas nas lavouras, diminuindo o uso de produtos t\u00f3xicos \u00e0s abelhas. <\/p>\n<p>\u201cJ\u00e1 existe t\u00e9cnica e conhecimento cient\u00edfico dispon\u00edvel para que as pessoas consigam promover a conviv\u00eancia harm\u00f4nica entre agricultura e apicultura\u201d, afirma Ara\u00fajo. <\/p>\n<p><h2>Entenda como \u00e9 a produ\u00e7\u00e3o de alimentos no Brasil:<\/h2>\n<\/p>\n<p>                       <img loading=\"lazy\" decoding=\"async\" class=\"aligncenter size-full wp-image-56576\" src=\"https:\/\/blog.corretoraideal.com.br\/wp-content\/uploads\/2024\/01\/agua-de-coco-nao-e-tudo-igual-veja-quais-tipos-podem-ser-comercializados-no-brasil-2.jpeg\" alt=\"\u00c1gua de coco n\u00e3o \u00e9 tudo igual: veja quais tipos podem ser comercializados no Brasil\" width=\"800\" height=\"400\" \/>       <\/p>\n<p> \u00c1gua de coco n\u00e3o \u00e9 tudo igual: veja quais tipos podem ser comercializados no Brasil <\/p>\n<p>                    <img loading=\"lazy\" decoding=\"async\" class=\"aligncenter size-full wp-image-56577\" src=\"https:\/\/blog.corretoraideal.com.br\/wp-content\/uploads\/2024\/01\/de-onde-vem-a-uva-de-mesa-4.jpeg\" alt=\"De onde vem a uva de mesa\" width=\"800\" height=\"400\" \/>       <\/p>\n<p> De onde vem a uva de mesa <\/p>\n<p>                    <img loading=\"lazy\" decoding=\"async\" class=\"aligncenter size-full wp-image-56578\" src=\"https:\/\/blog.corretoraideal.com.br\/wp-content\/uploads\/2024\/01\/trigo-espera-ate-um-ano-e-passa-por-mais-de-30-processos-antes-de-virar-pao-2.jpeg\" alt=\"Trigo espera at\u00e9 um ano e passa por mais de 30 processos antes de virar p\u00e3o\" width=\"800\" height=\"400\" \/>       <\/p>\n<p> Trigo espera at\u00e9 um ano e passa por mais de 30 processos antes de virar p\u00e3o <\/p>\n<ul>\n<li> <a href=\"https:\/\/g1.globo.com\/tudo-sobre\/ibama\/\" class=\"entities__list-itemLink\" data-track-click=\"Ibama\"> Ibama <\/a> <\/li>\n<li> <a href=\"https:\/\/g1.globo.com\/educacao\/universidade\/ufscar\/\" class=\"entities__list-itemLink\" data-track-click=\"UFSCAR\"> UFSCAR <\/a> <\/li>\n<li> <a href=\"https:\/\/g1.globo.com\/educacao\/universidade\/unesp\/\" class=\"entities__list-itemLink\" data-track-click=\"UNESP\"> UNESP <\/a> <\/li>\n<li> <a href=\"https:\/\/g1.globo.com\/tudo-sobre\/uniao-europeia\/\" class=\"entities__list-itemLink\" data-track-click=\"Uni\u00e3o Europeia\"> Uni\u00e3o Europeia <\/a> <\/li>\n<li> <a href=\"https:\/\/g1.globo.com\/tudo-sobre\/africa-do-sul\/\" class=\"entities__list-itemLink\" data-track-click=\"\u00c1frica do Sul\"> \u00c1frica do Sul <\/a> <\/li>\n<\/ul>\n<h3> <a id=\"js-next-article-desktop-link\" class=\"next-article-desktop-link\"><\/a> <\/h3>\n<h3> <a id=\"js-next-article-smart-link\" class=\"next-article-smart-link\"><\/a> <\/h3>\n<p>Veja tamb\u00e9m<\/p>\n<\/p>\n<\/p>\n<p>       Anterior   Pr\u00f3ximo     <\/p>\n","protected":false},"excerpt":{"rendered":"<p>&#039;Matador de abelhas&#039;: conhe\u00e7a o agrot\u00f3xico que sofreu restri\u00e7\u00f5es pelo Ibama Decis\u00e3o pro\u00edbe a aplica\u00e7\u00e3o de produtos com fipronil em folhas e flores, para proteger insetos polinizadores. Agricultores ainda podem usar o componente ativo no solo. Por Vivian Souza, g1 20\/01\/2024 07h00 Atualizado 20\/01\/2024 Em 2 de janeiro, o Ibama suspendeu o uso do componente [&hellip;]<\/p>\n","protected":false},"author":1,"featured_media":0,"comment_status":"closed","ping_status":"closed","sticky":false,"template":"","format":"standard","meta":{"footnotes":""},"categories":[],"tags":[],"class_list":["post-56573","post","type-post","status-publish","format-standard","hentry"],"_links":{"self":[{"href":"https:\/\/blog.corretoraideal.com.br\/index.php\/wp-json\/wp\/v2\/posts\/56573","targetHints":{"allow":["GET"]}}],"collection":[{"href":"https:\/\/blog.corretoraideal.com.br\/index.php\/wp-json\/wp\/v2\/posts"}],"about":[{"href":"https:\/\/blog.corretoraideal.com.br\/index.php\/wp-json\/wp\/v2\/types\/post"}],"author":[{"embeddable":true,"href":"https:\/\/blog.corretoraideal.com.br\/index.php\/wp-json\/wp\/v2\/users\/1"}],"replies":[{"embeddable":true,"href":"https:\/\/blog.corretoraideal.com.br\/index.php\/wp-json\/wp\/v2\/comments?post=56573"}],"version-history":[{"count":1,"href":"https:\/\/blog.corretoraideal.com.br\/index.php\/wp-json\/wp\/v2\/posts\/56573\/revisions"}],"predecessor-version":[{"id":56579,"href":"https:\/\/blog.corretoraideal.com.br\/index.php\/wp-json\/wp\/v2\/posts\/56573\/revisions\/56579"}],"wp:attachment":[{"href":"https:\/\/blog.corretoraideal.com.br\/index.php\/wp-json\/wp\/v2\/media?parent=56573"}],"wp:term":[{"taxonomy":"category","embeddable":true,"href":"https:\/\/blog.corretoraideal.com.br\/index.php\/wp-json\/wp\/v2\/categories?post=56573"},{"taxonomy":"post_tag","embeddable":true,"href":"https:\/\/blog.corretoraideal.com.br\/index.php\/wp-json\/wp\/v2\/tags?post=56573"}],"curies":[{"name":"wp","href":"https:\/\/api.w.org\/{rel}","templated":true}]}}