{"id":56580,"date":"2024-01-20T15:29:39","date_gmt":"2024-01-20T15:29:39","guid":{"rendered":"https:\/\/blog.corretoraideal.com.br\/?p=56580"},"modified":"2024-01-20T15:29:39","modified_gmt":"2024-01-20T15:29:39","slug":"greve-geral-na-argentina-faz-aereas-brasileiras-cancelarem-voos-para-o-proximo-dia-24-turismo-e-viagem-g1","status":"publish","type":"post","link":"https:\/\/blog.corretoraideal.com.br\/index.php\/2024\/01\/20\/greve-geral-na-argentina-faz-aereas-brasileiras-cancelarem-voos-para-o-proximo-dia-24-turismo-e-viagem-g1\/","title":{"rendered":"Greve geral na Argentina faz a\u00e9reas brasileiras cancelarem voos para o pr\u00f3ximo dia 24 | Turismo e Viagem | G1"},"content":{"rendered":"<br \/>\n<h1>Greve geral na Argentina faz a\u00e9reas brasileiras cancelarem voos para o pr\u00f3ximo dia 24<\/h1>\n<h2>Apura\u00e7\u00e3o do g1 identificou 33 voos cancelados. GOL e da Latam d\u00e3o orienta\u00e7\u00f5es para quem foi atingido; saiba o que fazer.<\/h2>\n<p> Por <a class=\"multi_signatures\" href=\"https:\/\/g1.globo.com\/autores\/paula-salati\/\">Paula Salati<\/a>, g1 <\/p>\n<p>  20\/01\/2024 11h04    Atualizado  20\/01\/2024    <\/p>\n<ul>\n<li>\n<p> A Confedera\u00e7\u00e3o Geral do Trabalho (CGT) convocou uma greve geral na Argentina para o dia 24 de janeiro, ap\u00f3s o presidente eleito Javier Milei anunciar uma s\u00e9rie de reformas econ\u00f4micas e trabalhistas. <\/p>\n<\/li>\n<li>\n<p> Isso fez as \u00e1reas brasileiras cancelarem 33 voos para este dia, segundo uma pesquisa do g1 nos sites da GOL e da Latam. A Azul n\u00e3o opera no pa\u00eds vizinho. <\/p>\n<\/li>\n<li>\n<p> S\u00f3 na GOL, est\u00e3o previstos 22 cancelamentos, enquanto na Latam s\u00e3o 11 rotas canceladas e uma com status de atraso. <\/p>\n<\/li>\n<li>\n<p> A GOL disse que a paralisa\u00e7\u00e3o afetar\u00e1 toda a atividade aeroportu\u00e1ria nas cidades em que a companhia opera (Buenos Aires, C\u00f3rdoba, Mendoza e Ros\u00e1rio) e que isso impossibilita a realiza\u00e7\u00e3o dos voos. <\/p>\n<\/li>\n<li>\n<p> A GOL informou ainda que os seus clientes ter\u00e3o seus voos remarcados para outras datas e poder\u00e3o realizar a altera\u00e7\u00e3o sem custos, podendo solicitar reembolso integral. <\/p>\n<\/li>\n<li>\n<p> A Latam disse que os passageiros poder\u00e3o alterar o voo (sem multa) para uma nova data de viagem at\u00e9 15 dias ap\u00f3s a data original. Al\u00e9m disso, afirma que os clientes podem solicitar reembolso. <\/p>\n<\/li>\n<\/ul>\n<p> A Confedera\u00e7\u00e3o Geral do Trabalho (CGT) convocou uma greve geral na Argentina para o dia 24 de janeiro, ap\u00f3s o presidente eleito Javier Milei anunciar uma s\u00e9rie de reformas econ\u00f4micas e trabalhistas. <\/p>\n<p> Isso fez as \u00e1reas brasileiras cancelarem 33 voos para este dia, segundo uma pesquisa do g1 nos sites da GOL e da Latam. A Azul n\u00e3o opera no pa\u00eds vizinho. <\/p>\n<p> S\u00f3 na GOL, est\u00e3o previstos 22 cancelamentos, enquanto na Latam s\u00e3o 11 rotas canceladas e uma com status de atraso. <\/p>\n<p> A GOL disse que a paralisa\u00e7\u00e3o afetar\u00e1 toda a atividade aeroportu\u00e1ria nas cidades em que a companhia opera (Buenos Aires, C\u00f3rdoba, Mendoza e Ros\u00e1rio) e que isso impossibilita a realiza\u00e7\u00e3o dos voos. <\/p>\n<p> A GOL informou ainda que os seus clientes ter\u00e3o seus voos remarcados para outras datas e poder\u00e3o realizar a altera\u00e7\u00e3o sem custos, podendo solicitar reembolso integral. <\/p>\n<p> A Latam disse que os passageiros poder\u00e3o alterar o voo (sem multa) para uma nova data de viagem at\u00e9 15 dias ap\u00f3s a data original. Al\u00e9m disso, afirma que os clientes podem solicitar reembolso. <\/p>\n<p>         1 de 1&#013;Movimenta\u00e7\u00e3o no Aeroporto Internacional de Guarulhos em S\u00e3o Paulo, em novembro de 2022. \u2014 Foto: SUAMY BEYDOUN\/AGIF &#8211; AG\u00caNCIA DE FOTOGRAFIA\/ESTAD\u00c3O CONTE\u00daDO    <\/p>\n<p> Movimenta\u00e7\u00e3o no Aeroporto Internacional de Guarulhos em S\u00e3o Paulo, em novembro de 2022. \u2014 Foto: SUAMY BEYDOUN\/AGIF &#8211; AG\u00caNCIA DE FOTOGRAFIA\/ESTAD\u00c3O CONTE\u00daDO <\/p>\n<p> A greve geral na Argentina convocada pela Confedera\u00e7\u00e3o Geral do Trabalho (CGT), para o dia 24 de janeiro, fez as \u00e1reas brasileiras cancelarem voos para este dia, segundo uma pesquisa do <a class href=\"https:\/\/g1.globo.com\/\"><strong>g1<\/strong><\/a> nos sites da <a class href=\"https:\/\/g1.globo.com\/tudo-sobre\/gol\/\">GOL <\/a>e da <a class href=\"https:\/\/g1.globo.com\/tudo-sobre\/latam\/\">Latam<\/a>. A Azul n\u00e3o opera no pa\u00eds vizinho. <\/p>\n<p> O levantamento feito pela reportagem detectou<strong> 33 cancelamentos de voos de ida e volta, entre Brasil e Argentina, no dia 24 de janeiro. <\/strong>A pesquisa foi realizada na manh\u00e3 deste s\u00e1bado (20). <\/p>\n<p> S\u00f3 na GOL, est\u00e3o previstos 22 cancelamentos, enquanto na Latam o<a class href=\"https:\/\/g1.globo.com\/\"> <strong>g1<\/strong><\/a> apurou 11 rotas canceladas e uma com status de atraso. <\/p>\n<p> A greve geral na Argentina foi convocada<a class href=\"https:\/\/g1.globo.com\/mundo\/noticia\/2023\/12\/30\/entenda-milei-pode-ter-superpoderes-para-governar-argentina.ghtml\"> ainda no final de dezembro<\/a>, ap\u00f3s o presidente eleito <a class href=\"https:\/\/g1.globo.com\/tudo-sobre\/javier-milei\/\">Javier Milei<\/a> anunciar uma s\u00e9rie de reformas econ\u00f4micas e trabalhistas. <\/p>\n<p><h2>O que dizem as \u00e1reas<\/h2>\n<\/p>\n<p> Em nota, a GOL enviou orienta\u00e7\u00f5es para os passageiros que tiveram seus voos cancelados e explicou que a decis\u00e3o foi necess\u00e1ria, pois a <strong>paralisa\u00e7\u00e3o afetar\u00e1 toda a atividade aeroportu\u00e1ria nas cidades em que a companhia opera<\/strong> (Buenos Aires, C\u00f3rdoba, Mendoza e Ros\u00e1rio), &quot;impossibilitando a realiza\u00e7\u00e3o dos voos.&quot; <\/p>\n<p> J\u00e1 a nota da Latam apenas cita &quot;poss\u00edveis cancelamentos&quot; nos voos de ida e volta entre Brasil e Argentina no dia 24. E indica as alternativas para os passageiros com voos cancelados. <\/p>\n<p><h2>Orienta\u00e7\u00f5es da GOL e da Latam <\/h2>\n<\/p>\n<p> <strong>GOL<\/strong> <\/p>\n<p> A a\u00e9rea informou que os seus clientes ter\u00e3o seus voos remarcados para outras datas e <strong>poder\u00e3o realizar a altera\u00e7\u00e3o sem custos, podendo solicitar reembolso integral<\/strong>. <\/p>\n<p> &quot;Clientes com bilhetes marcados para esta data est\u00e3o recebendo comunica\u00e7\u00e3o via e-mail e SMS, de acordo com os dados informados no ato da compra, j\u00e1 podendo realizar a autogest\u00e3o de seus bilhetes nos Canais Digitais da GOL&quot;, diz a empresa. <\/p>\n<ul>\n<li>A companhia disse ainda que criou opera\u00e7\u00f5es extras para os dias 25 e 26 de janeiro;<\/li>\n<li>Em caso de d\u00favidas, os passageiros podem entrar em contato com a <strong>Central de Relacionamento pelo n\u00famero 0300 115 2121<\/strong>;<\/li>\n<li>Para clientes na Argentina, o n\u00famero de contato \u00e9 o +55 11 3471 2973, com atendimento em espanhol das 8h \u00e0s 20h;<\/li>\n<li>Quem adquiriu passagem por ag\u00eancias de viagem deve procurar diretamente seus representantes, diz a GOL.<\/li>\n<\/ul>\n<p> <strong>LATAM<\/strong> <\/p>\n<p> A companhia informou que os passageiros afetados poder\u00e3o utilizar uma das seguintes op\u00e7\u00f5es: <\/p>\n<ul>\n<li><strong>Altera\u00e7\u00e3o de data\/voo: <\/strong>sem multa (tanto ida quanto volta) para uma nova data de viagem at\u00e9 15 dias ap\u00f3s a data original;<\/li>\n<li><strong>Reembolso: <\/strong>podem ser solicitados sem multa para todos os bilhetes n\u00e3o utilizados.<\/li>\n<\/ul>\n<p> A \u00e1erea orientou ainda que os passageiros confirmem periodicamente o status dos voos no site. <\/p>\n<p><h2>Leia tamb\u00e9m:<\/h2>\n<\/p>\n<ul>\n<li><strong>Do &#x27;n\u00e3o se negocia&#x27; \u00e0 pol\u00edtica da vida real:<\/strong> <a class href=\"https:\/\/g1.globo.com\/mundo\/noticia\/2024\/01\/20\/do-nao-se-negocia-a-politica-da-vida-real-governo-milei-recua-e-modifica-lei-omnibus-para-convencer-congresso-a-aprova-la.ghtml\">governo Milei recua e modifica lei &#x27;omnibus&#x27; para convencer Congresso a aprov\u00e1-la<\/a><\/li>\n<\/ul>\n<p>                   <img loading=\"lazy\" decoding=\"async\" class=\"aligncenter size-full wp-image-56582\" src=\"https:\/\/blog.corretoraideal.com.br\/wp-content\/uploads\/2024\/01\/javier-milei-discursa-pela-primeira-vez-no-forum-economico-mundial-em-davos.jpeg\" alt=\"Javier Milei discursa pela primeira vez no F\u00f3rum Econ\u00f4mico Mundial, em Davos\" width=\"800\" height=\"400\" \/>       <\/p>\n<p> Javier Milei discursa pela primeira vez no F\u00f3rum Econ\u00f4mico Mundial, em Davos <\/p>\n<p>                    <img loading=\"lazy\" decoding=\"async\" class=\"aligncenter size-full wp-image-56583\" src=\"https:\/\/blog.corretoraideal.com.br\/wp-content\/uploads\/2024\/01\/justica-suspende-reforma-trabalhista-do-governo-de-milei.jpeg\" alt=\"Justi\u00e7a suspende reforma trabalhista do governo de Milei\" width=\"800\" height=\"400\" \/>       <\/p>\n<p> Justi\u00e7a suspende reforma trabalhista do governo de Milei <\/p>\n<ul>\n<li> <a href=\"https:\/\/g1.globo.com\/tudo-sobre\/javier-milei\/\" class=\"entities__list-itemLink\" data-track-click=\"Javier Milei\"> Javier Milei <\/a> <\/li>\n<li> <a href=\"https:\/\/g1.globo.com\/tudo-sobre\/latam\/\" class=\"entities__list-itemLink\" data-track-click=\"Latam\"> Latam <\/a> <\/li>\n<\/ul>\n<h3> <a id=\"js-next-article-desktop-link\" class=\"next-article-desktop-link\"><\/a> <\/h3>\n<h3> <a id=\"js-next-article-smart-link\" class=\"next-article-smart-link\"><\/a> <\/h3>\n<p>Veja tamb\u00e9m<\/p>\n<\/p>\n<\/p>\n<p>       Anterior   Pr\u00f3ximo     <\/p>\n","protected":false},"excerpt":{"rendered":"<p>Greve geral na Argentina faz a\u00e9reas brasileiras cancelarem voos para o pr\u00f3ximo dia 24 Apura\u00e7\u00e3o do g1 identificou 33 voos cancelados. GOL e da Latam d\u00e3o orienta\u00e7\u00f5es para quem foi atingido; saiba o que fazer. Por Paula Salati, g1 20\/01\/2024 11h04 Atualizado 20\/01\/2024 A Confedera\u00e7\u00e3o Geral do Trabalho (CGT) convocou uma greve geral na Argentina [&hellip;]<\/p>\n","protected":false},"author":1,"featured_media":0,"comment_status":"closed","ping_status":"closed","sticky":false,"template":"","format":"standard","meta":{"footnotes":""},"categories":[],"tags":[],"class_list":["post-56580","post","type-post","status-publish","format-standard","hentry"],"_links":{"self":[{"href":"https:\/\/blog.corretoraideal.com.br\/index.php\/wp-json\/wp\/v2\/posts\/56580","targetHints":{"allow":["GET"]}}],"collection":[{"href":"https:\/\/blog.corretoraideal.com.br\/index.php\/wp-json\/wp\/v2\/posts"}],"about":[{"href":"https:\/\/blog.corretoraideal.com.br\/index.php\/wp-json\/wp\/v2\/types\/post"}],"author":[{"embeddable":true,"href":"https:\/\/blog.corretoraideal.com.br\/index.php\/wp-json\/wp\/v2\/users\/1"}],"replies":[{"embeddable":true,"href":"https:\/\/blog.corretoraideal.com.br\/index.php\/wp-json\/wp\/v2\/comments?post=56580"}],"version-history":[{"count":1,"href":"https:\/\/blog.corretoraideal.com.br\/index.php\/wp-json\/wp\/v2\/posts\/56580\/revisions"}],"predecessor-version":[{"id":56584,"href":"https:\/\/blog.corretoraideal.com.br\/index.php\/wp-json\/wp\/v2\/posts\/56580\/revisions\/56584"}],"wp:attachment":[{"href":"https:\/\/blog.corretoraideal.com.br\/index.php\/wp-json\/wp\/v2\/media?parent=56580"}],"wp:term":[{"taxonomy":"category","embeddable":true,"href":"https:\/\/blog.corretoraideal.com.br\/index.php\/wp-json\/wp\/v2\/categories?post=56580"},{"taxonomy":"post_tag","embeddable":true,"href":"https:\/\/blog.corretoraideal.com.br\/index.php\/wp-json\/wp\/v2\/tags?post=56580"}],"curies":[{"name":"wp","href":"https:\/\/api.w.org\/{rel}","templated":true}]}}