{"id":56590,"date":"2024-01-21T02:29:56","date_gmt":"2024-01-21T02:29:56","guid":{"rendered":"https:\/\/blog.corretoraideal.com.br\/?p=56590"},"modified":"2024-01-21T02:29:56","modified_gmt":"2024-01-21T02:29:56","slug":"governo-preve-subsidio-e-credito-publico-para-estimular-industrias-brasileiras-ate-2033-economia-g1","status":"publish","type":"post","link":"https:\/\/blog.corretoraideal.com.br\/index.php\/2024\/01\/21\/governo-preve-subsidio-e-credito-publico-para-estimular-industrias-brasileiras-ate-2033-economia-g1\/","title":{"rendered":"Governo prev\u00ea subs\u00eddio e cr\u00e9dito p\u00fablico para estimular ind\u00fastrias brasileiras at\u00e9 2033 | Economia | G1"},"content":{"rendered":"<br \/>\n<h1>Governo prev\u00ea subs\u00eddio e cr\u00e9dito p\u00fablico para estimular ind\u00fastrias brasileiras at\u00e9 2033<\/h1>\n<h2>Medidas est\u00e3o entre os instrumentos de fomento da nova pol\u00edtica de desenvolvimento industrial, que ser\u00e1 lan\u00e7ada pelo presidente Lula na pr\u00f3xima segunda (22). Plano estabelece como meta o aumento da produ\u00e7\u00e3o nacional de novas tecnologias.<\/h2>\n<p> Por <a class=\"multi_signatures\" href=\"https:\/\/g1.globo.com\/autores\/erick-rianelli\/\">Erick Rianelli<\/a>, GloboNews e g1 &mdash; Bras\u00edlia <\/p>\n<p>  20\/01\/2024 20h52    Atualizado  20\/01\/2024    <\/p>\n<ul>\n<li>\n<p> O presidente Lula vai lan\u00e7ar na pr\u00f3xima segunda (22) um plano com a\u00e7\u00f5es para estimular as ind\u00fastrias nacionais <\/p>\n<\/li>\n<li>\n<p> Documento estabelece metas para o setor at\u00e9 2033, como o aumento da produ\u00e7\u00e3o nacional de novas tecnologias <\/p>\n<\/li>\n<li>\n<p> Planejamento prev\u00ea impulso financeiro ao setor por meio de subs\u00eddios e linhas de cr\u00e9dito p\u00fablico <\/p>\n<\/li>\n<li>\n<p> Minist\u00e9rio da Ind\u00fastria e Com\u00e9rcio afirma que a nova pol\u00edtica industrial pode aumentar a competitividade e empregos <\/p>\n<\/li>\n<\/ul>\n<p> O presidente Lula vai lan\u00e7ar na pr\u00f3xima segunda (22) um plano com a\u00e7\u00f5es para estimular as ind\u00fastrias nacionais <\/p>\n<p> Documento estabelece metas para o setor at\u00e9 2033, como o aumento da produ\u00e7\u00e3o nacional de novas tecnologias <\/p>\n<p> Planejamento prev\u00ea impulso financeiro ao setor por meio de subs\u00eddios e linhas de cr\u00e9dito p\u00fablico <\/p>\n<p> Minist\u00e9rio da Ind\u00fastria e Com\u00e9rcio afirma que a nova pol\u00edtica industrial pode aumentar a competitividade e empregos <\/p>\n<p>         1 de 1&#013;Plano de est\u00edmulo do governo federal para ind\u00fastrias estabelece como meta a eleva\u00e7\u00e3o da produ\u00e7\u00e3o nacional de novas tecnologias \u2014 Foto: Arquivo    <\/p>\n<p> Plano de est\u00edmulo do governo federal para ind\u00fastrias estabelece como meta a eleva\u00e7\u00e3o da produ\u00e7\u00e3o nacional de novas tecnologias \u2014 Foto: Arquivo <\/p>\n<p> O presidente <a class href=\"https:\/\/g1.globo.com\/tudo-sobre\/luiz-inacio-lula-da-silva\/\">Luiz In\u00e1cio Lula da Silva<\/a> (PT) deve apresentar na pr\u00f3xima segunda-feira (22) o plano <strong>Nova Ind\u00fastria Brasil<\/strong>, um programa de est\u00edmulo ao setor industrial brasileiro. O planejamento prev\u00ea, entre outros pontos, linhas de cr\u00e9dito, subs\u00eddios p\u00fablicos e o fortalecimento da pol\u00edtica de conte\u00fado local para elevar a competitividade at\u00e9 2033. <\/p>\n<p> A minuta do plano, revelada pela Folha de S.Paulo e obtida pela <strong>GloboNews<\/strong>, aponta que o documento estabelece metas e objetivos para desenvolver as ind\u00fastrias pelos pr\u00f3ximos dez anos. Em paralelo, haver\u00e1 um plano de curto prazo \u2014 at\u00e9 o t\u00e9rmino do mandato de <a class href=\"https:\/\/g1.globo.com\/politica\/politico\/lula\/\">Lula<\/a>, em 2026. <\/p>\n<p> O planejamento define as a\u00e7\u00f5es governamentais como principais indutoras do desenvolvimento do setor. <\/p>\n<p> Parte dessas medidas j\u00e1 est\u00e1 em curso \u2014 como a <a class href=\"https:\/\/g1.globo.com\/meio-ambiente\/noticia\/2023\/12\/24\/entenda-o-projeto-que-quer-regulamentar-o-mercado-de-carbono-no-pais.ghtml\">implementa\u00e7\u00e3o do mercado de carbono<\/a> e do <a class href=\"https:\/\/g1.globo.com\/politica\/noticia\/2023\/09\/14\/governo-apresenta-projeto-de-lei-que-cria-politica-de-incentivo-aos-combustiveis-renovaveis.ghtml\">plano Combust\u00edvel do Futuro<\/a>, que estimula o uso de biocombust\u00edveis. <\/p>\n<p> <strong>N\u00e3o h\u00e1 detalhes, no entanto, da execu\u00e7\u00e3o da maior fatia das medidas discutidas e da inclus\u00e3o de subs\u00eddios nos limites do novo arcabou\u00e7o fiscal<\/strong>. <\/p>\n<p><h2>Metas e instrumentos<\/h2>\n<\/p>\n<p> A nova pol\u00edtica industrial foi discutida nos \u00faltimos seis meses pelo <a class href=\"https:\/\/g1.globo.com\/politica\/noticia\/2023\/07\/06\/lula-retoma-nesta-quinta-reunioes-do-conselho-de-desenvolvimento-industrial.ghtml\">Conselho Nacional de Desenvolvimento Industrial (CNDI)<\/a>. O conselho re\u00fane representantes de 20 minist\u00e9rios, do Banco Nacional de Desenvolvimento Econ\u00f4mico e Social (BNDES), da sociedade civil, da ind\u00fastria e entidades sindicais. <\/p>\n<p> O documento prev\u00ea a\u00e7\u00f5es distribu\u00eddas em seis eixos: <strong>agroind\u00fastria<\/strong>; <strong>complexo industrial de sa\u00fade<\/strong>; <strong>infraestrutura, saneamento, moradia e mobilidade<\/strong>; <strong>transforma\u00e7\u00e3o digital<\/strong>; <strong>bioeconomia<\/strong>; e <strong>tecnologia de defesa<\/strong>. <\/p>\n<p> Segundo o texto, o programa ser\u00e1 um conjunto de \u201cinstrumentos p\u00fablicos de apoio ao setor produtivo\u201d. <\/p>\n<p>\u201cA NIB tem como objetivos estimular o progresso t\u00e9cnico e, consequentemente, a produtividade e competitividade nacionais, gerando empregos de qualidade; aproveitar melhor as vantagens competitivas do pa\u00eds; e reposicionar o Brasil no com\u00e9rcio internacional\u201d, diz o documento.<\/p>\n<p> Entre as metas de longo prazo, a serem alcan\u00e7adas at\u00e9 2033, est\u00e3o: <\/p>\n<ul>\n<li>aumentar a participa\u00e7\u00e3o do setor agroindustrial no PIB agropecu\u00e1rio para 50%<\/li>\n<li>alcan\u00e7ar 70% de mecaniza\u00e7\u00e3o dos estabelecimentos de agricultura familiar, com o suprimento de pelo menos 95% do mercado por m\u00e1quinas e equipamentos de produ\u00e7\u00e3o nacional<\/li>\n<li>produzir, no pa\u00eds, 70% das necessidades nacionais em medicamentos e tecnologias em sa\u00fade<\/li>\n<li>reduzir o tempo de deslocamento de casa para o trabalho em 20%<\/li>\n<li>transformar digitalmente 90% das empresas industriais brasileiras<\/li>\n<li>triplicar a produ\u00e7\u00e3o nacional de novas tecnologias<\/li>\n<li>reduzir em 30% a emiss\u00e3o de CO2 por valor adicionado do PIB da ind\u00fastria<\/li>\n<li>ampliar em 50% a participa\u00e7\u00e3o dos biocombust\u00edveis na matriz energ\u00e9tica de transportes<\/li>\n<li>e obter autonomia na produ\u00e7\u00e3o de 50% das tecnologias cr\u00edticas para a defesa<\/li>\n<\/ul>\n<p> O cumprimento das metas, de acordo com o plano, poder\u00e1 contar com um impulso de instrumentos financeiros e n\u00e3o financeiros do governo. O plano estabelece como possibilidades: <\/p>\n<ul>\n<li>compras governamentais<\/li>\n<li>empr\u00e9stimos<\/li>\n<li>subven\u00e7\u00f5es<\/li>\n<li>investimento p\u00fablico<\/li>\n<li>cr\u00e9ditos tribut\u00e1rios<\/li>\n<li>com\u00e9rcio exterior<\/li>\n<li>transfer\u00eancia de tecnologia<\/li>\n<li>propriedade intelectual<\/li>\n<li>infraestrutura da qualidade<\/li>\n<li>participa\u00e7\u00e3o acion\u00e1ria<\/li>\n<li>regula\u00e7\u00e3o<\/li>\n<li>encomendas tecnol\u00f3gicas<\/li>\n<li>e requisitos de conte\u00fado local<\/li>\n<\/ul>\n<p><h2>Neoindustrializa\u00e7\u00e3o<\/h2>\n<\/p>\n<p> Em nota, o Minist\u00e9rio da Ind\u00fastria e Com\u00e9rcio afirmou que a nova pol\u00edtica \u00e9 &quot;baseada em pr\u00e1ticas internacionais&quot; e ter\u00e1 o objetivo de &quot;implementar um projeto de neoindustrializa\u00e7\u00e3o, com uma ind\u00fastria sustent\u00e1vel, forte e inovadora&quot;. <\/p>\n<p> &quot;A nova pol\u00edtica industrial representar\u00e1 melhora na vida das pessoas, aumento da competitividade e da produtividade, mais empregos, inova\u00e7\u00e3o e presen\u00e7a no mercado internacional&quot;, diz a pasta. <\/p>\n<p> A retomada de pol\u00edticas de incentivo \u00e0 ind\u00fastria nacional \u00e9 uma das <a class href=\"https:\/\/g1.globo.com\/economia\/noticia\/2024\/01\/03\/como-foi-o-primeiro-ano-de-lula-3-na-economia-e-quais-sao-os-desafios-para-2024.ghtml\">metas do terceiro mandato do presidente Lula<\/a>. <\/p>\n<p> Em julho, <a class href=\"https:\/\/g1.globo.com\/politica\/noticia\/2023\/07\/06\/lula-retoma-nesta-quinta-reunioes-do-conselho-de-desenvolvimento-industrial.ghtml\">na primeira reuni\u00e3o do CNDI<\/a>, o petista afirmou que o governo criaria condi\u00e7\u00f5es para o desenvolvimento do setor. <\/p>\n<p> \u201cMeu governo n\u00e3o tem tempo a perder. N\u00e3o voltei a governar esse pa\u00eds para fazer o mesmo que j\u00e1 fiz. A gente voltou pra tentar fazer as coisas diferentes. E fazer a revolu\u00e7\u00e3o industrial nesse pa\u00eds, pra gente ser competitivo de verdade. A hora \u00e9 agora&quot;, afirmou. <\/p>\n<ul>\n<li> <a href=\"https:\/\/g1.globo.com\/tudo-sobre\/luiz-inacio-lula-da-silva\/\" class=\"entities__list-itemLink\" data-track-click=\"Luiz In\u00e1cio Lula da Silva\"> Luiz In\u00e1cio Lula da Silva <\/a> <\/li>\n<li> <a href=\"https:\/\/g1.globo.com\/politica\/politico\/lula\/\" class=\"entities__list-itemLink\" data-track-click=\"Lula\"> Lula <\/a> <\/li>\n<\/ul>\n<h3> <a id=\"js-next-article-desktop-link\" class=\"next-article-desktop-link\"><\/a> <\/h3>\n<h3> <a id=\"js-next-article-smart-link\" class=\"next-article-smart-link\"><\/a> <\/h3>\n<p>Veja tamb\u00e9m<\/p>\n<\/p>\n<\/p>\n<p>       Anterior   Pr\u00f3ximo     <\/p>\n","protected":false},"excerpt":{"rendered":"<p>Governo prev\u00ea subs\u00eddio e cr\u00e9dito p\u00fablico para estimular ind\u00fastrias brasileiras at\u00e9 2033 Medidas est\u00e3o entre os instrumentos de fomento da nova pol\u00edtica de desenvolvimento industrial, que ser\u00e1 lan\u00e7ada pelo presidente Lula na pr\u00f3xima segunda (22). Plano estabelece como meta o aumento da produ\u00e7\u00e3o nacional de novas tecnologias. Por Erick Rianelli, GloboNews e g1 &mdash; Bras\u00edlia [&hellip;]<\/p>\n","protected":false},"author":1,"featured_media":0,"comment_status":"closed","ping_status":"closed","sticky":false,"template":"","format":"standard","meta":{"footnotes":""},"categories":[],"tags":[],"class_list":["post-56590","post","type-post","status-publish","format-standard","hentry"],"_links":{"self":[{"href":"https:\/\/blog.corretoraideal.com.br\/index.php\/wp-json\/wp\/v2\/posts\/56590","targetHints":{"allow":["GET"]}}],"collection":[{"href":"https:\/\/blog.corretoraideal.com.br\/index.php\/wp-json\/wp\/v2\/posts"}],"about":[{"href":"https:\/\/blog.corretoraideal.com.br\/index.php\/wp-json\/wp\/v2\/types\/post"}],"author":[{"embeddable":true,"href":"https:\/\/blog.corretoraideal.com.br\/index.php\/wp-json\/wp\/v2\/users\/1"}],"replies":[{"embeddable":true,"href":"https:\/\/blog.corretoraideal.com.br\/index.php\/wp-json\/wp\/v2\/comments?post=56590"}],"version-history":[{"count":1,"href":"https:\/\/blog.corretoraideal.com.br\/index.php\/wp-json\/wp\/v2\/posts\/56590\/revisions"}],"predecessor-version":[{"id":56592,"href":"https:\/\/blog.corretoraideal.com.br\/index.php\/wp-json\/wp\/v2\/posts\/56590\/revisions\/56592"}],"wp:attachment":[{"href":"https:\/\/blog.corretoraideal.com.br\/index.php\/wp-json\/wp\/v2\/media?parent=56590"}],"wp:term":[{"taxonomy":"category","embeddable":true,"href":"https:\/\/blog.corretoraideal.com.br\/index.php\/wp-json\/wp\/v2\/categories?post=56590"},{"taxonomy":"post_tag","embeddable":true,"href":"https:\/\/blog.corretoraideal.com.br\/index.php\/wp-json\/wp\/v2\/tags?post=56590"}],"curies":[{"name":"wp","href":"https:\/\/api.w.org\/{rel}","templated":true}]}}