{"id":56593,"date":"2024-01-21T07:30:03","date_gmt":"2024-01-21T07:30:03","guid":{"rendered":"https:\/\/blog.corretoraideal.com.br\/?p=56593"},"modified":"2024-01-21T07:30:03","modified_gmt":"2024-01-21T07:30:03","slug":"ja-temos-mais-de-100-mil-inscritos-diz-ministra-esther-dweck-sobre-enem-dos-concursos-blog-ana-flor-g1","status":"publish","type":"post","link":"https:\/\/blog.corretoraideal.com.br\/index.php\/2024\/01\/21\/ja-temos-mais-de-100-mil-inscritos-diz-ministra-esther-dweck-sobre-enem-dos-concursos-blog-ana-flor-g1\/","title":{"rendered":"J\u00e1 temos mais de 100 mil inscritos, diz ministra Esther Dweck sobre Enem dos Concursos | Blog Ana Flor | G1"},"content":{"rendered":"<br \/>\n<h1>J\u00e1 temos mais de 100 mil inscritos, diz ministra Esther Dweck sobre Enem dos Concursos<\/h1>\n<h2>Sistema recebe de 20 a 30 inscri\u00e7\u00f5es por segundo; minist\u00e9rio espera receber de 2 milh\u00f5es a 3 milh\u00f5es de inscritos. <\/h2>\n<p> Por <a class=\"multi_signatures\" href=\"https:\/\/g1.globo.com\/autores\/ana-flor\/\">Ana Flor<\/a>, <a class=\"multi_signatures\" href=\"https:\/\/g1.globo.com\/autores\/julia-duailibi\/\">Julia Duailibi<\/a>, <a class=\"multi_signatures\" href=\"https:\/\/g1.globo.com\/autores\/matheus-moreira\/\">Matheus Moreira<\/a>, GloboNews <\/p>\n<p>  19\/01\/2024 18h28    Atualizado  19\/01\/2024    <\/p>\n<p>                             <img loading=\"lazy\" decoding=\"async\" class=\"aligncenter size-full wp-image-56595\" src=\"https:\/\/blog.corretoraideal.com.br\/wp-content\/uploads\/2024\/01\/ja-temos-mais-de-100-mil-inscritos-diz-ministra-sobre-enem-dos-concursos.jpeg\" alt=\"J\u00e1 temos mais de 100 mil inscritos, diz ministra sobre Enem dos Concursos\" width=\"800\" height=\"400\" \/>       <\/p>\n<p> J\u00e1 temos mais de 100 mil inscritos, diz ministra sobre Enem dos Concursos <\/p>\n<p> A ministra da Gest\u00e3o e da Inova\u00e7\u00e3o em Servi\u00e7os P\u00fablicos, <a class href=\"https:\/\/g1.globo.com\/tudo-sobre\/esther-dweck\/\">Esther Dweck<\/a>, disse, nesta sexta-feira (19), que o Enem dos Concursos atingiu a marca de 100 mil inscritos. <\/p>\n<p> \u201cA m\u00e9dia \u00e9 de 30 inscri\u00e7\u00f5es por segundo. J\u00e1 temos mais de 100 mil inscritos\u201d, disse em entrevista ao GloboNews Mais, a convite da jornalista Ana Flor. <\/p>\n<p> As inscri\u00e7\u00f5es para o &quot;Enem dos concursos, como \u00e9 conhecido o Concurso P\u00fablico Nacional Unificado (CPNU), come\u00e7aram nesta sexta, \u00e0s 10h, e v\u00e3o at\u00e9 o dia 9 de fevereiro de 2024. A prova acontece em maio. Para se inscrever, acesse: <a class href=\"https:\/\/cpnu.cesgranrio.org.br\/login\" target=\"_blank\" rel=\"noopener noreferrer\"><strong>https:\/\/cpnu.cesgranrio.org.br\/login<\/strong><\/a>. <\/p>\n<ul>\n<li><a class href=\"https:\/\/api.whatsapp.com\/send?text=https:\/\/g1.globo.com\/https:\/\/g1.globo.com\/politica\/blog\/julia-duailibi\/post\/2024\/01\/19\/ja-temos-mais-de-100-mil-inscritos-diz-ministra-esther-dweck-sobre-enem-dos-concursos.ghtml?utm_source%3Dwhatsapp%26utm_medium%3Dshare-engagement%26utm_campaign%3Dte-materias\" target=\"_blank\" rel=\"noopener noreferrer\"><strong>Compartilhe no WhatsApp <\/strong><\/a><\/li>\n<li><a class href=\"https:\/\/telegram.me\/share\/url?url=https:\/\/g1.globo.com\/https:\/\/g1.globo.com\/politica\/blog\/julia-duailibi\/post\/2024\/01\/19\/ja-temos-mais-de-100-mil-inscritos-diz-ministra-esther-dweck-sobre-enem-dos-concursos.ghtml?utm_source%3Dtelegram%26utm_medium%3Dshare-engagement%26utm_campaign%3Dte-materias\" target=\"_blank\" rel=\"noopener noreferrer\"><strong>Compartilhe no Telegram<\/strong><\/a><\/li>\n<\/ul>\n<p> O processo seletivo vai preencher 6.640 vagas em 21 \u00f3rg\u00e3os do governo federal. Est\u00e3o em jogo oportunidades de emprego para engenheiro, psic\u00f3logo, economista e outros cargos para quem fez curso superior e tamb\u00e9m para quem tem ensino m\u00e9dio. A remunera\u00e7\u00e3o inicial \u00e9 de at\u00e9 R$ 22,9 mil. <\/p>\n<p>                   <img loading=\"lazy\" decoding=\"async\" class=\"aligncenter size-full wp-image-56596\" src=\"https:\/\/blog.corretoraideal.com.br\/wp-content\/uploads\/2024\/01\/entenda-como-sera-o.jpeg\" alt=\"Entenda como ser\u00e1 o \" width=\"800\" height=\"400\" \/>       <\/p>\n<p> Entenda como ser\u00e1 o &#8216;Enem dos concursos&#8217; <\/p>\n<p> Mais cedo nessa sexta, alguns usu\u00e1rios reclamaram no X (antigo Twitter) que tiveram dificuldade para se inscrever porque o site n\u00e3o carregava. Outros disseram ter conseguido acessar, mas que o bot\u00e3o para realizar as inscri\u00e7\u00f5es ainda n\u00e3o est\u00e1 dispon\u00edvel. <\/p>\n<ul>\n<li><a class href=\"https:\/\/g1.globo.com\/trabalho-e-carreira\/concursos\/noticia\/2024\/01\/19\/enem-dos-concursos-pagina-para-inscricao-apresenta-instabilidade-no-1o-dia.ghtml#inscricao:~:text=%F0%9F%A7%91%E2%80%8D%E2%9A%95%EF%B8%8F%20Engenheiro%2C%20m%C3%A9dico%2C%20economista...\"><strong>Veja os cargos dispon\u00edveis em cada bloco e sal\u00e1rio inicial<\/strong><\/a><strong> <\/strong><\/li>\n<li><a class href=\"https:\/\/g1.globo.com\/trabalho-e-carreira\/concursos\/noticia\/2024\/01\/19\/enem-dos-concursos-pagina-para-inscricao-apresenta-instabilidade-no-1o-dia.ghtml#inscricao:~:text=%E2%9C%8D%EF%B8%8F%20Como%20ser%C3%A3o%20as%20provas\"><strong>Saiba como ser\u00e3o as provas<\/strong><\/a><\/li>\n<\/ul>\n<p> &quot;A dificuldade foi na parte da manh\u00e3, bem na abertura [&#8230;] naquela parte da manh\u00e3 havia 95 inscri\u00e7\u00f5es por segundo. De fato, o sistema, naquele momento, teve uma instabilidade. Mas a gente est\u00e1 com mais de 30 pessoas acompanhando. Demorou um pouquinho na parte da manh\u00e3, mas conseguimos estabilizar e n\u00e3o houve mais instabilidade ao longo do dia&quot;, disse a ministra. <\/p>\n<p> Dweck avalia que neste s\u00e1bado as inscri\u00e7\u00f5es devem atingir um &quot;n\u00famero bem alto&quot;, mas n\u00e3o detalhou qual \u00e9 a expectativa para o dia seguinte a abertura das inscri\u00e7\u00f5es. <\/p>\n<p><h2>? Como se inscrever<\/h2>\n<\/p>\n<p> Para se inscrever, o candidato precisar\u00e1 ter uma conta no <a class href=\"http:\/\/bard.google.com\/chat\" target=\"_blank\" rel=\"noopener noreferrer\">Gov.br<\/a>, de qualquer n\u00edvel (ouro, prata ou bronze), e acessar o endere\u00e7o cpnu.cesgranrio.org.br\/login. <\/p>\n<p> O link vai para uma p\u00e1gina do site da banca respons\u00e1vel pelo concurso, a Funda\u00e7\u00e3o Cesgranrio. <\/p>\n<p> Na hora do cadastro, o candidato dever\u00e1 escolher um bloco tem\u00e1tico e os cargos nos quais tem interesse. Em seguida, ordenar a sua prefer\u00eancia entre os cargos e especialidades. <\/p>\n<p> Segundo o governo, o participante poder\u00e1 escolher apenas um bloco tem\u00e1tico, mas quantas vagas quiser dentro dele. A aprova\u00e7\u00e3o ocorrer\u00e1 conforme a indica\u00e7\u00e3o de prefer\u00eancia do candidato. <\/p>\n<p> ? Independentemente do n\u00famero de cargos que escolher, o candidato vai pagar uma \u00fanica taxa de inscri\u00e7\u00e3o. <strong>O valor \u00e9 de R$ 60 para vagas de n\u00edvel m\u00e9dio e R$ 90 para n\u00edvel superior.<\/strong> <\/p>\n<p> Poder\u00e3o pedir isen\u00e7\u00e3o da taxa inscritos no Cad\u00danico, doadores de medula \u00f3ssea e quem for ou j\u00e1 tenha sido bolsista do Prouni ou Fies. O prazo para solicitar o n\u00e3o pagamento \u00e9 at\u00e9 26 de janeiro. <\/p>\n<ul>\n<li> <a href=\"https:\/\/g1.globo.com\/tudo-sobre\/esther-dweck\/\" class=\"entities__list-itemLink\" data-track-click=\"Esther Dweck\"> Esther Dweck <\/a> <\/li>\n<\/ul>\n<h3> <a id=\"js-next-article-desktop-link\" class=\"next-article-desktop-link\"><\/a> <\/h3>\n<h3> <a id=\"js-next-article-smart-link\" class=\"next-article-smart-link\"><\/a> <\/h3>\n<p>Veja tamb\u00e9m<\/p>\n<\/p>\n<\/p>\n<p>       Anterior   Pr\u00f3ximo     <\/p>\n","protected":false},"excerpt":{"rendered":"<p>J\u00e1 temos mais de 100 mil inscritos, diz ministra Esther Dweck sobre Enem dos Concursos Sistema recebe de 20 a 30 inscri\u00e7\u00f5es por segundo; minist\u00e9rio espera receber de 2 milh\u00f5es a 3 milh\u00f5es de inscritos. Por Ana Flor, Julia Duailibi, Matheus Moreira, GloboNews 19\/01\/2024 18h28 Atualizado 19\/01\/2024 J\u00e1 temos mais de 100 mil inscritos, diz [&hellip;]<\/p>\n","protected":false},"author":1,"featured_media":0,"comment_status":"closed","ping_status":"closed","sticky":false,"template":"","format":"standard","meta":{"footnotes":""},"categories":[],"tags":[],"class_list":["post-56593","post","type-post","status-publish","format-standard","hentry"],"_links":{"self":[{"href":"https:\/\/blog.corretoraideal.com.br\/index.php\/wp-json\/wp\/v2\/posts\/56593","targetHints":{"allow":["GET"]}}],"collection":[{"href":"https:\/\/blog.corretoraideal.com.br\/index.php\/wp-json\/wp\/v2\/posts"}],"about":[{"href":"https:\/\/blog.corretoraideal.com.br\/index.php\/wp-json\/wp\/v2\/types\/post"}],"author":[{"embeddable":true,"href":"https:\/\/blog.corretoraideal.com.br\/index.php\/wp-json\/wp\/v2\/users\/1"}],"replies":[{"embeddable":true,"href":"https:\/\/blog.corretoraideal.com.br\/index.php\/wp-json\/wp\/v2\/comments?post=56593"}],"version-history":[{"count":1,"href":"https:\/\/blog.corretoraideal.com.br\/index.php\/wp-json\/wp\/v2\/posts\/56593\/revisions"}],"predecessor-version":[{"id":56597,"href":"https:\/\/blog.corretoraideal.com.br\/index.php\/wp-json\/wp\/v2\/posts\/56593\/revisions\/56597"}],"wp:attachment":[{"href":"https:\/\/blog.corretoraideal.com.br\/index.php\/wp-json\/wp\/v2\/media?parent=56593"}],"wp:term":[{"taxonomy":"category","embeddable":true,"href":"https:\/\/blog.corretoraideal.com.br\/index.php\/wp-json\/wp\/v2\/categories?post=56593"},{"taxonomy":"post_tag","embeddable":true,"href":"https:\/\/blog.corretoraideal.com.br\/index.php\/wp-json\/wp\/v2\/tags?post=56593"}],"curies":[{"name":"wp","href":"https:\/\/api.w.org\/{rel}","templated":true}]}}