{"id":56598,"date":"2024-01-21T11:29:39","date_gmt":"2024-01-21T11:29:39","guid":{"rendered":"https:\/\/blog.corretoraideal.com.br\/?p=56598"},"modified":"2024-01-21T11:29:39","modified_gmt":"2024-01-21T11:29:39","slug":"trilhas-que-passam-pela-mata-atlantica-e-maior-queda-dagua-de-mg-conheca-a-rota-das-10-cachoeiras-minas-gerais-g1","status":"publish","type":"post","link":"https:\/\/blog.corretoraideal.com.br\/index.php\/2024\/01\/21\/trilhas-que-passam-pela-mata-atlantica-e-maior-queda-dagua-de-mg-conheca-a-rota-das-10-cachoeiras-minas-gerais-g1\/","title":{"rendered":"Trilhas que passam pela Mata Atl\u00e2ntica e maior queda d&#039;\u00e1gua de MG: Conhe\u00e7a a Rota das 10 Cachoeiras | Minas Gerais | G1"},"content":{"rendered":"<br \/>\n<h1>Trilhas que passam pela Mata Atl\u00e2ntica e maior queda d&#039;\u00e1gua de MG: Conhe\u00e7a a Rota das 10 Cachoeiras<\/h1>\n<h2>Entre as quedas d&#039;\u00e1gua que fazem parte do circuito est\u00e1 a cachoeira do Tabuleiro, a mais alta de Minas Gerais e a terceira maior do Brasil.<\/h2>\n<p> Por <a class=\"multi_signatures\" href=\"https:\/\/g1.globo.com\/autores\/jo-andrade\/\">J\u00f4 Andrade<\/a>, g1 Minas &mdash; Belo Horizonte <\/p>\n<p>  21\/01\/2024 06h00    Atualizado  21\/01\/2024    <\/p>\n<p>                   1 de 14&#013;Cachoeira do Tabuleiro \u2014 Foto: Divulga\u00e7\u00e3o\/Prefeitura de Concei\u00e7\u00e3o do Mato Dentro    <\/p>\n<p> Cachoeira do Tabuleiro \u2014 Foto: Divulga\u00e7\u00e3o\/Prefeitura de Concei\u00e7\u00e3o do Mato Dentro <\/p>\n<p> Destino indispens\u00e1vel para turistas e moradores de Minas Gerais, Concei\u00e7\u00e3o do Mato Dentro, na Regi\u00e3o Central, \u00e9 a casa da cachoeira mais alta do estado e a terceira maior do Brasil, a <a class href=\"https:\/\/g1.globo.com\/mg\/minas-gerais\/noticia\/2023\/11\/18\/trilhas-especies-raras-e-a-maior-queda-dagua-de-minas-conheca-a-cachoeira-do-tabuleiro-interditada-nesta-semana.ghtml\/\">Tabuleiro<\/a>. Mas para al\u00e9m da gigante de Minas, existe um trajeto pouco explorado que faz valer todas as horas de <strong>caminhada<\/strong>. <\/p>\n<p> A <strong>Rota das 10 Cachoeiras<\/strong> fica dentro dos parques Estadual da Serra Tendente e o Natural do <a class href=\"https:\/\/g1.globo.com\/mg\/zona-da-mata\/cidade\/tabuleiro\/\">Tabuleiro<\/a>. Ela foi criada em 2017, quando o Instituto Estadual de Florestas (IEF) apresentou um projeto para a prefeitura de Concei\u00e7\u00e3o do Mato Dentro com o intuito de valorizar outras quedas d&#x27;\u00e1gua. <\/p>\n<ul>\n<li><a class href=\"https:\/\/g1.globo.com\/mg\/minas-gerais\/noticia\/2023\/11\/18\/trilhas-especies-raras-e-a-maior-queda-dagua-de-minas-conheca-a-cachoeira-do-tabuleiro-interditada-nesta-semana.ghtml\">Trilhas, esp\u00e9cies raras e a maior queda d&#x27;\u00e1gua de Minas: conhe\u00e7a a Cachoeira do Tabuleiro, interditada nesta semana<\/a><\/li>\n<\/ul>\n<p><h2>Caminhada que vale a pena<\/h2>\n<\/p>\n<p> Para os visitantes que v\u00e3o conhecer todo o percurso \u00e9 importante saber que s\u00e3o 91 quil\u00f4metros ao todo \u2014 somando ida e volta. As trilhas s\u00e3o corredores ecol\u00f3gicos que ligam os dois parques, e variam entre os graus de dificuldade leve, moderada e dif\u00edcil. <strong>(veja mais abaixo)<\/strong> <\/p>\n<p> No percurso, est\u00e3o as comunidades quilombolas Tr\u00eas Barras, PassaMinas, do Tabuleiro, Candeias e Ba\u00fa. <\/p>\n<p> ?\u200d\u2640\ufe0fPara completar toda a rota a p\u00e9, o turista precisa separar, em m\u00e9dia,<strong> oito dias<\/strong><strong>.<\/strong> <\/p>\n<p> H\u00e1 tamb\u00e9m a possibilidade de percorrer o trajeto em dias alternados, visitando os circuitos separadamente (<strong>veja abaixo os trechos<\/strong>). <\/p>\n<p>         2 de 14&#013;Mapa da Rota das 10 Cachoeiras \u2014 Foto: Reprodu\u00e7\u00e3o    <\/p>\n<p> Mapa da Rota das 10 Cachoeiras \u2014 Foto: Reprodu\u00e7\u00e3o <\/p>\n<p><h2>10 cachoeiras<\/h2>\n<\/p>\n<p> A rota \u00e9 composta pelas cachoeiras: Tr\u00eas Barras, Peixe Cru, Quedas do Ribeir\u00e3o do Campo, Tabuleiro, Congonhas, Altar, Rabo de Cavalo, Bocaina, Gurita e Prainha. <\/p>\n<ul>\n<li>De todas, a \u00fanica que n\u00e3o pode ser visitada \u00e9 a do Tabuleiro. Ela est\u00e1 interditada desde o dia 13 de novembro de 2023, <a class href=\"https:\/\/g1.globo.com\/mg\/minas-gerais\/noticia\/2023\/11\/15\/com-possibilidade-de-deslocamento-de-rochas-cachoeira-do-tabuleiro-e-interditada.ghtml\">por causa de um risco de deslocamento de rochas<\/a>, e ainda n\u00e3o h\u00e1 previs\u00e3o para libera\u00e7\u00e3o.<\/li>\n<\/ul>\n<p> O gerente do Parque Estadual Serra do Intendente, Marcos Alexandre dos Santos, explica que o caminho foi pensado para que o turista consiga otimizar o tempo de caminhada e conhe\u00e7a, tamb\u00e9m, as tradicionais especiarias e artesanatos mineiros durante o trajeto. <\/p>\n<p>&quot;As cachoeiras n\u00e3o s\u00e3o t\u00e3o longe uma das outras, mas ficam em entradas independentes, e em comunidades diferentes. Ent\u00e3o, a gente precisava interligar essas cachoeiras, e a rota acabou criando um anel rodovi\u00e1rio em torno do parque, possibilitando essa liga\u00e7\u00e3o entre as dez&quot;, disse.<\/p>\n<p><h2>Turismo comunit\u00e1rio<\/h2>\n<\/p>\n<p>         3 de 14&#013;Membros da Associa\u00e7\u00e3o Comunit\u00e1ria Rota das 10 Cachoeiras \u2014 Foto: Arquivo pessoal    <\/p>\n<p> Membros da Associa\u00e7\u00e3o Comunit\u00e1ria Rota das 10 Cachoeiras \u2014 Foto: Arquivo pessoal <\/p>\n<p> Para al\u00e9m da beleza natural das quedas d&#x27;\u00e1gua, a <strong>Rota das 10 Cachoeiras <\/strong>possibilita que as comunidades locais consigam viver do trabalho que vem do turismo comunit\u00e1rio. <\/p>\n<p> \u00c9 com o servi\u00e7o dos guias, com as hospedagens nas pousadas e com o com\u00e9rcio regional que esses moradores se sustentam. <\/p>\n<p> H\u00e1 cerca de tr\u00eas anos, a comunidade criou a Associa\u00e7\u00e3o da Rota das 10 Cachoeiras para desenvolver o turismo local. A sede fica logo no in\u00edcio do circuito, no Trecho A. <\/p>\n<p>&quot;O turista sempre pergunta qual o trecho mais dif\u00edcil, como \u00e9 a acessibilidade, quais s\u00e3o as maiores dificuldades. Mas a regi\u00e3o \u00e9 t\u00e3o linda que at\u00e9 nos trechos mais dif\u00edceis passam despercebidos. Ent\u00e3o, \u00e9 s\u00f3 chegar que vai ser muito bem recebido&quot;, contou a l\u00edder da Associa\u00e7\u00e3o, Beth Diana. <\/p>\n<p><h2>A Rota<\/h2>\n<\/p>\n<ul>\n<li><strong>Trecho A: cachoeiras de Tr\u00eas Barras e do Peixe Cru<\/strong><\/li>\n<\/ul>\n<p> ? O trecho A \u00e9 o mais curto e o mais f\u00e1cil de se completar. S\u00e3o 5,7 quil\u00f4metros, que vai desde a comunidade quilombola de Tr\u00eas Barras e finaliza na comunidade de Cubas. No percurso est\u00e3o presentes as cachoeiras de Tr\u00eas Barras e do Peixe Cru. <\/p>\n<p>         4 de 14&#013;Cachoeira de Tr\u00eas Barras \u2014 Foto: Divulga\u00e7\u00e3o\/Prefeitura de Concei\u00e7\u00e3o do Mato Dentro    <\/p>\n<p> Cachoeira de Tr\u00eas Barras \u2014 Foto: Divulga\u00e7\u00e3o\/Prefeitura de Concei\u00e7\u00e3o do Mato Dentro <\/p>\n<p>         5 de 14&#013;Cachoeira do Peixe Cru \u2014 Foto: Divulga\u00e7\u00e3o\/Prefeitura de Concei\u00e7\u00e3o do Mato Dentro    <\/p>\n<p> Cachoeira do Peixe Cru \u2014 Foto: Divulga\u00e7\u00e3o\/Prefeitura de Concei\u00e7\u00e3o do Mato Dentro <\/p>\n<ul>\n<li><strong>Trecho B: Ribeir\u00e3o do Campo e Cachoeira do Tabuleiro<\/strong><\/li>\n<\/ul>\n<p> ? O trecho B \u00e9 considerado dif\u00edcil por causa dos morros \u00edngremes e a dist\u00e2ncia. No entanto, a vista de cima compensa toda a caminhada. No percurso est\u00e3o as cachoeiras Ribeir\u00e3o do Campo e a mais famosa de toda a Rota, a do Tabuleiro. <\/p>\n<p>         6 de 14&#013;Cachoeira Ribeir\u00e3o do Campo \u2014 Foto: Divulga\u00e7\u00e3o\/Prefeitura de Concei\u00e7\u00e3o do Mato Dentro    <\/p>\n<p> Cachoeira Ribeir\u00e3o do Campo \u2014 Foto: Divulga\u00e7\u00e3o\/Prefeitura de Concei\u00e7\u00e3o do Mato Dentro <\/p>\n<p>         7 de 14&#013;Cachoeira do Tabuleiro \u2014 Foto: Alexandr\u00e9 S\u00e1\/ TG    <\/p>\n<p> Cachoeira do Tabuleiro \u2014 Foto: Alexandr\u00e9 S\u00e1\/ TG <\/p>\n<p> <strong>Trecho C: Congonhas, Cachoeira do Altar e do Rabo de Cavalo<\/strong> <\/p>\n<p> ? O trecho que liga Tabuleiro \u00e0 Regi\u00e3o do Parauninha tem dificuldade moderada. Parte da trilha fica em descidas, e n\u00e3o \u00e9 necess\u00e1rio tanto esfor\u00e7o f\u00edsico para a caminhada. O percurso passa por pequenas propriedades rurais e os turistas podem apreciar parte da Mata Atl\u00e2ntica. <\/p>\n<p> Tr\u00eas cachoeiras podem ser visitadas no percurso: Cachoeira de Congonhas, na regi\u00e3o do Tabuleiro; Cachoeira do Altar e a Cachoeira do Rabo de Cavalo, essas duas \u00faltimas na regi\u00e3o da Parauninha. <\/p>\n<p>         8 de 14&#013;Cachoeira Congonhas \u2014 Foto: Divulga\u00e7\u00e3o\/Prefeitura de Concei\u00e7\u00e3o do Mato Dentro    <\/p>\n<p> Cachoeira Congonhas \u2014 Foto: Divulga\u00e7\u00e3o\/Prefeitura de Concei\u00e7\u00e3o do Mato Dentro <\/p>\n<p>         9 de 14&#013;Cachoeira do Altar \u2014 Foto: Divulga\u00e7\u00e3o\/Prefeitura de Concei\u00e7\u00e3o do Mato Dentro    <\/p>\n<p> Cachoeira do Altar \u2014 Foto: Divulga\u00e7\u00e3o\/Prefeitura de Concei\u00e7\u00e3o do Mato Dentro <\/p>\n<p>         10 de 14&#013;Cachoeira Rabo de Cavalo \u2014 Foto: Divulga\u00e7\u00e3o\/Prefeitura de Concei\u00e7\u00e3o do Mato Dentro    <\/p>\n<p> Cachoeira Rabo de Cavalo \u2014 Foto: Divulga\u00e7\u00e3o\/Prefeitura de Concei\u00e7\u00e3o do Mato Dentro <\/p>\n<ul>\n<li><strong>Trecho D: cachoeiras do Bocaina, da Gurita e Prainha<\/strong><\/li>\n<\/ul>\n<p> \u26f0\ufe0f \u00c9 o segundo maior percurso da rota e por isso considerado de moderado n\u00edvel de dificuldade. Nessa parte da trilha, um dos pontos marcantes \u00e9 a paisagem impressionante do vale da Parauninha, em meio aos pared\u00f5es do Parque Estadual Serra do Intendente e da Serra do Funil. <\/p>\n<p>         11 de 14&#013;Cachoeira de Bocaina \u2014 Foto: Divulga\u00e7\u00e3o\/Prefeitura de Concei\u00e7\u00e3o do Mato Dentro    <\/p>\n<p> Cachoeira de Bocaina \u2014 Foto: Divulga\u00e7\u00e3o\/Prefeitura de Concei\u00e7\u00e3o do Mato Dentro <\/p>\n<p>         12 de 14&#013;Cachoeira Gurita \u2014 Foto: Divulga\u00e7\u00e3o\/Prefeitura de Concei\u00e7\u00e3o do Mato Dentro    <\/p>\n<p> Cachoeira Gurita \u2014 Foto: Divulga\u00e7\u00e3o\/Prefeitura de Concei\u00e7\u00e3o do Mato Dentro <\/p>\n<p>         13 de 14&#013;Cachoeira Prainha \u2014 Foto: Divulga\u00e7\u00e3o\/Prefeitura de Concei\u00e7\u00e3o do Mato Dentro    <\/p>\n<p> Cachoeira Prainha \u2014 Foto: Divulga\u00e7\u00e3o\/Prefeitura de Concei\u00e7\u00e3o do Mato Dentro <\/p>\n<p><h2>Biodiversidade<\/h2>\n<\/p>\n<p>         14 de 14&#013;A\u00e7\u00f5es volunt\u00e1rias de sinaliza\u00e7\u00e3o da Rota das 10 Cachoeiras \u2014 Foto: Arquivo pessoal    <\/p>\n<p> A\u00e7\u00f5es volunt\u00e1rias de sinaliza\u00e7\u00e3o da Rota das 10 Cachoeiras \u2014 Foto: Arquivo pessoal <\/p>\n<p> De acordo com a Prefeitura de Concei\u00e7\u00e3o do Mato Dentro, uma das caracter\u00edsticas mais importantes da Rota \u00e9 a diversidade de cachoeiras e a biodiversidade dos parques. <\/p>\n<p> S\u00f3 no Parque Natural Municipal do Tabuleiro s\u00e3o pelo menos 106 esp\u00e9cies de animais \u2014 entre aves, mam\u00edferos e peixes \u2014 e uma flora diversa com mais de tr\u00eas mil tipos de esp\u00e9cies vegetais. Entre janeiro e outubro de 2023, o local recebeu 16,5 mil visitantes. <\/p>\n<p><h2>Confira os v\u00eddeos mais vistos no g1 Minas:<\/h2>\n<\/p>\n<p>   <a href=\"https:\/\/g1.globo.com\/mg\/minas-gerais\/playlist\/videos-mais-assistidos-do-g1-mg-nos-ultimos-7-dias.ghtml\">    50 v\u00eddeos      <\/a>   <\/p>\n<ul>\n<li> <a href=\"https:\/\/g1.globo.com\/mg\/minas-gerais\/cidade\/conceicao-do-mato-dentro\/\" class=\"entities__list-itemLink\" data-track-click=\"Concei\u00e7\u00e3o do Mato Dentro\"> Concei\u00e7\u00e3o do Mato Dentro <\/a> <\/li>\n<li> <a href=\"https:\/\/g1.globo.com\/mg\/zona-da-mata\/cidade\/tabuleiro\/\" class=\"entities__list-itemLink\" data-track-click=\"Tabuleiro\"> Tabuleiro <\/a> <\/li>\n<\/ul>\n<h3> <a id=\"js-next-article-desktop-link\" class=\"next-article-desktop-link\"><\/a> <\/h3>\n<h3> <a id=\"js-next-article-smart-link\" class=\"next-article-smart-link\"><\/a> <\/h3>\n<p>Veja tamb\u00e9m<\/p>\n<\/p>\n<\/p>\n<p>       Anterior   Pr\u00f3ximo     <\/p>\n","protected":false},"excerpt":{"rendered":"<p>Trilhas que passam pela Mata Atl\u00e2ntica e maior queda d&#039;\u00e1gua de MG: Conhe\u00e7a a Rota das 10 Cachoeiras Entre as quedas d&#039;\u00e1gua que fazem parte do circuito est\u00e1 a cachoeira do Tabuleiro, a mais alta de Minas Gerais e a terceira maior do Brasil. Por J\u00f4 Andrade, g1 Minas &mdash; Belo Horizonte 21\/01\/2024 06h00 Atualizado [&hellip;]<\/p>\n","protected":false},"author":1,"featured_media":0,"comment_status":"closed","ping_status":"closed","sticky":false,"template":"","format":"standard","meta":{"footnotes":""},"categories":[],"tags":[],"class_list":["post-56598","post","type-post","status-publish","format-standard","hentry"],"_links":{"self":[{"href":"https:\/\/blog.corretoraideal.com.br\/index.php\/wp-json\/wp\/v2\/posts\/56598","targetHints":{"allow":["GET"]}}],"collection":[{"href":"https:\/\/blog.corretoraideal.com.br\/index.php\/wp-json\/wp\/v2\/posts"}],"about":[{"href":"https:\/\/blog.corretoraideal.com.br\/index.php\/wp-json\/wp\/v2\/types\/post"}],"author":[{"embeddable":true,"href":"https:\/\/blog.corretoraideal.com.br\/index.php\/wp-json\/wp\/v2\/users\/1"}],"replies":[{"embeddable":true,"href":"https:\/\/blog.corretoraideal.com.br\/index.php\/wp-json\/wp\/v2\/comments?post=56598"}],"version-history":[{"count":1,"href":"https:\/\/blog.corretoraideal.com.br\/index.php\/wp-json\/wp\/v2\/posts\/56598\/revisions"}],"predecessor-version":[{"id":56600,"href":"https:\/\/blog.corretoraideal.com.br\/index.php\/wp-json\/wp\/v2\/posts\/56598\/revisions\/56600"}],"wp:attachment":[{"href":"https:\/\/blog.corretoraideal.com.br\/index.php\/wp-json\/wp\/v2\/media?parent=56598"}],"wp:term":[{"taxonomy":"category","embeddable":true,"href":"https:\/\/blog.corretoraideal.com.br\/index.php\/wp-json\/wp\/v2\/categories?post=56598"},{"taxonomy":"post_tag","embeddable":true,"href":"https:\/\/blog.corretoraideal.com.br\/index.php\/wp-json\/wp\/v2\/tags?post=56598"}],"curies":[{"name":"wp","href":"https:\/\/api.w.org\/{rel}","templated":true}]}}