{"id":56609,"date":"2024-01-21T20:29:42","date_gmt":"2024-01-21T20:29:42","guid":{"rendered":"https:\/\/blog.corretoraideal.com.br\/?p=56609"},"modified":"2024-01-21T20:29:42","modified_gmt":"2024-01-21T20:29:42","slug":"homem-suspeito-de-maus-tratos-a-animais-e-homicidio-e-preso-em-cambuci-no-rj-norte-fluminense-g1","status":"publish","type":"post","link":"https:\/\/blog.corretoraideal.com.br\/index.php\/2024\/01\/21\/homem-suspeito-de-maus-tratos-a-animais-e-homicidio-e-preso-em-cambuci-no-rj-norte-fluminense-g1\/","title":{"rendered":"Homem suspeito de maus-tratos a animais e homic\u00eddio \u00e9 preso em Cambuci, no RJ | Norte Fluminense | G1"},"content":{"rendered":"<br \/>\n<h1>Homem suspeito de maus-tratos a animais e homic\u00eddio \u00e9 preso em Cambuci, no RJ<\/h1>\n<h2>Policiais foram at\u00e9 a casa do suspeito cumprir dois mandados: um de pris\u00e3o e outro de busca e apreens\u00e3o, mas durante a a\u00e7\u00e3o tamb\u00e9m flagraram uma cadela sendo v\u00edtima de maus-tratos. <\/h2>\n<p> Por Lilia Bustilho, g1 &mdash; Cambuci <\/p>\n<p>  21\/01\/2024 14h41    Atualizado  21\/01\/2024    <\/p>\n<p>                             <img loading=\"lazy\" decoding=\"async\" class=\"aligncenter size-full wp-image-56611\" src=\"https:\/\/blog.corretoraideal.com.br\/wp-content\/uploads\/2024\/01\/suspeito-de-homicidio-e-preso-em-cambuci.jpeg\" alt=\"Suspeito de homic\u00eddio \u00e9 preso em Cambuci\" width=\"800\" height=\"400\" \/>       <\/p>\n<p> Suspeito de homic\u00eddio \u00e9 preso em Cambuci <\/p>\n<p> Em <a class href=\"https:\/\/g1.globo.com\/rj\/norte-fluminense\/cidade\/cambuci\/\">Cambuci<\/a>, no Noroeste Fluminense, um homem de 21 anos foi preso suspeito de homic\u00eddio e maus-tratos a animais. <\/p>\n<p> Contra ele, havia um mandado de pris\u00e3o e busca e apreens\u00e3o por causa de um assassinato cometido no s\u00e1bado passado, dia 13 de janeiro. S\u00f3 que durante a a\u00e7\u00e3o na casa do suspeito, no s\u00e1bado (20), os policiais encontraram uma cadela muito debilitada. <\/p>\n<p> O animal estava no quintal da casa. Segundo a pol\u00edcia, a cadela estava sem comida e sem \u00e1gua e estava em um ambiente sujo. Ele foi preso em flagrante por maus-tratos a animais. <\/p>\n<p> A pol\u00edcia havia ido at\u00e9 a casa cumprir dois mandados, sendo um de pris\u00e3o e o outro de busca e apreens\u00e3o. De acordo com a Pol\u00edcia Civil, na casa eles encontraram uma sacola com maconha, pino para coca\u00edna e material usado para embalar drogas. <\/p>\n<p> Os policiais tamb\u00e9m encontraram dois chassis e motores de moto com numera\u00e7\u00f5es suprimidas. <\/p>\n<p> O suspeito foi encaminhado para um pres\u00eddio em Campos, onde passar\u00e1 por uma audi\u00eancia de cust\u00f3dia. <\/p>\n<p><h2>O homic\u00eddio <\/h2>\n<\/p>\n<p> O homem identificado como Mauro C\u00e9sar, de 34 anos, foi assassinado a tiros na Pra\u00e7a dos Trabalhadores, conhecida como \u201cPra\u00e7a dos Cabritos\u201d, em Cambuci, na madrugada de s\u00e1bado (13). <\/p>\n<p> O suspeito de ter cometido o crime foi localizado, mas a arma n\u00e3o foi encontrada. O suspeito prestou depoimento na 143\u00aa DP e liberado ap\u00f3s o registro de ocorr\u00eancia. Foi aberto inqu\u00e9rito policial para apurar o homic\u00eddio provocado por disparos de arma de fogo. <\/p>\n<ul>\n<li> <a href=\"https:\/\/g1.globo.com\/rj\/norte-fluminense\/cidade\/cambuci\/\" class=\"entities__list-itemLink\" data-track-click=\"Cambuci\"> Cambuci <\/a> <\/li>\n<\/ul>\n<h3> <a id=\"js-next-article-desktop-link\" class=\"next-article-desktop-link\"><\/a> <\/h3>\n<h3> <a id=\"js-next-article-smart-link\" class=\"next-article-smart-link\"><\/a> <\/h3>\n<p>Veja tamb\u00e9m<\/p>\n<\/p>\n<\/p>\n<p>       Anterior   Pr\u00f3ximo     <\/p>\n","protected":false},"excerpt":{"rendered":"<p>Homem suspeito de maus-tratos a animais e homic\u00eddio \u00e9 preso em Cambuci, no RJ Policiais foram at\u00e9 a casa do suspeito cumprir dois mandados: um de pris\u00e3o e outro de busca e apreens\u00e3o, mas durante a a\u00e7\u00e3o tamb\u00e9m flagraram uma cadela sendo v\u00edtima de maus-tratos. Por Lilia Bustilho, g1 &mdash; Cambuci 21\/01\/2024 14h41 Atualizado 21\/01\/2024 [&hellip;]<\/p>\n","protected":false},"author":1,"featured_media":0,"comment_status":"closed","ping_status":"closed","sticky":false,"template":"","format":"standard","meta":{"footnotes":""},"categories":[],"tags":[],"class_list":["post-56609","post","type-post","status-publish","format-standard","hentry"],"_links":{"self":[{"href":"https:\/\/blog.corretoraideal.com.br\/index.php\/wp-json\/wp\/v2\/posts\/56609","targetHints":{"allow":["GET"]}}],"collection":[{"href":"https:\/\/blog.corretoraideal.com.br\/index.php\/wp-json\/wp\/v2\/posts"}],"about":[{"href":"https:\/\/blog.corretoraideal.com.br\/index.php\/wp-json\/wp\/v2\/types\/post"}],"author":[{"embeddable":true,"href":"https:\/\/blog.corretoraideal.com.br\/index.php\/wp-json\/wp\/v2\/users\/1"}],"replies":[{"embeddable":true,"href":"https:\/\/blog.corretoraideal.com.br\/index.php\/wp-json\/wp\/v2\/comments?post=56609"}],"version-history":[{"count":1,"href":"https:\/\/blog.corretoraideal.com.br\/index.php\/wp-json\/wp\/v2\/posts\/56609\/revisions"}],"predecessor-version":[{"id":56612,"href":"https:\/\/blog.corretoraideal.com.br\/index.php\/wp-json\/wp\/v2\/posts\/56609\/revisions\/56612"}],"wp:attachment":[{"href":"https:\/\/blog.corretoraideal.com.br\/index.php\/wp-json\/wp\/v2\/media?parent=56609"}],"wp:term":[{"taxonomy":"category","embeddable":true,"href":"https:\/\/blog.corretoraideal.com.br\/index.php\/wp-json\/wp\/v2\/categories?post=56609"},{"taxonomy":"post_tag","embeddable":true,"href":"https:\/\/blog.corretoraideal.com.br\/index.php\/wp-json\/wp\/v2\/tags?post=56609"}],"curies":[{"name":"wp","href":"https:\/\/api.w.org\/{rel}","templated":true}]}}