{"id":56617,"date":"2024-01-21T23:29:45","date_gmt":"2024-01-21T23:29:45","guid":{"rendered":"https:\/\/blog.corretoraideal.com.br\/?p=56617"},"modified":"2024-01-21T23:29:45","modified_gmt":"2024-01-21T23:29:45","slug":"eleicoes-2024-brasil-tem-falhado-em-atualizar-legislacao-contra-fake-news-dizem-especialistas-politica-g1","status":"publish","type":"post","link":"https:\/\/blog.corretoraideal.com.br\/index.php\/2024\/01\/21\/eleicoes-2024-brasil-tem-falhado-em-atualizar-legislacao-contra-fake-news-dizem-especialistas-politica-g1\/","title":{"rendered":"Elei\u00e7\u00f5es 2024: Brasil tem falhado em atualizar legisla\u00e7\u00e3o contra fake news, dizem especialistas | Pol\u00edtica | G1"},"content":{"rendered":"<br \/>\n<h1>Elei\u00e7\u00f5es 2024: Brasil tem falhado em atualizar legisla\u00e7\u00e3o contra fake news, dizem especialistas<\/h1>\n<h2>Uso da &#039;intelig\u00eancia artificial generativa&#039; nas campanhas \u00e9 uma das preocupa\u00e7\u00f5es; TSE e Congresso tentam estruturar novas regras, mas elas ainda n\u00e3o valem para pleito deste ano. <\/h2>\n<p> Por Nathalia Sarmento, g1 &mdash; Bras\u00edlia <\/p>\n<p>  21\/01\/2024 16h14    Atualizado  21\/01\/2024    <\/p>\n<ul>\n<li>\n<p> Eleitores v\u00e3o \u00e0s urnas em outubro para escolher novos prefeitos, vice-prefeitos e vereadores nos 5.568 munic\u00edpios do pa\u00eds <\/p>\n<\/li>\n<li>\n<p> Desafio de escolher o melhor candidato deve envolver um agravante: a avalanche de informa\u00e7\u00f5es falsas sobre a vota\u00e7\u00e3o e sobre os candidatos <\/p>\n<\/li>\n<li>\n<p> Especialistas ouvidos pelo <strong>g1<\/strong>, o governo e o Congresso t\u00eam falhado em acompanhar esse ritmo no enfrentamento \u00e0s fake news <\/p>\n<\/li>\n<li>\n<p> Principal preocupa\u00e7\u00e3o, segundo esses especialistas, \u00e9 com a viraliza\u00e7\u00e3o de v\u00eddeos e \u00e1udios manipulados pela &#x27;intelig\u00eancia artificial generativa&#x27; \u2013 que cria novos conte\u00fados <\/p>\n<\/li>\n<li>\n<p> Ainda que novas regras n\u00e3o possam mais afetar as candidaturas para este ano, os especialistas ouvidos pelo <strong>g1 <\/strong>consideram fundamental que o debate prossiga <\/p>\n<\/li>\n<li>\n<p> TSE tem empenhado esfor\u00e7os para estruturar regras que, pela primeira vez na hist\u00f3ria, enquadrem o uso da intelig\u00eancia artificial nas elei\u00e7\u00f5es <\/p>\n<\/li>\n<li>\n<p> Vers\u00f5es iniciais de resolu\u00e7\u00f5es foram divulgadas pelo Tribunal no in\u00edcio do m\u00eas e ser\u00e3o debatidas em audi\u00eancias p\u00fablicas entre os dias 23 e 25 de janeiro <\/p>\n<\/li>\n<li>\n<p> No Congresso, tramita o &#x27;PL das Fake News&#x27;. Relator disse que articula\u00e7\u00f5es v\u00e3o ser retomadas em fevereiro <\/p>\n<\/li>\n<\/ul>\n<p> Eleitores v\u00e3o \u00e0s urnas em outubro para escolher novos prefeitos, vice-prefeitos e vereadores nos 5.568 munic\u00edpios do pa\u00eds <\/p>\n<p> Desafio de escolher o melhor candidato deve envolver um agravante: a avalanche de informa\u00e7\u00f5es falsas sobre a vota\u00e7\u00e3o e sobre os candidatos <\/p>\n<p> Especialistas ouvidos pelo <strong>g1<\/strong>, o governo e o Congresso t\u00eam falhado em acompanhar esse ritmo no enfrentamento \u00e0s fake news <\/p>\n<p> Principal preocupa\u00e7\u00e3o, segundo esses especialistas, \u00e9 com a viraliza\u00e7\u00e3o de v\u00eddeos e \u00e1udios manipulados pela &#x27;intelig\u00eancia artificial generativa&#x27; \u2013 que cria novos conte\u00fados <\/p>\n<p> Ainda que novas regras n\u00e3o possam mais afetar as candidaturas para este ano, os especialistas ouvidos pelo <strong>g1 <\/strong>consideram fundamental que o debate prossiga <\/p>\n<p> TSE tem empenhado esfor\u00e7os para estruturar regras que, pela primeira vez na hist\u00f3ria, enquadrem o uso da intelig\u00eancia artificial nas elei\u00e7\u00f5es <\/p>\n<p> Vers\u00f5es iniciais de resolu\u00e7\u00f5es foram divulgadas pelo Tribunal no in\u00edcio do m\u00eas e ser\u00e3o debatidas em audi\u00eancias p\u00fablicas entre os dias 23 e 25 de janeiro <\/p>\n<p> No Congresso, tramita o &#x27;PL das Fake News&#x27;. Relator disse que articula\u00e7\u00f5es v\u00e3o ser retomadas em fevereiro <\/p>\n<p>         1 de 1&#013;Uso de aplica\u00e7\u00f5es com intelig\u00eancia artificial durante as elei\u00e7\u00f5es preocupa especialistas \u2014 Foto: Pexels    <\/p>\n<p> Uso de aplica\u00e7\u00f5es com intelig\u00eancia artificial durante as elei\u00e7\u00f5es preocupa especialistas \u2014 Foto: Pexels <\/p>\n<p> No pr\u00f3ximo m\u00eas de outubro, <a class href=\"https:\/\/g1.globo.com\/politica\/eleicoes\/2024\/noticia\/2024\/01\/20\/eleicoes-2024-prefeitos-de-20-capitais-poderao-tentar-novo-mandato-veja-nomes.ghtml\">eleitores de todo o pa\u00eds v\u00e3o \u00e0s urnas para escolher novos prefeitos, vice-prefeitos e vereadores nos 5.568 munic\u00edpios do pa\u00eds<\/a>. Assim como das \u00faltimas vezes, o desafio de escolher o melhor candidato deve envolver um agravante: a avalanche de informa\u00e7\u00f5es falsas sobre a vota\u00e7\u00e3o e sobre os candidatos. <\/p>\n<p> A cada ano, as estrat\u00e9gias para disseminar v\u00eddeos, imagens e textos falsos para manchar a integridade de candidatos se tornam mais elaboradas. E, segundo especialistas ouvidos pelo <a class href=\"https:\/\/g1.globo.com\/\"><strong>g1<\/strong><\/a>, o governo e o Congresso t\u00eam falhado em acompanhar esse ritmo no enfrentamento \u00e0s fake news. <\/p>\n<p> A principal preocupa\u00e7\u00e3o, segundo esses especialistas, \u00e9 com a viraliza\u00e7\u00e3o de v\u00eddeos e \u00e1udios manipulados pela <a class href=\"https:\/\/g1.globo.com\/inovacao\/noticia\/2023\/08\/05\/inteligencia-artificial-entenda-o-que-esta-por-vir-com-as-novas-interacoes-entre-homem-e-maquina.ghtml\">&quot;intelig\u00eancia artificial generativa&quot;<\/a> \u2013 aquela que resulta na cria\u00e7\u00e3o de novos conte\u00fados. S\u00e3o os <a class href=\"https:\/\/g1.globo.com\/tecnologia\/noticia\/2022\/02\/11\/o-que-e-deepfake-e-como-ele-e-usado-para-distorcer-realidade.ghtml\">chamados &quot;deepfakes&quot;<\/a> (<strong>entenda no v\u00eddeo abaixo<\/strong>). <\/p>\n<p>                   <img loading=\"lazy\" decoding=\"async\" class=\"aligncenter size-full wp-image-56619\" src=\"https:\/\/blog.corretoraideal.com.br\/wp-content\/uploads\/2024\/01\/g1-explica-deepfake-1.jpeg\" alt=\"G1 Explica: Deepfake\" width=\"800\" height=\"400\" \/>       <\/p>\n<p> G1 Explica: Deepfake <\/p>\n<p> Materiais desse tipo se tornaram uma &quot;febre&quot;, por exemplo, nas elei\u00e7\u00f5es presidenciais argentinas em 2023, corrompendo os depoimentos de candidatos e atrapalhando o direito de cada eleitor de definir, de forma democr\u00e1tica e bem-informada, o seu voto. <\/p>\n<p> Ainda que novas regras n\u00e3o possam mais afetar as candidaturas para este ano (a lei exige anteced\u00eancia m\u00ednima de um ano), os especialistas ouvidos pelo<strong> <\/strong><a class href=\"https:\/\/g1.globo.com\/\"><strong>g1<\/strong><\/a><strong> <\/strong>consideram fundamental que o debate prossiga e que o Brasil atualize as regras de combate \u00e0 desinforma\u00e7\u00e3o, sobretudo em contexto eleitoral. <\/p>\n<p> \u201cO arcabou\u00e7o legislativo que temos atualmente d\u00e1 conta de grande parte do problema. Contudo, a intelig\u00eancia artificial, o &#x27;deep fake&#x27; e os &#x27;bots&#x27; s\u00e3o exemplos de temas sobre os quais o TSE [<a class href=\"https:\/\/g1.globo.com\/tudo-sobre\/tribunal-superior-eleitoral\/\">Tribunal Superior Eleitoral<\/a>] ainda deve se debru\u00e7ar&quot;, diz o advogado Rodrigo Terra Cyrineu, da Academia Brasileira de Direito Eleitoral e Pol\u00edtico (Abradep). <\/p>\n<p> &quot;O grande problema do Congresso Nacional \u00e9 que ele demanda uma grande satura\u00e7\u00e3o do tema, por se tratarem de duas Casas Legislativas&quot;, adicionou. <\/p>\n<ul>\n<li><a class href=\"https:\/\/g1.globo.com\/politica\/noticia\/2023\/08\/09\/em-10-anos-leis-sobre-eleicoes-e-partidos-sofreram-uma-modificacao-a-cada-seis-meses-no-congresso.ghtml\">Em 10 anos, leis sobre elei\u00e7\u00f5es e partidos sofreram uma modifica\u00e7\u00e3o a cada seis meses no Congresso<\/a><\/li>\n<\/ul>\n<p><h2>TSE e intelig\u00eancia artificial<\/h2>\n<\/p>\n<p> Enquanto aguarda os avan\u00e7os no Legislativo, o TSE tem empenhado esfor\u00e7os para estruturar regras que, pela primeira vez na hist\u00f3ria, enquadrem o uso da intelig\u00eancia artificial nas elei\u00e7\u00f5es \u2013 seja na internet ou no pr\u00f3prio hor\u00e1rio eleitoral gratuito. <\/p>\n<p> Vers\u00f5es iniciais de resolu\u00e7\u00f5es foram divulgadas pelo Tribunal no in\u00edcio do m\u00eas e ser\u00e3o debatidas em audi\u00eancias p\u00fablicas entre os dias 23 e 25 de janeiro. Depois, a expectativa \u00e9 que sejam votadas em plen\u00e1rio at\u00e9 mar\u00e7o. <\/p>\n<p> Autora do livro &quot;Manual do Candidato&quot;, a advogada Samara Ohanne v\u00ea com bons olhos os temas inclu\u00eddos nessas minutas de resolu\u00e7\u00e3o (<strong>entenda mais abaixo<\/strong>), mas critica o fato de os documentos n\u00e3o preverem a responsabiliza\u00e7\u00e3o das plataformas digitais. <\/p>\n<p> Segundo Samara, o TSE ainda n\u00e3o incluiu nas propostas qualquer instrumento para obrigar sites e redes sociais a excluir conte\u00fados ou bloquear usu\u00e1rios que fa\u00e7am mau uso das ferramentas. <\/p>\n<p> &quot;A retirada de imediato da postagem deve ser trabalhada. A partir do momento em que a Justi\u00e7a constata que o conte\u00fado viola algum direito, a plataforma deve ser penalizada, caso j\u00e1 tenha sido notificada sobre a infra\u00e7\u00e3o e deixado dispon\u00edvel as informa\u00e7\u00f5es para outros usu\u00e1rios. A penalidade das plataformas \u00e9 uma boa sa\u00edda&quot;, opina a advogada. <\/p>\n<p> O professor de direito da Universidade de S\u00e3o Paulo (<a class href=\"https:\/\/g1.globo.com\/educacao\/universidade\/usp\/\">USP<\/a>) Rubens Be\u00e7ak, por sua vez, avalia que o TSE tem percebido &quot;mais rapidamente&quot; as mudan\u00e7as na comunica\u00e7\u00e3o e considera &quot;um avan\u00e7o\u201d o fato de os partidos notificarem que houve uso de intelig\u00eancia artificial na propaganda eleitoral. <\/p>\n<p> \u201cA intelig\u00eancia artificial \u00e9 um conjunto de mecanismos que cria uma realidade quase que perfeita. As pessoas podem montar na foto de algu\u00e9m, uma fala pretenciosa, e isso ludibria. O Tribunal mandou um recado muito claro de que h\u00e1 uma limita\u00e7\u00e3o, e que a itelig\u00eancia deve ser usada com consci\u00eancia\u201d, afirma o professor. <\/p>\n<p><h2>TSE pauta discuss\u00f5es no Congresso <\/h2>\n<\/p>\n<p> Vale ressaltar que n\u00e3o existe uma legisla\u00e7\u00e3o espec\u00edfica que delimite crit\u00e9rios de fiscaliza\u00e7\u00e3o para not\u00edcias falsas no Brasil, muito embora tramitem no Congresso Nacional propostas sobre tema, como \u00e9 o caso projeto de lei conhecido como &quot;PL das Fake News&quot;. <\/p>\n<p> O relator do PL, deputado <a class href=\"https:\/\/g1.globo.com\/tudo-sobre\/orlando-silva-junior\/\">Orlando Silva<\/a> (PCdoB-SP), afirmou ao <strong>blog da Daniela Lima<\/strong>, <a class href=\"https:\/\/g1.globo.com\/politica\/blog\/daniela-lima\/post\/2023\/12\/28\/congresso-vai-retomar-projeto-de-regulacao-de-redes-sociais-na-volta-do-recesso-em-2024.ghtml\">que pretende retomar a articula\u00e7\u00e3o com os parlamentares para aprovar o texto na volta do recesso parlamentar, em fevereiro<\/a> (<strong>leia mais abaixo<\/strong>). <\/p>\n<p> O advogado Rodrigo Terra Cyrineu acredita que ao longo dos anos eleitorais o TSE tem colecionado um hist\u00f3rico de \u201cpautador\u201d de discuss\u00f5es, e que as decis\u00f5es do \u00f3rg\u00e3o fomentam rea\u00e7\u00f5es no Congresso \u2014 que demora a se posicionar em raz\u00e3o do tempo gasto durante a tramita\u00e7\u00e3o dos processos nas Casas (C\u00e2mara e Senado). <\/p>\n<p> \u201cA exist\u00eancia de um di\u00e1logo entre as institui\u00e7\u00f5es \u00e9 uma experi\u00eancia brasileira hist\u00f3rica. Nesse contexto, o TSE atua como uma esp\u00e9cie de resolvedor imediato. Primeiro, o Tribunal d\u00e1 o aval para as quest\u00f5es e, depois, com mais calma, o Congresso regulamenta. Tem funcionado bem dessa forma, as quest\u00f5es se afloram mais nas elei\u00e7\u00f5es\u201d, afirmou o advogado. <\/p>\n<p>                   <img loading=\"lazy\" decoding=\"async\" class=\"aligncenter size-full wp-image-56620\" src=\"https:\/\/blog.corretoraideal.com.br\/wp-content\/uploads\/2024\/01\/comeca-prazo-para-novos-eleitores-tirarem-o-titulo-2024-e-ano-de-eleicoes-municipais.jpeg\" alt=\"Come\u00e7a prazo para novos eleitores tirarem o t\u00edtulo; 2024 \u00e9 ano de elei\u00e7\u00f5es municipais\" width=\"800\" height=\"400\" \/>       <\/p>\n<p> Come\u00e7a prazo para novos eleitores tirarem o t\u00edtulo; 2024 \u00e9 ano de elei\u00e7\u00f5es municipais <\/p>\n<p><h2>Regulamenta\u00e7\u00e3o das elei\u00e7\u00f5es <\/h2>\n<\/p>\n<p> As minutas que estabelecem crit\u00e9rios para a regulamenta\u00e7\u00e3o das elei\u00e7\u00f5es municipais de 2024 foram apresentadas no in\u00edcio do m\u00eas pela vice-presidente do TSE, <a class href=\"https:\/\/g1.globo.com\/tudo-sobre\/carmen-lucia\/\">C\u00e1rmen L\u00facia<\/a>. A ministra vai presidir o \u00f3rg\u00e3o durante as elei\u00e7\u00f5es em 6 de outubro, visto que o mandato do ent\u00e3o presidente <a class href=\"https:\/\/g1.globo.com\/tudo-sobre\/alexandre-de-moraes\/\">Alexandre de Moraes<\/a> termina em junho de 2024. <\/p>\n<p> Com as audi\u00eancias p\u00fablicas dos dias 23, 24 e 25 de janeiro, o TSE busca receber sugest\u00f5es para aperfei\u00e7oar essas minutas de resolu\u00e7\u00f5es. E entre os temas que ser\u00e3o tratados nesses encontros est\u00e3o: <\/p>\n<ul>\n<li>registro de candidatura; <\/li>\n<li>Fundo Especial de Financiamento de Campanha (FEFC); <\/li>\n<li>presta\u00e7\u00e3o de contas; <\/li>\n<li>propaganda eleitoral; <\/li>\n<li>pesquisas eleitorais; <\/li>\n<li>auditoria e fiscaliza\u00e7\u00e3o; <\/li>\n<li>representa\u00e7\u00f5es e reclama\u00e7\u00f5es; <\/li>\n<li>sistemas eleitorais;<\/li>\n<li>atos gerais do processo eleitoral; <\/li>\n<li>e il\u00edcitos eleitorais. <\/li>\n<\/ul>\n<p> Veja, resumidamente, o que dizem alguns dos t\u00f3picos de uma das mintuas que aborda a propaganda eleitoral: <\/p>\n<ul>\n<li>durante a pr\u00e9-campanha, o candidato n\u00e3o poder\u00e1 fazer propaganda pedindo voto explicitamente ao p\u00fablico;<\/li>\n<li>em casos da reprodu\u00e7\u00e3o de desinforma\u00e7\u00e3o que comprometa a integridade do processo eleitoral na internet, o TSE ter\u00e1 o direito de pol\u00edcia (capacidade de limitar direitos individuais) frente \u00e0 remo\u00e7\u00e3o ou \u00e0 manuten\u00e7\u00e3o de conte\u00fados id\u00eanticos);<\/li>\n<li>a propaganda eleitoral que utilize tecnologias digitais para criar, substituir, omitir, mesclar, alterar a velocidade ou sobrepor imagens ou sons (incluindo o uso de intelig\u00eancia artificial) dever\u00e1 informar o uso da tecnologia durante a exibi\u00e7\u00e3o ou postagem; <\/li>\n<li>\u00e9 proibida a exibi\u00e7\u00e3o de conte\u00fados falsos ou descontextualizados, que comprometam o andamento das elei\u00e7\u00f5es; <\/li>\n<li>\u00e9 proibida desde 48h antes at\u00e9 24h depois da elei\u00e7\u00e3o, a circula\u00e7\u00e3o de propaganda eleitoral na internet.<\/li>\n<\/ul>\n<p> Nas \u00faltimas elei\u00e7\u00f5es presidenciais, em 2022, o TSE elaborou um Grupo de An\u00e1lise e Monitoramento respons\u00e1vel por avaliar se o conte\u00fado era \u201cdesinformativo\u201d e acionava as plataformas relacionadas. <\/p>\n<p><h2>Legisla\u00e7\u00e3o atual sobre fake news <\/h2>\n<\/p>\n<p> Um termo similar ao de fake news foi introduzido na Justi\u00e7a Eleitoral a partir da Resolu\u00e7\u00e3o n\u00b0 23.551, publicada pelo TSE em dezembro de 2017. Na ocasi\u00e3o, nomearam a pr\u00e1tica de &quot;saberes inver\u00eddicos&quot;. <\/p>\n<p> \u201cA livre manifesta\u00e7\u00e3o do pensamento do eleitor identificado ou identific\u00e1vel na internet somente \u00e9 pass\u00edvel de limita\u00e7\u00e3o quando ocorrer ofensa \u00e0 honra de terceiros ou divulga\u00e7\u00e3o de fatos sabiamente inver\u00eddicos\u201d, dizia o documento. <\/p>\n<p> A resolu\u00e7\u00e3o foi implementada de fato em junho de 2018, ap\u00f3s den\u00fancias do Diret\u00f3rio Nacional da Rede Sustentabilidade sobre not\u00edcias falsas estarem sendo vinculadas em uma rede social a respeito da ent\u00e3o pr\u00e9-candidata \u00e0 presid\u00eancia da Rep\u00fablica <a class href=\"https:\/\/g1.globo.com\/tudo-sobre\/marina-silva\/\">Marina Silva<\/a>. <\/p>\n<p> Na \u00e9poca, o ministro substituto do TSE S\u00e9rgio Banhos, que estava \u00e0 frente do processo, determinou que a plataforma tirasse a publica\u00e7\u00e3o do ar no prazo de 48 horas. <\/p>\n<p> Para a professora da Escola de Comunica\u00e7\u00e3o, M\u00eddia e Informa\u00e7\u00e3o\u00a0da\u00a0Funda\u00e7\u00e3o Get\u00falio Vargas (<a class href=\"https:\/\/g1.globo.com\/tudo-sobre\/fgv\/\">FGV<\/a>) Anna Bentes, as elei\u00e7\u00f5es de 2018 foram &quot;marcadas pela desinforma\u00e7\u00e3o&quot;. <\/p>\n<p> \u201cOs resultados instigaram uma s\u00e9rie de debates na sociedade sobre a influ\u00eancia que essas not\u00edcias podem exercer sobre candidato na hora do voto. Tivemos o inqu\u00e9rito das fake news, CPMI das Fake News, al\u00e9m do projeto embrion\u00e1rio de regulamenta\u00e7\u00e3o das plataformas digitais\u201d, pontou Anna, que tamb\u00e9m \u00e9 membro do Conselho Diretivo da Rede Latino Americana de Estudos sobre Vigil\u00e2ncia, Tecnologia e Sociedade. <\/p>\n<p> Ap\u00f3s a Reforma Eleitoral de 2021, o TSE instituiu no C\u00f3digo Eleitoral o &quot;Artigo 323&quot;, que proibiu a divulga\u00e7\u00e3o de \u201csaber inver\u00eddico\u201d nas campanhas eleitorais. <\/p>\n<p> Assim, ficou vedado, conforme a lei: <\/p>\n<p>\u201cDivulgar, na propaganda eleitoral ou durante per\u00edodo de campanha eleitoral, fatos que sabe inver\u00eddicos em rela\u00e7\u00e3o a partidos ou a candidatos e capazes de exercer influ\u00eancia perante o eleitorado.\u201d<\/p>\n<p> A pena para quem \u00e9 pego descumprindo a norma \u00e9 de dois meses a um ano de deten\u00e7\u00e3o ou o pagamento de 120 a 150 dias-multa. <\/p>\n<p><h2>PL das Fake News<\/h2>\n<\/p>\n<p> O relator do projeto de lei das fake news, deputado Orlando Silva (PCdoB-SP), sinalizou a retomada, em fevereiro, ap\u00f3s o recesso do Congresso Nacional, das articula\u00e7\u00f5es com os parlamentares para aprovar o texto na C\u00e2mara dos Deputados. <\/p>\n<p> <a class href=\"https:\/\/g1.globo.com\/politica\/noticia\/2023\/05\/02\/apos-pedido-do-relator-lira-adia-votacao-do-pl-das-fake-news-na-camara.ghtml\">O projeto foi retirado de pauta em maio de 2023, pelo presidente da C\u00e2mara, Arthur Lira (PP-AL), ap\u00f3s a solicita\u00e7\u00e3o do deputado Orlando Silva,<\/a> em raz\u00e3o do baixo qu\u00f3rum para vota\u00e7\u00e3o. <\/p>\n<p> O texto come\u00e7ou a tramitar no Congresso em 2020 e chegou a ser aprovado pelo Senado no mesmo ano, com 44 votos &quot;sim&quot; e 32 &quot;n\u00e3o&quot;, al\u00e9m de duas absten\u00e7\u00f5es. J\u00e1 na C\u00e2mara, a PL n\u00e3o teve encaminhamento. <\/p>\n<p> Em linhas gerais, o projeto torna crime a promo\u00e7\u00e3o ou financiamento de divulga\u00e7\u00e3o em massa de mensagens com conte\u00fado inver\u00eddico por meio de conta automatizada, as chamadas contas-rob\u00f4s. <\/p>\n<p> Al\u00e9m disso, estabelece que: <\/p>\n<ul>\n<li>provedores tenham representa\u00e7\u00e3o por pessoa jur\u00eddica no Brasil;<\/li>\n<li>provedores ser\u00e3o responsabilizados pelos conte\u00fados de terceiros cuja distribui\u00e7\u00e3o tenha sido impulsionada por pagamento;<\/li>\n<li>plataformas digitais mantenham regras transparentes de modera\u00e7\u00e3o;<\/li>\n<li>a retirada imediata de conte\u00fados que violem direitos de crian\u00e7as e adolescentes;<\/li>\n<li>conte\u00fados jornal\u00edsticos utilizados por provedores dever\u00e3o ser remunerados;<\/li>\n<li>e a extens\u00e3o da imunidade parlamentar \u00e0s redes sociais.<\/li>\n<\/ul>\n<ul>\n<li> <a href=\"https:\/\/g1.globo.com\/tudo-sobre\/alexandre-de-moraes\/\" class=\"entities__list-itemLink\" data-track-click=\"Alexandre de Moraes\"> Alexandre de Moraes <\/a> <\/li>\n<li> <a href=\"https:\/\/g1.globo.com\/tudo-sobre\/carmen-lucia\/\" class=\"entities__list-itemLink\" data-track-click=\"C\u00e1rmen L\u00facia\"> C\u00e1rmen L\u00facia <\/a> <\/li>\n<li> <a href=\"https:\/\/g1.globo.com\/tudo-sobre\/fgv\/\" class=\"entities__list-itemLink\" data-track-click=\"FGV\"> FGV <\/a> <\/li>\n<li> <a href=\"https:\/\/g1.globo.com\/tudo-sobre\/marina-silva\/\" class=\"entities__list-itemLink\" data-track-click=\"Marina Silva\"> Marina Silva <\/a> <\/li>\n<li> <a href=\"https:\/\/g1.globo.com\/tudo-sobre\/orlando-silva-junior\/\" class=\"entities__list-itemLink\" data-track-click=\"Orlando Silva\"> Orlando Silva <\/a> <\/li>\n<li> <a href=\"https:\/\/g1.globo.com\/tudo-sobre\/tribunal-superior-eleitoral\/\" class=\"entities__list-itemLink\" data-track-click=\"Tribunal Superior Eleitoral\"> Tribunal Superior Eleitoral <\/a> <\/li>\n<li> <a href=\"https:\/\/g1.globo.com\/educacao\/universidade\/usp\/\" class=\"entities__list-itemLink\" data-track-click=\"USP\"> USP <\/a> <\/li>\n<\/ul>\n<h3> <a id=\"js-next-article-desktop-link\" class=\"next-article-desktop-link\"><\/a> <\/h3>\n<h3> <a id=\"js-next-article-smart-link\" class=\"next-article-smart-link\"><\/a> <\/h3>\n<p>Veja tamb\u00e9m<\/p>\n<\/p>\n<\/p>\n<p>       Anterior   Pr\u00f3ximo     <\/p>\n","protected":false},"excerpt":{"rendered":"<p>Elei\u00e7\u00f5es 2024: Brasil tem falhado em atualizar legisla\u00e7\u00e3o contra fake news, dizem especialistas Uso da &#039;intelig\u00eancia artificial generativa&#039; nas campanhas \u00e9 uma das preocupa\u00e7\u00f5es; TSE e Congresso tentam estruturar novas regras, mas elas ainda n\u00e3o valem para pleito deste ano. Por Nathalia Sarmento, g1 &mdash; Bras\u00edlia 21\/01\/2024 16h14 Atualizado 21\/01\/2024 Eleitores v\u00e3o \u00e0s urnas em [&hellip;]<\/p>\n","protected":false},"author":1,"featured_media":0,"comment_status":"closed","ping_status":"closed","sticky":false,"template":"","format":"standard","meta":{"footnotes":""},"categories":[],"tags":[],"class_list":["post-56617","post","type-post","status-publish","format-standard","hentry"],"_links":{"self":[{"href":"https:\/\/blog.corretoraideal.com.br\/index.php\/wp-json\/wp\/v2\/posts\/56617","targetHints":{"allow":["GET"]}}],"collection":[{"href":"https:\/\/blog.corretoraideal.com.br\/index.php\/wp-json\/wp\/v2\/posts"}],"about":[{"href":"https:\/\/blog.corretoraideal.com.br\/index.php\/wp-json\/wp\/v2\/types\/post"}],"author":[{"embeddable":true,"href":"https:\/\/blog.corretoraideal.com.br\/index.php\/wp-json\/wp\/v2\/users\/1"}],"replies":[{"embeddable":true,"href":"https:\/\/blog.corretoraideal.com.br\/index.php\/wp-json\/wp\/v2\/comments?post=56617"}],"version-history":[{"count":1,"href":"https:\/\/blog.corretoraideal.com.br\/index.php\/wp-json\/wp\/v2\/posts\/56617\/revisions"}],"predecessor-version":[{"id":56621,"href":"https:\/\/blog.corretoraideal.com.br\/index.php\/wp-json\/wp\/v2\/posts\/56617\/revisions\/56621"}],"wp:attachment":[{"href":"https:\/\/blog.corretoraideal.com.br\/index.php\/wp-json\/wp\/v2\/media?parent=56617"}],"wp:term":[{"taxonomy":"category","embeddable":true,"href":"https:\/\/blog.corretoraideal.com.br\/index.php\/wp-json\/wp\/v2\/categories?post=56617"},{"taxonomy":"post_tag","embeddable":true,"href":"https:\/\/blog.corretoraideal.com.br\/index.php\/wp-json\/wp\/v2\/tags?post=56617"}],"curies":[{"name":"wp","href":"https:\/\/api.w.org\/{rel}","templated":true}]}}