{"id":56626,"date":"2024-01-22T13:30:00","date_gmt":"2024-01-22T13:30:00","guid":{"rendered":"https:\/\/blog.corretoraideal.com.br\/?p=56626"},"modified":"2024-01-22T13:30:00","modified_gmt":"2024-01-22T13:30:00","slug":"dolar-abre-a-semana-em-alta-em-alerta-com-decisoes-de-juros-no-exterior-e-fiscal-no-brasil-economia-g1","status":"publish","type":"post","link":"https:\/\/blog.corretoraideal.com.br\/index.php\/2024\/01\/22\/dolar-abre-a-semana-em-alta-em-alerta-com-decisoes-de-juros-no-exterior-e-fiscal-no-brasil-economia-g1\/","title":{"rendered":"D\u00f3lar abre a semana em alta, em alerta com decis\u00f5es de juros no exterior e fiscal no Brasil | Economia | G1"},"content":{"rendered":"<br \/>\n<h1>D\u00f3lar abre a semana em alta, em alerta com decis\u00f5es de juros no exterior e fiscal no Brasil<\/h1>\n<h2>Na sexta-feira, a moeda norte-americana recuou 0,08%, cotada a R$ 4,9268. J\u00e1 o principal \u00edndice de a\u00e7\u00f5es da bolsa de valores brasileira encerrou em alta de 0,25%, aos 127.636 pontos.<\/h2>\n<p> Por g1 <\/p>\n<p>  22\/01\/2024 09h08    Atualizado  22\/01\/2024    <\/p>\n<p>                      1 de 1&#013; \u2014 Foto: pasja1000\/Creative Commons    <\/p>\n<p> \u2014 Foto: pasja1000\/Creative Commons <\/p>\n<p> O d\u00f3lar abriu em alta nesta segunda-feira (22), em dia de leve recupera\u00e7\u00e3o contra baixas na semana passada. Sem grandes marcos para o dia, o mercado financeiro se prepara para decis\u00f5es de juros na Europa e no Jap\u00e3o, al\u00e9m de novos resultados corporativos nos <a class href=\"https:\/\/g1.globo.com\/tudo-sobre\/estados-unidos\/\">Estados Unidos<\/a>. <\/p>\n<p> No Brasil, analistas esperam o desenrolar da \u00faltima MP enviada pelo governo para amplia\u00e7\u00e3o da arrecada\u00e7\u00e3o e a san\u00e7\u00e3o do Or\u00e7amento de 2024. <\/p>\n<p> <strong>Veja abaixo o resumo dos mercados.<\/strong> <\/p>\n<p><h2>D\u00f3lar<\/h2>\n<\/p>\n<p> \u00c0s 9h30, o d\u00f3lar operava em alta de 0,18%, cotado a R$ 4,9359. <a class href=\"https:\/\/valor.globo.com\/valor-data\/\">Veja mais cota\u00e7\u00f5es.<\/a> <\/p>\n<p> Na sexta-feira, a moeda norte-americana caiu 0,08%, cotado a R$ 4,9268. Com o resultado, acumulou: <\/p>\n<ul>\n<li><strong>alta de 1,44% na semana;<\/strong><\/li>\n<li><strong>e ganhos de 1,53% no m\u00eas e no ano.<\/strong><\/li>\n<\/ul>\n<p><h2><a class href=\"https:\/\/g1.globo.com\/tudo-sobre\/ibovespa\/\"><strong>Ibovespa<\/strong><\/a><\/h2>\n<\/p>\n<p> O Ibovespa opera apenas a partir das 10h. <\/p>\n<p> Na sexta, o \u00edndice teve alta de 0,25%, aos 127.636 pontos. Com o resultado, acumulou: <\/p>\n<ul>\n<li><strong>recuo de 2,57% na semana;<\/strong><\/li>\n<li><strong>quedas de 4,89% no m\u00eas e no ano.<\/strong><\/li>\n<\/ul>\n<p> <strong>LEIA TAMB\u00c9M<\/strong> <\/p>\n<ul>\n<li><strong>DINHEIRO OU CART\u00c3O? <\/strong><a class href=\"https:\/\/g1.globo.com\/economia\/noticia\/2022\/03\/26\/dinheiro-ou-cartao-qual-a-melhor-forma-de-levar-dolares-em-viagens.ghtml\">Qual a melhor forma de levar d\u00f3lares em viagens?<\/a><\/li>\n<li><strong>D\u00d3LAR: <\/strong><a class href=\"https:\/\/g1.globo.com\/economia\/noticia\/2022\/04\/05\/dolar-qual-o-melhor-momento-para-comprar.ghtml\">Qual o melhor momento para comprar a moeda? <\/a><\/li>\n<\/ul>\n<p>                   <img loading=\"lazy\" decoding=\"async\" class=\"aligncenter size-full wp-image-56628\" src=\"https:\/\/blog.corretoraideal.com.br\/wp-content\/uploads\/2024\/01\/entenda-o-que-faz-o-dolar-subir-ou-descer-8.jpeg\" alt=\"Entenda o que faz o d\u00f3lar subir ou descer\" width=\"800\" height=\"400\" \/>       <\/p>\n<p> Entenda o que faz o d\u00f3lar subir ou descer <\/p>\n<p><h2>O que est\u00e1 mexendo com os mercados?<\/h2>\n<\/p>\n<p> O <a class href=\"https:\/\/g1.globo.com\/economia\/noticia\/2024\/01\/22\/mercado-financeiro-reduz-estimativa-de-inflacao-para-387percent-em-2024.ghtml\">Banco Central (BC) divulgou uma nova edi\u00e7\u00e3o do boletim Focus.<\/a> O mercado financeiro reduziu, pela segunda semana consecutiva, a estimativa de infla\u00e7\u00e3o para 2024, prevendo alta de 3,86%. A meta de infla\u00e7\u00e3o que o BC deve perseguir \u00e9 de 3%. <\/p>\n<p> A proje\u00e7\u00e3o para o c\u00e2mbio tamb\u00e9m recuou. A estimativa, que era de um d\u00f3lar a R$ 5 h\u00e1 quatro semanas, agora \u00e9 de R$ 4,92. Nos dois casos, esse \u00e9 o valor previsto para o fim de 2024. <\/p>\n<p> Por fim, o mercado espera um crescimento de 1,6% do Produto Interno Bruto (PIB) em 2024. A proje\u00e7\u00e3o cresceu marginalmente em rela\u00e7\u00e3o \u00e0 semana anterior (1,59%). <\/p>\n<p> Ainda por aqui, olhos est\u00e3o na <a class href=\"https:\/\/g1.globo.com\/politica\/noticia\/2024\/01\/19\/governo-vai-revogar-mp-que-retoma-tributacao-sobre-a-folha-de-pagamento-diz-pacheco.ghtml\">poss\u00edvel revoga\u00e7\u00e3o da medida provis\u00f3ria (MP) que restabelece tributa\u00e7\u00e3o sobre a folha de pagamentos.<\/a> O presidente do Congresso Nacional, senador Rodrigo Pacheco (PSD-MG), afirmou na sexta-feira que h\u00e1 um acordo constru\u00eddo para que o governo Luiz In\u00e1cio Lula da Silva (PT) retire o trecho. <\/p>\n<p> Al\u00e9m da reonera\u00e7\u00e3o da folha, a MP inclui outras medidas pensadas pelo governo para cumprir a meta de d\u00e9ficit zero em 2024 \u2013 ou seja, de gastar apenas o que arrecadou no per\u00edodo. <\/p>\n<p> &quot;H\u00e1 o compromisso do governo federal de reeditar a medida provis\u00f3ria para revogar esta medida provis\u00f3ria na parte que toca a desonera\u00e7\u00e3o da folha de pagamentos. Esse \u00e9 o compromisso pol\u00edtico que fizemos. E \u00e9 assim que vai acontecer e se encaminharem as coisas&quot;, prosseguiu. <\/p>\n<p> A MP foi editada no fim de dezembro e anunciada pelo ministro da Fazenda, <a class href=\"https:\/\/g1.globo.com\/politica\/politico\/fernando-haddad\/\">Fernando Haddad<\/a>, poucas semanas ap\u00f3s o Congresso decidir que prorrogaria a desonera\u00e7\u00e3o da folha de pagamento de 17 setores intensivos em m\u00e3o de obra. <\/p>\n<p> Al\u00e9m disso, <a class href=\"https:\/\/g1.globo.com\/politica\/blog\/gerson-camarotti\/post\/2024\/01\/22\/lula-vetara-r-5-bilhoes-em-emendas-de-comissao-na-sancao-do-orcamento.ghtml\">o presidente Lula vetar\u00e1 R$ 5,4 bilh\u00f5es em emendas de comiss\u00e3o<\/a> ao sancionar o Or\u00e7amento para 2024, nesta segunda-feira. A informa\u00e7\u00e3o \u00e9 do <strong>blog do Camarotti<\/strong>. <\/p>\n<p> Essa modalidade de emenda tinha saltado para cerca de R$ 16 bilh\u00f5es no texto aprovado pelo Congresso. Com o veto, deve retornar ao patamar de R$ 11 bilh\u00f5es. A reuni\u00e3o para san\u00e7\u00e3o do Or\u00e7amento est\u00e1 marcada para as 16h desta segunda. <\/p>\n<p> Na agenda internacional, o Banco Central Europeu (BCE) decide sobre as taxas de juros na pr\u00f3xima quinta-feira. A expectativa \u00e9 de manuten\u00e7\u00e3o das taxas, mas (como tem acontecido com o Federal Reserve) investidores estar\u00e3o atentos aos sinais passados pela autoridade monet\u00e1ria. <\/p>\n<p> &quot;Por um lado, as recentes sinaliza\u00e7\u00f5es de membros do BCE t\u00eam sido mais duras, alertando para o risco de uma a\u00e7\u00e3o prematura. Por outro lado, os n\u00fameros da atividade econ\u00f4mica t\u00eam sido fracos, confirmando que a regi\u00e3o pode j\u00e1 estar em recess\u00e3o&quot;, avalia a XP Investimentos, em relat\u00f3rio. <\/p>\n<ul>\n<li> <a href=\"https:\/\/g1.globo.com\/politica\/politico\/alexandre-padilha\/\" class=\"entities__list-itemLink\" data-track-click=\"Alexandre Padilha\"> Alexandre Padilha <\/a> <\/li>\n<li> <a href=\"https:\/\/g1.globo.com\/tudo-sobre\/bmf-bovespa\/\" class=\"entities__list-itemLink\" data-track-click=\"B3\"> B3 <\/a> <\/li>\n<li> <a href=\"https:\/\/g1.globo.com\/tudo-sobre\/estados-unidos\/\" class=\"entities__list-itemLink\" data-track-click=\"Estados Unidos\"> Estados Unidos <\/a> <\/li>\n<li> <a href=\"https:\/\/g1.globo.com\/tudo-sobre\/fed\/\" class=\"entities__list-itemLink\" data-track-click=\"FED\"> FED <\/a> <\/li>\n<li> <a href=\"https:\/\/g1.globo.com\/politica\/politico\/fernando-haddad\/\" class=\"entities__list-itemLink\" data-track-click=\"Fernando Haddad\"> Fernando Haddad <\/a> <\/li>\n<li> <a href=\"https:\/\/g1.globo.com\/tudo-sobre\/ibovespa\/\" class=\"entities__list-itemLink\" data-track-click=\"Ibovespa\"> Ibovespa <\/a> <\/li>\n<li> <a href=\"https:\/\/g1.globo.com\/tudo-sobre\/petrobras\/\" class=\"entities__list-itemLink\" data-track-click=\"Petrobras\"> Petrobras <\/a> <\/li>\n<\/ul>\n<h3> <a id=\"js-next-article-desktop-link\" class=\"next-article-desktop-link\"><\/a> <\/h3>\n<h3> <a id=\"js-next-article-smart-link\" class=\"next-article-smart-link\"><\/a> <\/h3>\n<p>Veja tamb\u00e9m<\/p>\n<\/p>\n<\/p>\n<p>       Anterior   Pr\u00f3ximo     <\/p>\n","protected":false},"excerpt":{"rendered":"<p>D\u00f3lar abre a semana em alta, em alerta com decis\u00f5es de juros no exterior e fiscal no Brasil Na sexta-feira, a moeda norte-americana recuou 0,08%, cotada a R$ 4,9268. J\u00e1 o principal \u00edndice de a\u00e7\u00f5es da bolsa de valores brasileira encerrou em alta de 0,25%, aos 127.636 pontos. Por g1 22\/01\/2024 09h08 Atualizado 22\/01\/2024 1 [&hellip;]<\/p>\n","protected":false},"author":1,"featured_media":0,"comment_status":"closed","ping_status":"closed","sticky":false,"template":"","format":"standard","meta":{"footnotes":""},"categories":[],"tags":[],"class_list":["post-56626","post","type-post","status-publish","format-standard","hentry"],"_links":{"self":[{"href":"https:\/\/blog.corretoraideal.com.br\/index.php\/wp-json\/wp\/v2\/posts\/56626","targetHints":{"allow":["GET"]}}],"collection":[{"href":"https:\/\/blog.corretoraideal.com.br\/index.php\/wp-json\/wp\/v2\/posts"}],"about":[{"href":"https:\/\/blog.corretoraideal.com.br\/index.php\/wp-json\/wp\/v2\/types\/post"}],"author":[{"embeddable":true,"href":"https:\/\/blog.corretoraideal.com.br\/index.php\/wp-json\/wp\/v2\/users\/1"}],"replies":[{"embeddable":true,"href":"https:\/\/blog.corretoraideal.com.br\/index.php\/wp-json\/wp\/v2\/comments?post=56626"}],"version-history":[{"count":1,"href":"https:\/\/blog.corretoraideal.com.br\/index.php\/wp-json\/wp\/v2\/posts\/56626\/revisions"}],"predecessor-version":[{"id":56629,"href":"https:\/\/blog.corretoraideal.com.br\/index.php\/wp-json\/wp\/v2\/posts\/56626\/revisions\/56629"}],"wp:attachment":[{"href":"https:\/\/blog.corretoraideal.com.br\/index.php\/wp-json\/wp\/v2\/media?parent=56626"}],"wp:term":[{"taxonomy":"category","embeddable":true,"href":"https:\/\/blog.corretoraideal.com.br\/index.php\/wp-json\/wp\/v2\/categories?post=56626"},{"taxonomy":"post_tag","embeddable":true,"href":"https:\/\/blog.corretoraideal.com.br\/index.php\/wp-json\/wp\/v2\/tags?post=56626"}],"curies":[{"name":"wp","href":"https:\/\/api.w.org\/{rel}","templated":true}]}}