{"id":56630,"date":"2024-01-22T16:29:37","date_gmt":"2024-01-22T16:29:37","guid":{"rendered":"https:\/\/blog.corretoraideal.com.br\/?p=56630"},"modified":"2024-01-22T16:29:37","modified_gmt":"2024-01-22T16:29:37","slug":"comeca-a-3a-fase-da-pre-matricula-na-rede-municipal-de-macae-norte-fluminense-g1","status":"publish","type":"post","link":"https:\/\/blog.corretoraideal.com.br\/index.php\/2024\/01\/22\/comeca-a-3a-fase-da-pre-matricula-na-rede-municipal-de-macae-norte-fluminense-g1\/","title":{"rendered":"Come\u00e7a a 3\u00aa fase da pr\u00e9-matr\u00edcula na rede municipal de Maca\u00e9 | Norte Fluminense | G1"},"content":{"rendered":"<br \/>\n<h1>Come\u00e7a a 3\u00aa fase da pr\u00e9-matr\u00edcula na rede municipal de Maca\u00e9<\/h1>\n<h2>Inscri\u00e7\u00f5es come\u00e7aram nesta segunda e seguem at\u00e9 a pr\u00f3xima sexta-feira (26) pela internet. Quem foi contemplado na primeira fase da pr\u00e9-matr\u00edcula, deve se matricular at\u00e9 esta quarta (24).<\/h2>\n<p> Por g1 &mdash; Maca\u00e9 <\/p>\n<p>  22\/01\/2024 11h32    Atualizado  22\/01\/2024    <\/p>\n<p>                      1 de 1&#013;Pr\u00e9-matr\u00edcula para a Educa\u00e7\u00e3o Infantil pode ser feita pela internet e segue at\u00e9 esta sexta (26) em Maca\u00e9 \u2014 Foto: Ascom Maca\u00e9\/Divulga\u00e7\u00e3o    <\/p>\n<p> Pr\u00e9-matr\u00edcula para a Educa\u00e7\u00e3o Infantil pode ser feita pela internet e segue at\u00e9 esta sexta (26) em Maca\u00e9 \u2014 Foto: Ascom Maca\u00e9\/Divulga\u00e7\u00e3o <\/p>\n<p> A terceira e \u00faltima fase da pr\u00e9-matr\u00edcula na rede municipal de <a class href=\"https:\/\/g1.globo.com\/rj\/regiao-dos-lagos\/cidade\/macae\/\">Maca\u00e9<\/a>, no Norte Fluminense, come\u00e7ou nesta segunda-feira (22) e segue at\u00e9 a pr\u00f3xima sexta-feira (26). <\/p>\n<p> Desta vez, o cadastro \u00e9 voltado para as crian\u00e7as da Educa\u00e7\u00e3o Infantil: Maternal I (2 anos completos ou a completar at\u00e9 31 de mar\u00e7o) e Maternal II (3 anos completos ou a completar at\u00e9 31 de mar\u00e7o). <\/p>\n<p> As inscri\u00e7\u00f5es s\u00e3o pela internet, no seguinte link: <a class href=\"https:\/\/sistemas.macae.rj.gov.br:84\/prematricula\/\" target=\"_blank\" rel=\"noopener noreferrer\">https:\/\/sistemas.macae.rj.gov.br:84\/prematricula\/<\/a>. <\/p>\n<p> Na mesma p\u00e1gina, o respons\u00e1vel tamb\u00e9m poder\u00e1 conferir o resultado do processo, que ser\u00e1 divulgado no dia 15 de fevereiro. J\u00e1 as matr\u00edculas no maternal dever\u00e3o ser feitas pelo respons\u00e1vel na pr\u00f3pria escola de 19 a 23 de fevereiro. <\/p>\n<p><h2>Inscritos na primeira fase<\/h2>\n<\/p>\n<p> A primeira etapa da pr\u00e9-matr\u00edcula foi para alunos da Pr\u00e9-Escola (Pr\u00e9 I, 4 anos completos ou a completar at\u00e9 31 de mar\u00e7o e Pr\u00e9 II, 5 anos completos ou a completar at\u00e9 31 de mar\u00e7o); 1\u00ba e 2\u00ba segmentos do Ensino Fundamental (1\u00ba ao 9\u00ba ano); Educa\u00e7\u00e3o de Jovens e Adultos (Etapa I a IX) e Ensino M\u00e9dio. <\/p>\n<p> Os candidatos contemplados nesta primeira fase devem realizar a matr\u00edcula, iniciada na \u00faltima quinta-feira (18), at\u00e9 esta quarta-feira (24). O procedimento ocorre na unidade de ensino em que o aluno foi alocado, sendo necess\u00e1rio apresentar a documenta\u00e7\u00e3o necess\u00e1ria <strong>(veja no final do texto)<\/strong>. <\/p>\n<p> J\u00e1 o resultado da segunda fase da pr\u00e9-matr\u00edcula est\u00e1 programado para o dia 30 de janeiro, atendendo \u00e0 Educa\u00e7\u00e3o Infantil (Pr\u00e9-escolar), Fundamental, EJA (Educa\u00e7\u00e3o de Jovens e Adultos) e Ensino M\u00e9dio (Regi\u00e3o Serrana). As matr\u00edculas dever\u00e3o ser realizadas no per\u00edodo de 30 de janeiro a 2 de fevereiro. <\/p>\n<p><h2>Documenta\u00e7\u00e3o para a matr\u00edcula:<\/h2>\n<\/p>\n<li>Original e c\u00f3pia da Certid\u00e3o de Nascimento ou Certid\u00e3o de Casamento ou documento oficial que a substitua;<\/li>\n<li>Foto 3&#215;4;<\/li>\n<li>Original e c\u00f3pia da Carteira de Vacina\u00e7\u00e3o atualizada;<\/li>\n<li>Original e c\u00f3pia da Carteira de Identidade, para estudante maior de idade;<\/li>\n<li>Original da Declara\u00e7\u00e3o de Escolaridade ou Protocolo de Transfer\u00eancia ou Hist\u00f3rico Escolar, para continuidade de estudos em 2024;<\/li>\n<li>Original e c\u00f3pia do comprovante de resid\u00eancia (recibo da conta de \u00e1gua, luz ou outra correspond\u00eancia);<\/li>\n<li>Original e c\u00f3pia do laudo cl\u00ednico, em se tratando de estudante que necessite de atendimento educacional especializado, de acordo com os incisos I, II e III do art. 4\u00ba da Resolu\u00e7\u00e3o CNE\/CEB n\u00ba 4, de 2 de outubro de 2009;<\/li>\n<li>Original e c\u00f3pia do cart\u00e3o do Aux\u00edlio Brasil, caso o estudante seja benefici\u00e1rio do programa;<\/li>\n<li>Original e c\u00f3pia do Cart\u00e3o do SUS;<\/li>\n<li>Original e c\u00f3pia do CPF do estudante;<\/li>\n<li>Original e c\u00f3pias dos documentos de identifica\u00e7\u00e3o dos respons\u00e1veis;<\/li>\n<li>Comprovante de inscri\u00e7\u00e3o no Cad\u00danico ou em Programas Sociais do Governo Federal (Bolsa Fam\u00edlia, BPC), caso tenha informado no cadastro da Pr\u00e9-Matr\u00edcula.<\/li>\n<ul>\n<li> <a href=\"https:\/\/g1.globo.com\/rj\/regiao-dos-lagos\/cidade\/macae\/\" class=\"entities__list-itemLink\" data-track-click=\"Maca\u00e9\"> Maca\u00e9 <\/a> <\/li>\n<\/ul>\n<h3> <a id=\"js-next-article-desktop-link\" class=\"next-article-desktop-link\"><\/a> <\/h3>\n<h3> <a id=\"js-next-article-smart-link\" class=\"next-article-smart-link\"><\/a> <\/h3>\n<p>Veja tamb\u00e9m<\/p>\n<\/p>\n<\/p>\n<p>       Anterior   Pr\u00f3ximo     <\/p>\n","protected":false},"excerpt":{"rendered":"<p>Come\u00e7a a 3\u00aa fase da pr\u00e9-matr\u00edcula na rede municipal de Maca\u00e9 Inscri\u00e7\u00f5es come\u00e7aram nesta segunda e seguem at\u00e9 a pr\u00f3xima sexta-feira (26) pela internet. Quem foi contemplado na primeira fase da pr\u00e9-matr\u00edcula, deve se matricular at\u00e9 esta quarta (24). Por g1 &mdash; Maca\u00e9 22\/01\/2024 11h32 Atualizado 22\/01\/2024 1 de 1&#013;Pr\u00e9-matr\u00edcula para a Educa\u00e7\u00e3o Infantil pode [&hellip;]<\/p>\n","protected":false},"author":1,"featured_media":0,"comment_status":"closed","ping_status":"closed","sticky":false,"template":"","format":"standard","meta":{"footnotes":""},"categories":[],"tags":[],"class_list":["post-56630","post","type-post","status-publish","format-standard","hentry"],"_links":{"self":[{"href":"https:\/\/blog.corretoraideal.com.br\/index.php\/wp-json\/wp\/v2\/posts\/56630","targetHints":{"allow":["GET"]}}],"collection":[{"href":"https:\/\/blog.corretoraideal.com.br\/index.php\/wp-json\/wp\/v2\/posts"}],"about":[{"href":"https:\/\/blog.corretoraideal.com.br\/index.php\/wp-json\/wp\/v2\/types\/post"}],"author":[{"embeddable":true,"href":"https:\/\/blog.corretoraideal.com.br\/index.php\/wp-json\/wp\/v2\/users\/1"}],"replies":[{"embeddable":true,"href":"https:\/\/blog.corretoraideal.com.br\/index.php\/wp-json\/wp\/v2\/comments?post=56630"}],"version-history":[{"count":1,"href":"https:\/\/blog.corretoraideal.com.br\/index.php\/wp-json\/wp\/v2\/posts\/56630\/revisions"}],"predecessor-version":[{"id":56632,"href":"https:\/\/blog.corretoraideal.com.br\/index.php\/wp-json\/wp\/v2\/posts\/56630\/revisions\/56632"}],"wp:attachment":[{"href":"https:\/\/blog.corretoraideal.com.br\/index.php\/wp-json\/wp\/v2\/media?parent=56630"}],"wp:term":[{"taxonomy":"category","embeddable":true,"href":"https:\/\/blog.corretoraideal.com.br\/index.php\/wp-json\/wp\/v2\/categories?post=56630"},{"taxonomy":"post_tag","embeddable":true,"href":"https:\/\/blog.corretoraideal.com.br\/index.php\/wp-json\/wp\/v2\/tags?post=56630"}],"curies":[{"name":"wp","href":"https:\/\/api.w.org\/{rel}","templated":true}]}}