{"id":56644,"date":"2024-01-23T02:29:39","date_gmt":"2024-01-23T02:29:39","guid":{"rendered":"https:\/\/blog.corretoraideal.com.br\/?p=56644"},"modified":"2024-01-23T02:29:39","modified_gmt":"2024-01-23T02:29:39","slug":"menino-de-9-anos-esfaqueia-o-padrasto-para-defender-a-mae-de-espancamento-diz-policia-norte-fluminense-g1","status":"publish","type":"post","link":"https:\/\/blog.corretoraideal.com.br\/index.php\/2024\/01\/23\/menino-de-9-anos-esfaqueia-o-padrasto-para-defender-a-mae-de-espancamento-diz-policia-norte-fluminense-g1\/","title":{"rendered":"Menino de 9 anos esfaqueia o padrasto para defender a m\u00e3e de espancamento, diz pol\u00edcia | Norte Fluminense | G1"},"content":{"rendered":"<br \/>\n<h1>Menino de 9 anos esfaqueia o padrasto para defender a m\u00e3e de espancamento, diz pol\u00edcia<\/h1>\n<h2>O homem est\u00e1 internado no hospital sob escolta policial. Mulher tamb\u00e9m foi levada para o Hospital Ferreira Machado.<\/h2>\n<p> Por Monique teixeira, g1 &mdash; Campos dos Goytacazes <\/p>\n<p>  22\/01\/2024 15h44    Atualizado  22\/01\/2024    <\/p>\n<p> Um menino de 9 anos deu facadas no padrasto, segundo a Pol\u00edcia Civil, para defender a m\u00e3e, que foi espancada pelo marido. <\/p>\n<p> O caso ocorreu neste domingo (21) em <a class href=\"https:\/\/g1.globo.com\/rj\/norte-fluminense\/cidade\/campos-dos-goytacazes\/\">Campos dos Goytacazes<\/a>, no Norte Fluminense. A mulher foi socorrida e levada para o Hospital Ferreira Machado. <\/p>\n<p> O marido tamb\u00e9m foi socorrido por moradores, levado para o mesmo hospital, e chegou a dar entrada no centro cir\u00fargico. Ele levou uma facada no bra\u00e7o, duas na perna e uma no abd\u00f4men. <\/p>\n<p> Segundo o hospital, ele encontra-se na Unidade Intermedi\u00e1ria (UI) com quadro est\u00e1vel, l\u00facido, acordado e sob escolta da pol\u00edcia. <\/p>\n<p> Sobre o estado de sa\u00fade da m\u00e3e da crian\u00e7a, o hospital disse que a paciente, de 32 anos, sofreu corte na cabe\u00e7a, fez exame de tomografia, sutura, foi medicada, tomou vacina antitet\u00e2nica e j\u00e1 foi liberada. <\/p>\n<p> Ao<strong> g1,<\/strong> o Conselho Tutelar informou que foi acionado para acompanhar o menino. E disse que ele est\u00e1 sendo assistido por uma equipe de psic\u00f3logos, al\u00e9m da promotoria. Ainda segundo o Conselho, o menino est\u00e1 muito abalado, j\u00e1 vem h\u00e1 um tempo presenciando o padrasto agredir a m\u00e3e, e, dessa vez, acabou tendo essa rea\u00e7\u00e3o. <\/p>\n<p> O caso est\u00e1 sendo investigado pela Delegacia de Atendimento Especializado \u00e0 Mulher (Deam). <\/p>\n<ul>\n<li> <a href=\"https:\/\/g1.globo.com\/rj\/norte-fluminense\/cidade\/campos-dos-goytacazes\/\" class=\"entities__list-itemLink\" data-track-click=\"Campos dos Goytacazes\"> Campos dos Goytacazes <\/a> <\/li>\n<\/ul>\n<h3> <a id=\"js-next-article-desktop-link\" class=\"next-article-desktop-link\"><\/a> <\/h3>\n<h3> <a id=\"js-next-article-smart-link\" class=\"next-article-smart-link\"><\/a> <\/h3>\n<p>Veja tamb\u00e9m<\/p>\n<\/p>\n<\/p>\n<p>       Anterior   Pr\u00f3ximo     <\/p>\n","protected":false},"excerpt":{"rendered":"<p>Menino de 9 anos esfaqueia o padrasto para defender a m\u00e3e de espancamento, diz pol\u00edcia O homem est\u00e1 internado no hospital sob escolta policial. Mulher tamb\u00e9m foi levada para o Hospital Ferreira Machado. Por Monique teixeira, g1 &mdash; Campos dos Goytacazes 22\/01\/2024 15h44 Atualizado 22\/01\/2024 Um menino de 9 anos deu facadas no padrasto, segundo [&hellip;]<\/p>\n","protected":false},"author":1,"featured_media":0,"comment_status":"closed","ping_status":"closed","sticky":false,"template":"","format":"standard","meta":{"footnotes":""},"categories":[],"tags":[],"class_list":["post-56644","post","type-post","status-publish","format-standard","hentry"],"_links":{"self":[{"href":"https:\/\/blog.corretoraideal.com.br\/index.php\/wp-json\/wp\/v2\/posts\/56644","targetHints":{"allow":["GET"]}}],"collection":[{"href":"https:\/\/blog.corretoraideal.com.br\/index.php\/wp-json\/wp\/v2\/posts"}],"about":[{"href":"https:\/\/blog.corretoraideal.com.br\/index.php\/wp-json\/wp\/v2\/types\/post"}],"author":[{"embeddable":true,"href":"https:\/\/blog.corretoraideal.com.br\/index.php\/wp-json\/wp\/v2\/users\/1"}],"replies":[{"embeddable":true,"href":"https:\/\/blog.corretoraideal.com.br\/index.php\/wp-json\/wp\/v2\/comments?post=56644"}],"version-history":[{"count":1,"href":"https:\/\/blog.corretoraideal.com.br\/index.php\/wp-json\/wp\/v2\/posts\/56644\/revisions"}],"predecessor-version":[{"id":56646,"href":"https:\/\/blog.corretoraideal.com.br\/index.php\/wp-json\/wp\/v2\/posts\/56644\/revisions\/56646"}],"wp:attachment":[{"href":"https:\/\/blog.corretoraideal.com.br\/index.php\/wp-json\/wp\/v2\/media?parent=56644"}],"wp:term":[{"taxonomy":"category","embeddable":true,"href":"https:\/\/blog.corretoraideal.com.br\/index.php\/wp-json\/wp\/v2\/categories?post=56644"},{"taxonomy":"post_tag","embeddable":true,"href":"https:\/\/blog.corretoraideal.com.br\/index.php\/wp-json\/wp\/v2\/tags?post=56644"}],"curies":[{"name":"wp","href":"https:\/\/api.w.org\/{rel}","templated":true}]}}