{"id":56647,"date":"2024-01-23T03:29:40","date_gmt":"2024-01-23T03:29:40","guid":{"rendered":"https:\/\/blog.corretoraideal.com.br\/?p=56647"},"modified":"2024-01-23T03:29:40","modified_gmt":"2024-01-23T03:29:40","slug":"numero-de-passageiros-em-voos-no-brasil-cresceu-153-em-2023-diz-governo-economia-g1","status":"publish","type":"post","link":"https:\/\/blog.corretoraideal.com.br\/index.php\/2024\/01\/23\/numero-de-passageiros-em-voos-no-brasil-cresceu-153-em-2023-diz-governo-economia-g1\/","title":{"rendered":"N\u00famero de passageiros em voos no Brasil cresceu 15,3% em 2023, diz governo | Economia | G1"},"content":{"rendered":"<br \/>\n<h1>N\u00famero de passageiros em voos no Brasil cresceu 15,3% em 2023, diz governo<\/h1>\n<h2>Houve alta tamb\u00e9m no n\u00famero de voos oferecidos e na ocupa\u00e7\u00e3o das aeronaves. Crescimento acontece apesar da alta de quase 50% no pre\u00e7o m\u00e9dio das passagens.<\/h2>\n<p> Por Nathalia Sarmento, g1 &mdash; Bras\u00edlia <\/p>\n<p>  22\/01\/2024 21h39    Atualizado  22\/01\/2024    <\/p>\n<p> O n\u00famero de passageiros em voos dom\u00e9sticos e internacionais no Brasil cresceu 15,3% em 2023, na compara\u00e7\u00e3o com o ano anterior. <\/p>\n<p> Os dados s\u00e3o do Minist\u00e9rio de Portos e Aeroportos (Mpor) e foram divulgados nesta segunda-feira (22) em entrevista coletiva do ministro da pasta, Silvio Costa Filho, e do ministro do Turismo, Celso Sabino. <\/p>\n<p>         1 de 1&#013;Ministros Silvio Costa e Celso Sabino em entrevista coletiva. \u2014 Foto: Eduardo Oliveira\/Mpor    <\/p>\n<p> Ministros Silvio Costa e Celso Sabino em entrevista coletiva. \u2014 Foto: Eduardo Oliveira\/Mpor <\/p>\n<p> Segundo o Mpor, o pa\u00eds registrou a circulou de 112,6 milh\u00f5es de passageiros em 2023, contra 97,6 milh\u00f5es em 2022. Entre os 15 milh\u00f5es de novos passageiros que circularam no \u00faltimo ano, estavam 9,2 milh\u00f5es em voos nacionais e 5,8 milh\u00f5es em voos internacionais &#8212; nestes \u00faltimos, a alta foi de 37% em rela\u00e7\u00e3o aos resultados de 2022. <\/p>\n<p>\u201cEsse \u00e9 um dos maiores crescimentos dos \u00faltimos 5 anos. Temos muita esperan\u00e7a de que nesses pr\u00f3ximos tr\u00eas anos possamos chegar a mais de 140 milh\u00f5es de passageiros no Brasil\u201d, afirmou o ministro. <\/p>\n<p> Segundo Costa Filho, houve um crescimento na taxa de ocupa\u00e7\u00e3o das aeronaves, que passou de 81,5% em 2022 para 83,4% no \u00faltimo ano. O ministro tamb\u00e9m destacou que em 2023 foram realizadas 58,6 mil viagens a mais do que no ano anterior, o que significa uma m\u00e9dia de aproximadamente 160 voos a mais por dia. <\/p>\n<p> Entre apenas os voos internacionais, a alta foi de 28 mil viagens. Para o minist\u00e9rio, o crescimento \u00e9 resultado de investimentos na modalidade low cost &#8212; op\u00e7\u00e3o de pagar separadamente por servi\u00e7os adicionais &#8212; e na integra\u00e7\u00e3o com novas companhias a\u00e9reas. <\/p>\n<p>                   <img loading=\"lazy\" decoding=\"async\" class=\"aligncenter size-full wp-image-56649\" src=\"https:\/\/blog.corretoraideal.com.br\/wp-content\/uploads\/2024\/01\/empresas-aereas-decolam-e-voltam-ao-patamar-pre-pandemia-mas-preco-das-passagens-sobe.jpeg\" alt=\"Empresas a\u00e9reas decolam e voltam ao patamar pr\u00e9 pandemia, mas pre\u00e7o das passagens sobe\" width=\"800\" height=\"400\" \/>       <\/p>\n<p> Empresas a\u00e9reas decolam e voltam ao patamar pr\u00e9-pandemia, mas pre\u00e7o das passagens sobe <\/p>\n<p><h2>Alta dos pre\u00e7os<\/h2>\n<\/p>\n<p> O aumento no n\u00famero de passageiros acontece apesar de uma alta que elevou o pre\u00e7o m\u00e9dio das passagens em 2023 ao maior da s\u00e9rie hist\u00f3rica. S\u00f3 no \u00faltimo ano, o \u00cdndice Nacional de Pre\u00e7os do Consumidor (IPCA), que mede a infla\u00e7\u00e3o, registrou uma alta acumulada de 47,24%. <\/p>\n<p> <a class href=\"https:\/\/g1.globo.com\/politica\/noticia\/2023\/11\/24\/governo-da-mais-15-dias-para-empresas-aereas-apresentarem-proposta-de-reducao-no-preco-das-passagens.ghtml\">Desde novembro do ano passado<\/a>, o governo federal negocia com as companhias a\u00e9reas na inten\u00e7\u00e3o de reduzir o custo das passagens. Em paralelo, o governo tenta reduzir o pre\u00e7o do combust\u00edvel de Avia\u00e7\u00e3o (QAV), que tem impacto no custo dos voos. <\/p>\n<p>\u201cO aumento das passagens a\u00e9reas no mundo chegou a mais de 15% e a gente quer de maneira coletiva buscar fortalecimento para esse setor que tem uma grande import\u00e2ncia para a economia brasileira\u201d, afirmou o ministro de portos e aeroportos, Costa Filho. <\/p>\n<p> O ministro informou que at\u00e9 a pr\u00f3xima semana a pasta participar\u00e1 de nova reuni\u00e3o com representantes das companhias a\u00e9reas e o presidente Luiz In\u00e1cio <a class href=\"https:\/\/g1.globo.com\/politica\/politico\/lula\/\">Lula<\/a> da Silva, que tem atuado no tema. <\/p>\n<ul>\n<li> <a href=\"https:\/\/g1.globo.com\/politica\/politico\/lula\/\" class=\"entities__list-itemLink\" data-track-click=\"Lula\"> Lula <\/a> <\/li>\n<\/ul>\n<h3> <a id=\"js-next-article-desktop-link\" class=\"next-article-desktop-link\"><\/a> <\/h3>\n<h3> <a id=\"js-next-article-smart-link\" class=\"next-article-smart-link\"><\/a> <\/h3>\n<p>Veja tamb\u00e9m<\/p>\n<\/p>\n<\/p>\n<p>       Anterior   Pr\u00f3ximo     <\/p>\n","protected":false},"excerpt":{"rendered":"<p>N\u00famero de passageiros em voos no Brasil cresceu 15,3% em 2023, diz governo Houve alta tamb\u00e9m no n\u00famero de voos oferecidos e na ocupa\u00e7\u00e3o das aeronaves. Crescimento acontece apesar da alta de quase 50% no pre\u00e7o m\u00e9dio das passagens. Por Nathalia Sarmento, g1 &mdash; Bras\u00edlia 22\/01\/2024 21h39 Atualizado 22\/01\/2024 O n\u00famero de passageiros em voos [&hellip;]<\/p>\n","protected":false},"author":1,"featured_media":0,"comment_status":"closed","ping_status":"closed","sticky":false,"template":"","format":"standard","meta":{"footnotes":""},"categories":[],"tags":[],"class_list":["post-56647","post","type-post","status-publish","format-standard","hentry"],"_links":{"self":[{"href":"https:\/\/blog.corretoraideal.com.br\/index.php\/wp-json\/wp\/v2\/posts\/56647","targetHints":{"allow":["GET"]}}],"collection":[{"href":"https:\/\/blog.corretoraideal.com.br\/index.php\/wp-json\/wp\/v2\/posts"}],"about":[{"href":"https:\/\/blog.corretoraideal.com.br\/index.php\/wp-json\/wp\/v2\/types\/post"}],"author":[{"embeddable":true,"href":"https:\/\/blog.corretoraideal.com.br\/index.php\/wp-json\/wp\/v2\/users\/1"}],"replies":[{"embeddable":true,"href":"https:\/\/blog.corretoraideal.com.br\/index.php\/wp-json\/wp\/v2\/comments?post=56647"}],"version-history":[{"count":1,"href":"https:\/\/blog.corretoraideal.com.br\/index.php\/wp-json\/wp\/v2\/posts\/56647\/revisions"}],"predecessor-version":[{"id":56650,"href":"https:\/\/blog.corretoraideal.com.br\/index.php\/wp-json\/wp\/v2\/posts\/56647\/revisions\/56650"}],"wp:attachment":[{"href":"https:\/\/blog.corretoraideal.com.br\/index.php\/wp-json\/wp\/v2\/media?parent=56647"}],"wp:term":[{"taxonomy":"category","embeddable":true,"href":"https:\/\/blog.corretoraideal.com.br\/index.php\/wp-json\/wp\/v2\/categories?post=56647"},{"taxonomy":"post_tag","embeddable":true,"href":"https:\/\/blog.corretoraideal.com.br\/index.php\/wp-json\/wp\/v2\/tags?post=56647"}],"curies":[{"name":"wp","href":"https:\/\/api.w.org\/{rel}","templated":true}]}}