{"id":56651,"date":"2024-01-23T04:29:40","date_gmt":"2024-01-23T04:29:40","guid":{"rendered":"https:\/\/blog.corretoraideal.com.br\/?p=56651"},"modified":"2024-01-23T04:29:40","modified_gmt":"2024-01-23T04:29:40","slug":"haddad-diz-que-governo-fara-nova-revisao-na-faixa-de-isencao-do-imposto-de-renda-em-2024-economia-g1","status":"publish","type":"post","link":"https:\/\/blog.corretoraideal.com.br\/index.php\/2024\/01\/23\/haddad-diz-que-governo-fara-nova-revisao-na-faixa-de-isencao-do-imposto-de-renda-em-2024-economia-g1\/","title":{"rendered":"Haddad diz que governo far\u00e1 nova revis\u00e3o na faixa de isen\u00e7\u00e3o do Imposto de\u00a0Renda\u00a0em\u00a02024 | Economia | G1"},"content":{"rendered":"<br \/>\n<h1>Haddad diz que governo far\u00e1 nova revis\u00e3o na faixa de isen\u00e7\u00e3o do Imposto de\u00a0Renda\u00a0em\u00a02024<\/h1>\n<h2>Ministro da Fazenda participa do Programa Roda Viva da TV Cultura na noite desta segunda-feira (22). <\/h2>\n<p> Por <a class=\"multi_signatures\" href=\"https:\/\/g1.globo.com\/autores\/ana-paula-castro\/\">Ana Paula Castro<\/a>, g1 &mdash; Bras\u00edlia <\/p>\n<p>  22\/01\/2024 23h40    Atualizado  23\/01\/2024    <\/p>\n<ul>\n<li>\n<p> Ministro da Fazenda, Fernando Haddad, disse que o governo far\u00e1 uma nova revis\u00e3o na faixa de isen\u00e7\u00e3o do Imposto de Renda de Pessoa F\u00edsica (IRPF). <\/p>\n<\/li>\n<li>\n<p> Declara\u00e7\u00e3o foi dada em entrevista ao Programa Roda Viva da TV Cultura. <\/p>\n<\/li>\n<li>\n<p> Em maio do ano passado, o governo publicou uma Medida Provis\u00f3ria que alterou a faixa de isen\u00e7\u00e3o do imposto de renda. <\/p>\n<\/li>\n<li>\n<p> Na pr\u00e1tica, quem ganhava at\u00e9 R$ 2.640 \u2014 o equivalente a dois m\u00ednimos em 2023 \u2014 ficou isento do Imposto de Renda para pessoa f\u00edsica. <\/p>\n<\/li>\n<li>\n<p> Por\u00e9m, em 1\u00ba de janeiro deste ano, entrou em vigor um novo patamar de sal\u00e1rio m\u00ednimo: R$ 1.412. <\/p>\n<\/li>\n<li>\n<p> Por isso, as pessoas que recebem at\u00e9 dois sal\u00e1rios m\u00ednimos \u2014 que agora equivalem a R$ 2.824 \u2014 voltar\u00e3o a ser tributadas. <\/p>\n<\/li>\n<li>\n<p> Ministro afirmou que a rela\u00e7\u00e3o entre governo e Banco Central tem sido desafiadora, mas que as equipes tiveram um &#x27;papel institucional construtivo&#x27;. <\/p>\n<\/li>\n<\/ul>\n<p> Ministro da Fazenda, Fernando Haddad, disse que o governo far\u00e1 uma nova revis\u00e3o na faixa de isen\u00e7\u00e3o do Imposto de Renda de Pessoa F\u00edsica (IRPF). <\/p>\n<p> Declara\u00e7\u00e3o foi dada em entrevista ao Programa Roda Viva da TV Cultura. <\/p>\n<p> Em maio do ano passado, o governo publicou uma Medida Provis\u00f3ria que alterou a faixa de isen\u00e7\u00e3o do imposto de renda. <\/p>\n<p> Na pr\u00e1tica, quem ganhava at\u00e9 R$ 2.640 \u2014 o equivalente a dois m\u00ednimos em 2023 \u2014 ficou isento do Imposto de Renda para pessoa f\u00edsica. <\/p>\n<p> Por\u00e9m, em 1\u00ba de janeiro deste ano, entrou em vigor um novo patamar de sal\u00e1rio m\u00ednimo: R$ 1.412. <\/p>\n<p> Por isso, as pessoas que recebem at\u00e9 dois sal\u00e1rios m\u00ednimos \u2014 que agora equivalem a R$ 2.824 \u2014 voltar\u00e3o a ser tributadas. <\/p>\n<p> Ministro afirmou que a rela\u00e7\u00e3o entre governo e Banco Central tem sido desafiadora, mas que as equipes tiveram um &#x27;papel institucional construtivo&#x27;. <\/p>\n<p>         1 de 1&#013;Ministro da Fazenda, Fernando Haddad, participa do &#034;Programa Roda Viva&#034;. \u2014 Foto: TV Cultura\/Reprodu\u00e7\u00e3o    <\/p>\n<p> Ministro da Fazenda, Fernando Haddad, participa do &#034;Programa Roda Viva&#034;. \u2014 Foto: TV Cultura\/Reprodu\u00e7\u00e3o <\/p>\n<p> O ministro da Fazenda, Fernando Haddad, disse nesta segunda-feira (22) que o governo far\u00e1 uma nova revis\u00e3o na faixa de isen\u00e7\u00e3o do Imposto de Renda de Pessoa F\u00edsica (IRPF) em 2024. <\/p>\n<p> \u201cN\u00f3s vamos fazer uma nova revis\u00e3o esse ano, at\u00e9 por conta do aumento do sal\u00e1rio m\u00ednimo, presidente [Lula] j\u00e1 pediu uma an\u00e1lise para n\u00f3s acertarmos a quest\u00e3o da faixa de isen\u00e7\u00e3o\u201d, disse durante participa\u00e7\u00e3o no Programa Roda Viva da TV Cultura. <\/p>\n<p> Em maio do ano passado, o governo publicou uma Medida Provis\u00f3ria que alterou a faixa de isen\u00e7\u00e3o do imposto de renda de R$ 1.903,98 para R$ 2.112. Para isentar quem recebia at\u00e9 dois sal\u00e1rios m\u00ednimos, o texto tamb\u00e9m incluiu um desconto mensal de R$ 528 na fonte. <\/p>\n<p> Na pr\u00e1tica, portanto, quem ganhava at\u00e9 R$ 2.640 (R$ 2.112 + R$ 528) \u2014 o equivalente a dois m\u00ednimos em 2023 \u2014 ficou isento do Imposto de Renda para pessoa f\u00edsica. <\/p>\n<p> Por\u00e9m, em 1\u00ba de janeiro deste ano, entrou em vigor um novo patamar de sal\u00e1rio m\u00ednimo: R$ 1.412. <a class href=\"https:\/\/g1.globo.com\/economia\/noticia\/2024\/01\/19\/imposto-de-renda-quem-ganha-dois-salarios-minimos-voltara-a-pagar-entenda-por-que.ghtml\">Ou seja, as pessoas que recebem at\u00e9 dois sal\u00e1rios m\u00ednimos \u2014 que agora equivalem a R$ 2.824 \u2014 voltar\u00e3o a ser tributadas,<\/a> segundo alerta da Associa\u00e7\u00e3o Nacional dos Auditores Fiscais da Receita Federal do Brasil (Unafisco). <\/p>\n<p>                   <img loading=\"lazy\" decoding=\"async\" class=\"aligncenter size-full wp-image-56653\" src=\"https:\/\/blog.corretoraideal.com.br\/wp-content\/uploads\/2024\/01\/trabalhadores-que-recebem-dois-salarios-minimos-por-mes-vao-voltar-a-pagar-imposto-de-renda.jpeg\" alt=\"Trabalhadores que recebem dois sal\u00e1rios m\u00ednimos por m\u00eas v\u00e3o voltar a pagar imposto de renda\" width=\"800\" height=\"400\" \/>       <\/p>\n<p> Trabalhadores que recebem dois sal\u00e1rios m\u00ednimos por m\u00eas v\u00e3o voltar a pagar imposto de renda <\/p>\n<p> <a class href=\"https:\/\/g1.globo.com\/economia\/noticia\/2023\/12\/26\/segunda-etapa-da-reforma-tributaria-mudara-regras-do-imposto-de-renda-entenda.ghtml\">A reforma tribut\u00e1ria dos impostos sobre consumo, promulgada pelo Congresso Nacional em dezembro de 2023,<\/a> prev\u00ea um prazo de 90 dias para o governo enviar propostas de mudan\u00e7as na taxa\u00e7\u00e3o sobre a renda ao Congresso Nacional. <\/p>\n<p> O ministro da Fazenda disse que a equipe econ\u00f4mica est\u00e1 se espelhando nas melhores experi\u00eancias internacionais, mas n\u00e3o deu detalhes de quais caminhos est\u00e3o sendo estudados pelo Executivo. <\/p>\n<p>&quot;O Brasil cobra muito imposto sobre consumo, o que onera mais o pobre do que o rico, que consome mais em propor\u00e7\u00e3o da renda do que o rico, e cobra pouco sobretudo de quem ganha muito\u201d, afirmou.<\/p>\n<p> Neste ano, o governo tamb\u00e9m vai se debru\u00e7ar sobre a regulamenta\u00e7\u00e3o da reforma tribut\u00e1ria. Apesar das linhas gerais da proposta j\u00e1 estarem na Constitui\u00e7\u00e3o, alguns pontos ficaram pendentes de regulamenta\u00e7\u00e3o, tais como: <\/p>\n<ul>\n<li>Delibera\u00e7\u00e3o sobre quais itens ser\u00e3o inclu\u00eddos na cesta b\u00e1sica, que contar\u00e1 com isen\u00e7\u00e3o dos futuros impostos sobre consumo federal, estadual e municipal;<\/li>\n<li>Funcionamento do &quot;cashback&quot;, a devolu\u00e7\u00e3o de parte do imposto pago \u00e0s fam\u00edlias de baixa renda. <\/li>\n<\/ul>\n<p> A proposta prev\u00ea ainda um prazo de 180 dias para o envio dessa regulamenta\u00e7\u00e3o ao Legislativo. <\/p>\n<p> \u201cNesse primeiro semestre, temos que encaminhar as leis complementares que regulam a emenda constitucional da reforma tribut\u00e1ria (&#8230;) nada \u00e9 tranquilo, mas t\u00e1 bem organizado, debate t\u00e1 bem organizado, e vai ter aquela coisa: o que \u00e9 cesta b\u00e1sica, o que entra, o que n\u00e3o entra, onde vai ter cashback, onde n\u00e3o vai, vai ter disputa em tudo (&#8230;) \u00e9 da vida democr\u00e1tica, tem o tecnicamente recomend\u00e1vel, mas tem o politicamente poss\u00edvel, tem que conviver com essas duas coisas\u201d, afirmou Haddad. <\/p>\n<p><h2>Banco Central<\/h2>\n<\/p>\n<p> O ministro da Fazenda afirmou que a rela\u00e7\u00e3o entre governo e Banco Central tem sido desafiadora, mas que as equipes do <a class href=\"https:\/\/g1.globo.com\/tudo-sobre\/ministerio-da-fazenda\/\">Minist\u00e9rio da Fazenda<\/a> e do BC \u201ctiveram papel institucional construtivo\u201d. <\/p>\n<p> No ano passado, o presidente <a class href=\"https:\/\/g1.globo.com\/tudo-sobre\/luiz-inacio-lula-da-silva\/\">Luiz In\u00e1cio Lula da Silva<\/a> (PT) fez persistentes cr\u00edticas a Campos Neto, atual presidente do BC, e \u00e0 condu\u00e7\u00e3o da pol\u00edtica monet\u00e1ria e da taxa b\u00e1sica de juros, a Selic. <\/p>\n<p> Cabe ao Comit\u00ea de Pol\u00edtica Monet\u00e1ria (<a class href=\"https:\/\/g1.globo.com\/tudo-sobre\/copom\/\">Copom<\/a>), formado por oito diretores e o presidente do BC, decidir o patamar da Selic a cada 45 dias. A pr\u00f3xima reuni\u00e3o do colegiado acontece nos dias 30 e 31 de janeiro. <\/p>\n<p> Lula \u00e9 o primeiro presidente que n\u00e3o p\u00f4de realizar mudan\u00e7as na diretoria do BC, incluindo a presid\u00eancia, em raz\u00e3o da autonomia do BC aprovada pelo Congresso durante a gest\u00e3o do ex-presidente Jair Bolsonaro (PL). Campos Neto, por exemplo, tem mandato at\u00e9 2024. <\/p>\n<p> Questionado sobre quem ser\u00e1 indicado \u00e0 presid\u00eancia do BC, Haddad disse que ainda n\u00e3o conversou com Lula sobre o tema, mas que decis\u00e3o pode ficar \u201cmais para o meio do ano\u201d. <\/p>\n<p> \u201cPresidente [Lula] convidou quatro diretores que ele indicou para serem diretores, evidentemente que um deles pode ser designado para presidente [do Banco Central] ou presidente [Lula] convidar uma pessoa que ainda n\u00e3o t\u00e1 no BC\u201d. <\/p>\n<p> Em 2023, Lula indicou: <\/p>\n<ul>\n<li>Gabriel Gal\u00edpolo para o cargo de diretor de Pol\u00edtica Monet\u00e1ria;<\/li>\n<li>Ailton Aquino para a diretoria de Fiscaliza\u00e7\u00e3o;<\/li>\n<li>Paulo Pichetti para a diretoria de Assuntos Internacionais e de Gest\u00e3o de Riscos Corporativos; e<\/li>\n<li>Rodrigo Teixeira para a fun\u00e7\u00e3o de diretor de Relacionamento, Cidadania e Supervis\u00e3o de Conduta, mas Teixeira hoje ocupa a Diretoria de Administra\u00e7\u00e3o\u00a0do\u00a0BC.<\/li>\n<\/ul>\n<ul>\n<li> <a href=\"https:\/\/g1.globo.com\/tudo-sobre\/copom\/\" class=\"entities__list-itemLink\" data-track-click=\"Copom\"> Copom <\/a> <\/li>\n<li> <a href=\"https:\/\/g1.globo.com\/tudo-sobre\/luiz-inacio-lula-da-silva\/\" class=\"entities__list-itemLink\" data-track-click=\"Luiz In\u00e1cio Lula da Silva\"> Luiz In\u00e1cio Lula da Silva <\/a> <\/li>\n<li> <a href=\"https:\/\/g1.globo.com\/tudo-sobre\/ministerio-da-fazenda\/\" class=\"entities__list-itemLink\" data-track-click=\"Minist\u00e9rio da Fazenda\"> Minist\u00e9rio da Fazenda <\/a> <\/li>\n<\/ul>\n<h3> <a id=\"js-next-article-desktop-link\" class=\"next-article-desktop-link\"><\/a> <\/h3>\n<h3> <a id=\"js-next-article-smart-link\" class=\"next-article-smart-link\"><\/a> <\/h3>\n<p>Veja tamb\u00e9m<\/p>\n<\/p>\n<\/p>\n<p>       Anterior   Pr\u00f3ximo     <\/p>\n","protected":false},"excerpt":{"rendered":"<p>Haddad diz que governo far\u00e1 nova revis\u00e3o na faixa de isen\u00e7\u00e3o do Imposto de\u00a0Renda\u00a0em\u00a02024 Ministro da Fazenda participa do Programa Roda Viva da TV Cultura na noite desta segunda-feira (22). Por Ana Paula Castro, g1 &mdash; Bras\u00edlia 22\/01\/2024 23h40 Atualizado 23\/01\/2024 Ministro da Fazenda, Fernando Haddad, disse que o governo far\u00e1 uma nova revis\u00e3o na [&hellip;]<\/p>\n","protected":false},"author":1,"featured_media":0,"comment_status":"closed","ping_status":"closed","sticky":false,"template":"","format":"standard","meta":{"footnotes":""},"categories":[],"tags":[],"class_list":["post-56651","post","type-post","status-publish","format-standard","hentry"],"_links":{"self":[{"href":"https:\/\/blog.corretoraideal.com.br\/index.php\/wp-json\/wp\/v2\/posts\/56651","targetHints":{"allow":["GET"]}}],"collection":[{"href":"https:\/\/blog.corretoraideal.com.br\/index.php\/wp-json\/wp\/v2\/posts"}],"about":[{"href":"https:\/\/blog.corretoraideal.com.br\/index.php\/wp-json\/wp\/v2\/types\/post"}],"author":[{"embeddable":true,"href":"https:\/\/blog.corretoraideal.com.br\/index.php\/wp-json\/wp\/v2\/users\/1"}],"replies":[{"embeddable":true,"href":"https:\/\/blog.corretoraideal.com.br\/index.php\/wp-json\/wp\/v2\/comments?post=56651"}],"version-history":[{"count":1,"href":"https:\/\/blog.corretoraideal.com.br\/index.php\/wp-json\/wp\/v2\/posts\/56651\/revisions"}],"predecessor-version":[{"id":56654,"href":"https:\/\/blog.corretoraideal.com.br\/index.php\/wp-json\/wp\/v2\/posts\/56651\/revisions\/56654"}],"wp:attachment":[{"href":"https:\/\/blog.corretoraideal.com.br\/index.php\/wp-json\/wp\/v2\/media?parent=56651"}],"wp:term":[{"taxonomy":"category","embeddable":true,"href":"https:\/\/blog.corretoraideal.com.br\/index.php\/wp-json\/wp\/v2\/categories?post=56651"},{"taxonomy":"post_tag","embeddable":true,"href":"https:\/\/blog.corretoraideal.com.br\/index.php\/wp-json\/wp\/v2\/tags?post=56651"}],"curies":[{"name":"wp","href":"https:\/\/api.w.org\/{rel}","templated":true}]}}