{"id":56667,"date":"2024-01-23T14:29:42","date_gmt":"2024-01-23T14:29:42","guid":{"rendered":"https:\/\/blog.corretoraideal.com.br\/?p=56667"},"modified":"2024-01-23T14:29:42","modified_gmt":"2024-01-23T14:29:42","slug":"governo-federal-arrecada-r-23-trilhoes-em-2023-com-queda-de-012-em-relacao-a-2022-economia-g1","status":"publish","type":"post","link":"https:\/\/blog.corretoraideal.com.br\/index.php\/2024\/01\/23\/governo-federal-arrecada-r-23-trilhoes-em-2023-com-queda-de-012-em-relacao-a-2022-economia-g1\/","title":{"rendered":"Governo federal arrecada R$ 2,3 trilh\u00f5es em 2023, com queda de 0,12% em rela\u00e7\u00e3o a 2022 | Economia | G1"},"content":{"rendered":"<br \/>\n<h1>Governo federal arrecada R$ 2,3 trilh\u00f5es em 2023, com queda de 0,12% em rela\u00e7\u00e3o a 2022<\/h1>\n<h2>Desempenho \u00e9 o segundo melhor da s\u00e9rie hist\u00f3rica, perdendo apenas para 2023. Arrecada\u00e7\u00e3o de dezembro foi de R$ 231,2 bilh\u00f5es.<\/h2>\n<p> Por <a class=\"multi_signatures\" href=\"https:\/\/g1.globo.com\/autores\/lais-carregosa\/\">Lais Carregosa<\/a>, g1 &mdash; Bras\u00edlia <\/p>\n<p>  23\/01\/2024 10h35    Atualizado  23\/01\/2024    <\/p>\n<p> O governo federal arrecadou R$ 2,3 trilh\u00f5es em 2023, o que representa uma queda real, descontada a infla\u00e7\u00e3o, de 0,12% em rela\u00e7\u00e3o ao ano anterior. Os dados foram divulgados pelo Minist\u00e9rio da Fazenda nesta ter\u00e7a-feira (23). <\/p>\n<p> O desempenho \u00e9 o <strong>segundo melhor da s\u00e9rie hist\u00f3rica da Receita Federal, que come\u00e7a em 1995<\/strong>. Perde apenas para 2022, quando foram arrecadados R$ 2,36 trilh\u00f5es (valores atualizados pela infla\u00e7\u00e3o). <\/p>\n<p> Segundo a Receita, os seguintes fatores afetaram a arrecada\u00e7\u00e3o no ano: <\/p>\n<ul>\n<li>comportamento de <strong>indicadores macroecon\u00f4micos<\/strong>;<\/li>\n<li>crescimento real de 21,6% na arrecada\u00e7\u00e3o do Imposto de Renda Retido na Fonte, por causa do patamar da taxa b\u00e1sica de juros, a Selic;<\/li>\n<li>crescimento real de 3,36% no Imposto de Renda Retido na Fonte &#8211; Trabalho e de 5% na contribui\u00e7\u00e3o previdenci\u00e1ria;<\/li>\n<li>redu\u00e7\u00e3o das al\u00edquotas de Imposto sobre Produtos Industrializados (IPI), do PIS\/Cofins e da Cide sobre os combust\u00edveis, o que reduziu a arrecada\u00e7\u00e3o;<\/li>\n<li>programa de redu\u00e7\u00e3o da litigiosidade, que arrecadou R$ 5,6 bilh\u00f5es; <\/li>\n<li>e imposto de exporta\u00e7\u00e3o sobre o petr\u00f3leo bruto, que arrecadou R$ 4,4 bilh\u00f5es.<\/li>\n<\/ul>\n<p> Em dezembro, a arrecada\u00e7\u00e3o foi de R$ 231,2 bilh\u00f5es \u2013 um aumento real de 5% em rela\u00e7\u00e3o ao mesmo m\u00eas de 2022. <\/p>\n<p> Segundo a Receita Federal, o aumento \u00e9 explicado pelo desempenho de indicadores econ\u00f4micos, al\u00e9m do crescimento da arrecada\u00e7\u00e3o de PIS\/Cofins sobre a gasolina e o recolhimento do Programa de Redu\u00e7\u00e3o de Litigiosidade, entre outros fatores. <\/p>\n<p>                       <img loading=\"lazy\" decoding=\"async\" class=\"aligncenter size-full wp-image-56669\" src=\"https:\/\/blog.corretoraideal.com.br\/wp-content\/uploads\/2024\/01\/haddad-anuncia-medidas-para-aumentar-a-arrecadacao-1.jpeg\" alt=\"Haddad anuncia medidas para aumentar a arrecada\u00e7\u00e3o\" width=\"800\" height=\"400\" \/>       <\/p>\n<p> Haddad anuncia medidas para aumentar a arrecada\u00e7\u00e3o <\/p>\n<p><h2>Rombo nas contas<\/h2>\n<\/p>\n<p> <strong>O desempenho das receitas \u00e9 um componente importante para o equil\u00edbrio das contas p\u00fablicas.<\/strong> <\/p>\n<p> A \u00faltima proje\u00e7\u00e3o do governo, em novembro, \u00e9 de d\u00e9ficit prim\u00e1rio de R$ 177,4 bilh\u00f5es em 2023. <\/p>\n<p> O d\u00e9ficit prim\u00e1rio acontece quando as despesas ficam acima das receitas e n\u00e3o considera os gastos com os juros da d\u00edvida p\u00fablica. Quando as receitas s\u00e3o maiores, o resultado \u00e9 de super\u00e1vit. <\/p>\n<p> Na ocasi\u00e3o, o secret\u00e1rio do Tesouro, Rog\u00e9rio Ceron, afirmou que dois problemas fiscais estariam &quot;drenando&quot; a arrecada\u00e7\u00e3o: <\/p>\n<ul>\n<li>a compensa\u00e7\u00e3o de cr\u00e9dito de PIS\/Cofins por causa da exclus\u00e3o do ICMS da base de c\u00e1lculos dos impostos federais reduziu a arrecada\u00e7\u00e3o em R$ 80 bilh\u00f5es;<\/li>\n<li>a compensa\u00e7\u00e3o da subven\u00e7\u00e3o de custeio de ICMS reduziu em mais R$ 46 bilh\u00f5es.<\/li>\n<\/ul>\n<p> Para 2024, a <strong>meta do governo \u00e9 de d\u00e9ficit zero<\/strong> \u2013 ou seja, espera-se um equil\u00edbrio entre receitas e despesas. <\/p>\n<ul> <\/ul>\n<h3> <a id=\"js-next-article-desktop-link\" class=\"next-article-desktop-link\"><\/a> <\/h3>\n<h3> <a id=\"js-next-article-smart-link\" class=\"next-article-smart-link\"><\/a> <\/h3>\n<p>Veja tamb\u00e9m<\/p>\n<\/p>\n<\/p>\n<p>       Anterior   Pr\u00f3ximo     <\/p>\n","protected":false},"excerpt":{"rendered":"<p>Governo federal arrecada R$ 2,3 trilh\u00f5es em 2023, com queda de 0,12% em rela\u00e7\u00e3o a 2022 Desempenho \u00e9 o segundo melhor da s\u00e9rie hist\u00f3rica, perdendo apenas para 2023. Arrecada\u00e7\u00e3o de dezembro foi de R$ 231,2 bilh\u00f5es. Por Lais Carregosa, g1 &mdash; Bras\u00edlia 23\/01\/2024 10h35 Atualizado 23\/01\/2024 O governo federal arrecadou R$ 2,3 trilh\u00f5es em 2023, [&hellip;]<\/p>\n","protected":false},"author":1,"featured_media":0,"comment_status":"closed","ping_status":"closed","sticky":false,"template":"","format":"standard","meta":{"footnotes":""},"categories":[],"tags":[],"class_list":["post-56667","post","type-post","status-publish","format-standard","hentry"],"_links":{"self":[{"href":"https:\/\/blog.corretoraideal.com.br\/index.php\/wp-json\/wp\/v2\/posts\/56667","targetHints":{"allow":["GET"]}}],"collection":[{"href":"https:\/\/blog.corretoraideal.com.br\/index.php\/wp-json\/wp\/v2\/posts"}],"about":[{"href":"https:\/\/blog.corretoraideal.com.br\/index.php\/wp-json\/wp\/v2\/types\/post"}],"author":[{"embeddable":true,"href":"https:\/\/blog.corretoraideal.com.br\/index.php\/wp-json\/wp\/v2\/users\/1"}],"replies":[{"embeddable":true,"href":"https:\/\/blog.corretoraideal.com.br\/index.php\/wp-json\/wp\/v2\/comments?post=56667"}],"version-history":[{"count":1,"href":"https:\/\/blog.corretoraideal.com.br\/index.php\/wp-json\/wp\/v2\/posts\/56667\/revisions"}],"predecessor-version":[{"id":56670,"href":"https:\/\/blog.corretoraideal.com.br\/index.php\/wp-json\/wp\/v2\/posts\/56667\/revisions\/56670"}],"wp:attachment":[{"href":"https:\/\/blog.corretoraideal.com.br\/index.php\/wp-json\/wp\/v2\/media?parent=56667"}],"wp:term":[{"taxonomy":"category","embeddable":true,"href":"https:\/\/blog.corretoraideal.com.br\/index.php\/wp-json\/wp\/v2\/categories?post=56667"},{"taxonomy":"post_tag","embeddable":true,"href":"https:\/\/blog.corretoraideal.com.br\/index.php\/wp-json\/wp\/v2\/tags?post=56667"}],"curies":[{"name":"wp","href":"https:\/\/api.w.org\/{rel}","templated":true}]}}