{"id":56675,"date":"2024-01-23T19:29:40","date_gmt":"2024-01-23T19:29:40","guid":{"rendered":"https:\/\/blog.corretoraideal.com.br\/?p=56675"},"modified":"2024-01-23T19:29:40","modified_gmt":"2024-01-23T19:29:40","slug":"conta-de-luz-dos-brasileiros-deve-subir-56-em-media-em-2024-diz-aneel-economia-g1","status":"publish","type":"post","link":"https:\/\/blog.corretoraideal.com.br\/index.php\/2024\/01\/23\/conta-de-luz-dos-brasileiros-deve-subir-56-em-media-em-2024-diz-aneel-economia-g1\/","title":{"rendered":"Conta de luz dos brasileiros deve subir 5,6% em m\u00e9dia em 2024, diz Aneel | Economia | G1"},"content":{"rendered":"<br \/>\n<h1>Conta de luz dos brasileiros deve subir 5,6% em m\u00e9dia em 2024, diz Aneel<\/h1>\n<h2>Em 2023, aumento m\u00e9dio foi de 5,9% \u2013 abaixo da proje\u00e7\u00e3o inicial, de 6,8%. Se confirmada, alta de 5,6% neste ano vai superar a m\u00e9dia da infla\u00e7\u00e3o, projetada em 3,87% por especialistas.<\/h2>\n<p> Por <a class=\"multi_signatures\" href=\"https:\/\/g1.globo.com\/autores\/lais-carregosa\/\">Lais Carregosa<\/a>, g1 &mdash; Bras\u00edlia <\/p>\n<p>  23\/01\/2024 13h20    Atualizado  23\/01\/2024    <\/p>\n<p> A conta de luz dos brasileiros deve <strong>subir, em m\u00e9dia, 5,6% em 2024<\/strong>, indica proje\u00e7\u00e3o da Ag\u00eancia Nacional de Energia El\u00e9trica (<a class href=\"https:\/\/g1.globo.com\/tudo-sobre\/aneel\/\">Aneel<\/a>) divulgada nesta ter\u00e7a-feira (23). <\/p>\n<p> A estimativa est\u00e1 <strong>acima da infla\u00e7\u00e3o projetada para o per\u00edodo, de 3,87%<\/strong> segundo os <a class href=\"https:\/\/g1.globo.com\/economia\/noticia\/2024\/01\/22\/mercado-financeiro-reduz-estimativa-de-inflacao-para-387percent-em-2024.ghtml#:~:text=Infla%C3%A7%C3%A3o%20prevista%20recuou%20de%203,para%20R%24%204%2C92.&amp;text=O%20mercado%20financeiro%20reduziu%2C%20pela,estimativa%20de%20infla%C3%A7%C3%A3o%20para%202024.\">economistas do mercado financeiro consultados pelo Banco Central<\/a>. <\/p>\n<p> Em 2023, a Aneel havia estimado um aumento m\u00e9dio de 6,8% nas tarifas das distribuidoras. Contudo, a alta verificada foi de 5,9%. <\/p>\n<p> <strong>Tr\u00eas fatores influenciam o aumento da conta de luz:<\/strong> <\/p>\n<ul>\n<li>a energia contratada no mercado cativo \u2013 nome usado quando a pessoa n\u00e3o pode escolher de quem receber a energia, e \u00e9 &quot;obrigada&quot; a comprar da distribuidora local;<\/li>\n<li>a expans\u00e3o da rede de transmiss\u00e3o;<\/li>\n<li>a conta de subs\u00eddios, que tem crescido nos \u00faltimos anos. <\/li>\n<\/ul>\n<p> A Aneel reajusta anualmente as tarifas de energia cobradas pelas distribuidoras, na data de &quot;anivers\u00e1rio&quot; de concess\u00e3o. <\/p>\n<p> Os reajustes levam em considera\u00e7\u00e3o fatores como o custo da gera\u00e7\u00e3o e transmiss\u00e3o de energia, al\u00e9m de encargos setoriais. Tamb\u00e9m s\u00e3o considerados os custos pr\u00f3prios da opera\u00e7\u00e3o da distribuidora e a infla\u00e7\u00e3o no per\u00edodo. <\/p>\n<p> <strong>LEIA MAIS:<\/strong> <\/p>\n<ul>\n<li><a class href=\"https:\/\/g1.globo.com\/economia\/noticia\/2024\/01\/23\/poder-de-compra-do-brasileiro-foi-corroido-quase-que-pela-metade-em-10-anos-entenda.ghtml\">Poder de compra do brasileiro foi corro\u00eddo quase que pela metade em 10 anos; entenda<\/a><\/li>\n<li><a class href=\"https:\/\/g1.globo.com\/economia\/noticia\/2024\/01\/23\/governo-federal-arrecada-r-23-trilhoes-em-2023-com-queda-de-012percent-em-relacao-a-2022.ghtml\">Governo federal arrecada R$ 2,3 trilh\u00f5es em 2023, com queda de 0,12% em rela\u00e7\u00e3o a 2022<\/a><\/li>\n<\/ul>\n<p>                   <img loading=\"lazy\" decoding=\"async\" class=\"aligncenter size-full wp-image-56677\" src=\"https:\/\/blog.corretoraideal.com.br\/wp-content\/uploads\/2024\/01\/entenda-a-sua-conta-de-luz.jpeg\" alt=\"Entenda a sua conta de luz\" width=\"800\" height=\"400\" \/>       <\/p>\n<p> Entenda a sua conta de luz <\/p>\n<p><h2>Valor recorde de subs\u00eddios<\/h2>\n<\/p>\n<p> Em 2024, os subs\u00eddios devem alcan\u00e7ar o maior valor da s\u00e9rie hist\u00f3rica da Aneel, somando R$ 37,2 bilh\u00f5es. Os encargos pagos pela Conta de Desenvolvimento Energ\u00e9tico (CDE), que agrupa os subs\u00eddios arcados pelo consumidor de energia. <\/p>\n<p> A maior parte do valor \u2013 R$ 32,7 bilh\u00f5es (88%) \u2013 ser\u00e1 bancada diretamente pelos consumidores de energia em 2024, por meio de dois encargos inclu\u00eddos nas contas de luz. <\/p>\n<p> A CDE tem como receitas: <\/p>\n<ul>\n<li>multas aplicadas pela Aneel;<\/li>\n<li>recursos de pesquisa e desenvolvimento n\u00e3o utilizados pelas empresas;<\/li>\n<li>valores pagos pelas hidrel\u00e9tricas pelo uso do bem p\u00fablico;<\/li>\n<li>recursos da Reserva Global de Revers\u00e3o (RGR), um encargo pago por geradores, transmissores e distribuidoras;<\/li>\n<li>aportes do Tesouro Nacional;<\/li>\n<li>cotas pagas pelos consumidores.<\/li>\n<\/ul>\n<p> Ao longo dos anos, com o aumento da CDE e a redu\u00e7\u00e3o da participa\u00e7\u00e3o da Uni\u00e3o no fundo, os consumidores tiveram que arcar com a maior parte dos custos. <\/p>\n<ul>\n<li> <a href=\"https:\/\/g1.globo.com\/tudo-sobre\/aneel\/\" class=\"entities__list-itemLink\" data-track-click=\"Aneel\"> Aneel <\/a> <\/li>\n<\/ul>\n<h3> <a id=\"js-next-article-desktop-link\" class=\"next-article-desktop-link\"><\/a> <\/h3>\n<h3> <a id=\"js-next-article-smart-link\" class=\"next-article-smart-link\"><\/a> <\/h3>\n<p>Veja tamb\u00e9m<\/p>\n<\/p>\n<\/p>\n<p>       Anterior   Pr\u00f3ximo     <\/p>\n","protected":false},"excerpt":{"rendered":"<p>Conta de luz dos brasileiros deve subir 5,6% em m\u00e9dia em 2024, diz Aneel Em 2023, aumento m\u00e9dio foi de 5,9% \u2013 abaixo da proje\u00e7\u00e3o inicial, de 6,8%. Se confirmada, alta de 5,6% neste ano vai superar a m\u00e9dia da infla\u00e7\u00e3o, projetada em 3,87% por especialistas. Por Lais Carregosa, g1 &mdash; Bras\u00edlia 23\/01\/2024 13h20 Atualizado [&hellip;]<\/p>\n","protected":false},"author":1,"featured_media":0,"comment_status":"closed","ping_status":"closed","sticky":false,"template":"","format":"standard","meta":{"footnotes":""},"categories":[],"tags":[],"class_list":["post-56675","post","type-post","status-publish","format-standard","hentry"],"_links":{"self":[{"href":"https:\/\/blog.corretoraideal.com.br\/index.php\/wp-json\/wp\/v2\/posts\/56675","targetHints":{"allow":["GET"]}}],"collection":[{"href":"https:\/\/blog.corretoraideal.com.br\/index.php\/wp-json\/wp\/v2\/posts"}],"about":[{"href":"https:\/\/blog.corretoraideal.com.br\/index.php\/wp-json\/wp\/v2\/types\/post"}],"author":[{"embeddable":true,"href":"https:\/\/blog.corretoraideal.com.br\/index.php\/wp-json\/wp\/v2\/users\/1"}],"replies":[{"embeddable":true,"href":"https:\/\/blog.corretoraideal.com.br\/index.php\/wp-json\/wp\/v2\/comments?post=56675"}],"version-history":[{"count":1,"href":"https:\/\/blog.corretoraideal.com.br\/index.php\/wp-json\/wp\/v2\/posts\/56675\/revisions"}],"predecessor-version":[{"id":56678,"href":"https:\/\/blog.corretoraideal.com.br\/index.php\/wp-json\/wp\/v2\/posts\/56675\/revisions\/56678"}],"wp:attachment":[{"href":"https:\/\/blog.corretoraideal.com.br\/index.php\/wp-json\/wp\/v2\/media?parent=56675"}],"wp:term":[{"taxonomy":"category","embeddable":true,"href":"https:\/\/blog.corretoraideal.com.br\/index.php\/wp-json\/wp\/v2\/categories?post=56675"},{"taxonomy":"post_tag","embeddable":true,"href":"https:\/\/blog.corretoraideal.com.br\/index.php\/wp-json\/wp\/v2\/tags?post=56675"}],"curies":[{"name":"wp","href":"https:\/\/api.w.org\/{rel}","templated":true}]}}