{"id":56679,"date":"2024-01-23T20:29:41","date_gmt":"2024-01-23T20:29:41","guid":{"rendered":"https:\/\/blog.corretoraideal.com.br\/?p=56679"},"modified":"2024-01-23T20:29:41","modified_gmt":"2024-01-23T20:29:41","slug":"meta-permitira-que-usuarios-desvinculem-contas-do-facebook-messenger-e-instagram-na-ue-tecnologia-g1","status":"publish","type":"post","link":"https:\/\/blog.corretoraideal.com.br\/index.php\/2024\/01\/23\/meta-permitira-que-usuarios-desvinculem-contas-do-facebook-messenger-e-instagram-na-ue-tecnologia-g1\/","title":{"rendered":"Meta permitir\u00e1 que usu\u00e1rios desvinculem contas do Facebook, Messenger e Instagram na UE | Tecnologia | G1"},"content":{"rendered":"<br \/>\n<h1>Meta permitir\u00e1 que usu\u00e1rios desvinculem contas do Facebook, Messenger e Instagram na UE<\/h1>\n<h2>Altera\u00e7\u00e3o \u00e9 uma medida para se adequar \u00e0 nova Lei de Mercados Digitais (DMA), que entra em vigor neste ano, na Europa. Vincula\u00e7\u00e3o contas \u00e9 utilizada para recursos de direcionamento de an\u00fancios, personaliza\u00e7\u00e3o de recomenda\u00e7\u00f5es de conte\u00fado e compartilhamento de postagens.<\/h2>\n<p> Por g1 <\/p>\n<p>  22\/01\/2024 12h35    Atualizado  22\/01\/2024    <\/p>\n<p>                      1 de 1&#013;Instagram e facebook \u2014 Foto: @dole777 via Unsplash    <\/p>\n<p> Instagram e facebook \u2014 Foto: @dole777 via Unsplash <\/p>\n<p> A <a class href=\"https:\/\/g1.globo.com\/tudo-sobre\/meta\/\">Meta<\/a> anunciou nesta segunda-feira (22) que os usu\u00e1rios das plataformas na Europa ter\u00e3o mais controle de seus dados pessoais. Isso significa que <strong>as pessoas poder\u00e3o utilizar diferentes redes sociais sem que suas informa\u00e7\u00f5es sejam partilhadas entre elas<\/strong>. <\/p>\n<p> Por exemplo, usu\u00e1rios poder\u00e3o<strong> usar o <\/strong><a class href=\"https:\/\/g1.globo.com\/tudo-sobre\/facebook\/\"><strong>Facebook<\/strong><\/a><strong> Messenger como um servi\u00e7o independente sem uma conta do Facebook<\/strong>. Ou, caso se j\u00e1 vincularam suas contas do Facebook e do <a class href=\"https:\/\/g1.globo.com\/tudo-sobre\/instagram\/\">Instagram<\/a>, <strong>poder\u00e3o desvincul\u00e1-las<\/strong>. <\/p>\n<p> A altera\u00e7\u00e3o \u00e9 uma <strong>medida para se adequar \u00e0 nova Lei de Mercados Digitais (DMA)<\/strong>, que entra em vigor a partir de mar\u00e7o na Uni\u00e3o Europeia (UE), no Espa\u00e7o Econ\u00f3mico Europeu e na Su\u00ed\u00e7a. As novas regras regulam conte\u00fados publicit\u00e1rios, interfaces fraudadas, divulga\u00e7\u00e3o de informa\u00e7\u00e3o falsa e seguran\u00e7a digital. <\/p>\n<p>A vincula\u00e7\u00e3o de contas \u00e9 usada para recursos de direcionamento de an\u00fancios, personaliza\u00e7\u00e3o de recomenda\u00e7\u00f5es de conte\u00fado e compartilhamento de postagens.<\/p>\n<p> Segundo a Meta, respons\u00e1vel pelo Instagram e Facebook, notifica\u00e7\u00f5es ser\u00e3o enviadas nas pr\u00f3ximas semanas que informar\u00e3o sobre a possibilidade de escolher se desejam compartilhar informa\u00e7\u00f5es. As redes sociais afetadas ser\u00e3o: <\/p>\n<ul>\n<li>Facebook;<\/li>\n<li>Messenger;<\/li>\n<li>Instagram;<\/li>\n<li>Facebook Marketplace;<\/li>\n<li>Facebook Gaming.<\/li>\n<\/ul>\n<p> A decis\u00e3o, de acordo com a Meta, contribui para seguran\u00e7a no ambiente virtual e maior controle dos dados pessoais. Em novembro, ela tamb\u00e9m introduziu uma <a class href=\"https:\/\/g1.globo.com\/tecnologia\/noticia\/2023\/10\/30\/facebook-e-instagram-lancaram-servico-de-assinatura-paga-sem-anuncios-na-europa.ghtml\">op\u00e7\u00e3o de assinatura paga sem an\u00fancios para o Facebook e Instagram na UE<\/a>, citando altera\u00e7\u00f5es regulamentares n\u00e3o especificadas. <\/p>\n<p> A Meta enfatiza que os usu\u00e1rios podem ter uma experi\u00eancia limitada sem a vincula\u00e7\u00e3o de dados. Como exemplo, n\u00e3o seria poss\u00edvel se comunicar no Marketplace atrav\u00e9s do Messenger. Usu\u00e1rios do Gaming estar\u00e3o limitados a jogos single-player caso optem por desvincular seus dados do Facebook. <\/p>\n<p> <strong>Leia tamb\u00e9m:<\/strong> <\/p>\n<ul>\n<li><a class href=\"https:\/\/g1.globo.com\/tecnologia\/noticia\/2024\/01\/21\/instagram-vai-alertar-jovens-para-que-fechem-o-app-durante-a-noite.ghtml\">Instagram come\u00e7a a emitir alerta para adolescentes fecharem o app durante a noite<\/a><\/li>\n<li><a class href=\"https:\/\/g1.globo.com\/tecnologia\/noticia\/2024\/01\/19\/celular-seguro-ultrapassa-12-mil-alertas-de-roubo-ou-perda-um-mes-apos-lancamento-veja-estados-com-mais-bloqueios.ghtml\">Celular Seguro ultrapassa 12 mil alertas de roubo ou perda; veja estados com mais bloqueios<\/a><\/li>\n<li><a class href=\"https:\/\/g1.globo.com\/tecnologia\/noticia\/2024\/01\/18\/galaxy-s24-e-iphone-15-apostam-no-titanio-em-suas-versoes-mais-caras-compare-os-celulares.ghtml\">Compare os celulares iPhone 15 e Galaxy S24<\/a><\/li>\n<\/ul>\n<p><h2>Conhe\u00e7a os celulares &quot;burros&quot;; assista ao v\u00eddeo abaixo<\/h2>\n<\/p>\n<p>                   <img loading=\"lazy\" decoding=\"async\" class=\"aligncenter size-full wp-image-56681\" src=\"https:\/\/blog.corretoraideal.com.br\/wp-content\/uploads\/2024\/01\/entenda-o-que-sao-os-1.jpeg\" alt=\"Entenda o que s\u00e3o os \" width=\"800\" height=\"400\" \/>       <\/p>\n<p> Entenda o que s\u00e3o os &#8216;celulares burros&#8217; e por que o modelo tem adeptos pelo mundo <\/p>\n<p><h2>Veja ao v\u00eddeo abaixo e conhe\u00e7a os 3 modelos do novo Galaxy S24<\/h2>\n<\/p>\n<p>                   <img loading=\"lazy\" decoding=\"async\" class=\"aligncenter size-full wp-image-56682\" src=\"https:\/\/blog.corretoraideal.com.br\/wp-content\/uploads\/2024\/01\/samsung-lanca-galaxy-s24-em-tres-versoes-5.jpeg\" alt=\"Samsung lan\u00e7a Galaxy S24 em tr\u00eas vers\u00f5es\" width=\"800\" height=\"400\" \/>       <\/p>\n<p> Samsung lan\u00e7a Galaxy S24 em tr\u00eas vers\u00f5es <\/p>\n<ul>\n<li> <a href=\"https:\/\/g1.globo.com\/tudo-sobre\/facebook\/\" class=\"entities__list-itemLink\" data-track-click=\"Facebook\"> Facebook <\/a> <\/li>\n<li> <a href=\"https:\/\/g1.globo.com\/tudo-sobre\/instagram\/\" class=\"entities__list-itemLink\" data-track-click=\"Instagram\"> Instagram <\/a> <\/li>\n<li> <a href=\"https:\/\/g1.globo.com\/tudo-sobre\/meta\/\" class=\"entities__list-itemLink\" data-track-click=\"Meta\"> Meta <\/a> <\/li>\n<\/ul>\n<h3> <a id=\"js-next-article-desktop-link\" class=\"next-article-desktop-link\"><\/a> <\/h3>\n<h3> <a id=\"js-next-article-smart-link\" class=\"next-article-smart-link\"><\/a> <\/h3>\n<p>Veja tamb\u00e9m<\/p>\n<\/p>\n<\/p>\n<p>       Anterior   Pr\u00f3ximo     <\/p>\n","protected":false},"excerpt":{"rendered":"<p>Meta permitir\u00e1 que usu\u00e1rios desvinculem contas do Facebook, Messenger e Instagram na UE Altera\u00e7\u00e3o \u00e9 uma medida para se adequar \u00e0 nova Lei de Mercados Digitais (DMA), que entra em vigor neste ano, na Europa. Vincula\u00e7\u00e3o contas \u00e9 utilizada para recursos de direcionamento de an\u00fancios, personaliza\u00e7\u00e3o de recomenda\u00e7\u00f5es de conte\u00fado e compartilhamento de postagens. Por [&hellip;]<\/p>\n","protected":false},"author":1,"featured_media":0,"comment_status":"closed","ping_status":"closed","sticky":false,"template":"","format":"standard","meta":{"footnotes":""},"categories":[],"tags":[],"class_list":["post-56679","post","type-post","status-publish","format-standard","hentry"],"_links":{"self":[{"href":"https:\/\/blog.corretoraideal.com.br\/index.php\/wp-json\/wp\/v2\/posts\/56679","targetHints":{"allow":["GET"]}}],"collection":[{"href":"https:\/\/blog.corretoraideal.com.br\/index.php\/wp-json\/wp\/v2\/posts"}],"about":[{"href":"https:\/\/blog.corretoraideal.com.br\/index.php\/wp-json\/wp\/v2\/types\/post"}],"author":[{"embeddable":true,"href":"https:\/\/blog.corretoraideal.com.br\/index.php\/wp-json\/wp\/v2\/users\/1"}],"replies":[{"embeddable":true,"href":"https:\/\/blog.corretoraideal.com.br\/index.php\/wp-json\/wp\/v2\/comments?post=56679"}],"version-history":[{"count":1,"href":"https:\/\/blog.corretoraideal.com.br\/index.php\/wp-json\/wp\/v2\/posts\/56679\/revisions"}],"predecessor-version":[{"id":56683,"href":"https:\/\/blog.corretoraideal.com.br\/index.php\/wp-json\/wp\/v2\/posts\/56679\/revisions\/56683"}],"wp:attachment":[{"href":"https:\/\/blog.corretoraideal.com.br\/index.php\/wp-json\/wp\/v2\/media?parent=56679"}],"wp:term":[{"taxonomy":"category","embeddable":true,"href":"https:\/\/blog.corretoraideal.com.br\/index.php\/wp-json\/wp\/v2\/categories?post=56679"},{"taxonomy":"post_tag","embeddable":true,"href":"https:\/\/blog.corretoraideal.com.br\/index.php\/wp-json\/wp\/v2\/tags?post=56679"}],"curies":[{"name":"wp","href":"https:\/\/api.w.org\/{rel}","templated":true}]}}