{"id":56684,"date":"2024-01-24T00:29:42","date_gmt":"2024-01-24T00:29:42","guid":{"rendered":"https:\/\/blog.corretoraideal.com.br\/?p=56684"},"modified":"2024-01-24T00:29:42","modified_gmt":"2024-01-24T00:29:42","slug":"vassoura-de-bruxa-o-que-e-a-praga-relembrada-em-renascer-que-devastou-producao-de-cacau-na-bahia-agronegocios-g1","status":"publish","type":"post","link":"https:\/\/blog.corretoraideal.com.br\/index.php\/2024\/01\/24\/vassoura-de-bruxa-o-que-e-a-praga-relembrada-em-renascer-que-devastou-producao-de-cacau-na-bahia-agronegocios-g1\/","title":{"rendered":"Vassoura-de-bruxa: o que \u00e9 a praga relembrada em &#039;Renascer&#039; que devastou produ\u00e7\u00e3o de cacau na Bahia | Agroneg\u00f3cios | G1"},"content":{"rendered":"<br \/>\n<h1>Vassoura-de-bruxa: o que \u00e9 a praga relembrada em &#039;Renascer&#039; que devastou produ\u00e7\u00e3o de cacau na Bahia<\/h1>\n<h2>Doen\u00e7a que destr\u00f3i as folhas e o fruto das \u00e1rvores se espalhou na d\u00e9cada de 90 e ainda gera preocupa\u00e7\u00e3o nos agricultores.<\/h2>\n<p> Por g1 <\/p>\n<p>  23\/01\/2024 09h51    Atualizado  23\/01\/2024    <\/p>\n<p>                      1 de 4&#013;Humberto Carr\u00e3o dar\u00e1 vida ao personagem de Marcos Palmeira na primeira fase de Renascer. \u2014 Foto: Fabio Rocha\/TV Globo    <\/p>\n<p> Humberto Carr\u00e3o dar\u00e1 vida ao personagem de Marcos Palmeira na primeira fase de Renascer. \u2014 Foto: Fabio Rocha\/TV Globo <\/p>\n<p> A <a class href=\"https:\/\/globorural.globo.com\/agricultura\/noticia\/2023\/08\/identificar-praga-do-cacau-com-rapidez-e-fundamental-para-controle.ghtml\"><strong>vassoura-de-bruxa<\/strong><\/a>, doen\u00e7a causada pelo fungo Moniliophthora perniciosa, \u00e9 um dos temas centrais da parte da primeira fase do enredo do remake de &quot;<a class href=\"https:\/\/gshow.globo.com\/novelas\/renascer\/\"><strong>Renascer<\/strong><\/a>&quot;, que estreou na segunda-feira (22) na faixa das 21h da Globo. <\/p>\n<p> Na trama, C\u00e2ndida, vivida pela atriz Maria Fernanda C\u00e2ndido, interpreta a vi\u00fava de um fazendeiro do sul da Bahia que teve a sua planta\u00e7\u00e3o de cacau destru\u00edda pela doen\u00e7a. Ela ainda precisa lidar ainda com a gan\u00e2ncia de coron\u00e9is da regi\u00e3o, como Firmino (Enrique D\u00edaz), que tenta o tempo todo cobrar uma d\u00edvida do ex-marido. <\/p>\n<p> A trag\u00e9dia vivida por C\u00e2ndida pelas perdas com o cacau n\u00e3o \u00e9 mera fic\u00e7\u00e3o. Muitos agricultores passaram por esse drama nos 1990, quando a praga chegou ao sul da Bahia, destruindo grande parte da produ\u00e7\u00e3o regional. <\/p>\n<p> O tema tamb\u00e9m foi abordado na primeira vers\u00e3o da novela, em 1993. Mas, na vers\u00e3o de 2024, o folhetim retratar ainda como o cacau conseguiu renascer nas terras baianas. <\/p>\n<p> &quot;Essa vers\u00e3o come\u00e7a na d\u00e9cada de 90 e pula para os anos 20. Acho que nunca foi t\u00e3o oportuno a gente fazer uma novela com esse nome, que fala sobre o cacau nesse momento em que est\u00e1 sendo explorado, no bom sentido, de uma forma diferente&quot;, afirmou Pedro Peregrino, diretor-geral da novela ao <a class href=\"https:\/\/globoplay.globo.com\/v\/12201682\/\">Globo Rural<\/a>. Reveja a reportagem abaixo. <\/p>\n<p>                   <img loading=\"lazy\" decoding=\"async\" class=\"aligncenter size-full wp-image-56686\" src=\"https:\/\/blog.corretoraideal.com.br\/wp-content\/uploads\/2024\/01\/globo-rural-acompanha-os-bastidores-da-novela-renascer-que-estreia-em-janeiro.jpeg\" alt=\"Globo Rural acompanha os bastidores da novela Renascer, que estreia em janeiro\" width=\"800\" height=\"400\" \/>       <\/p>\n<p> Globo Rural acompanha os bastidores da novela Renascer, que estreia em janeiro <\/p>\n<p><h2>O que \u00e9 a vassoura-de-bruxa?<\/h2>\n<\/p>\n<ul>\n<li>A doen\u00e7a \u00e9 causada por um fungo, que ficou conhecido ap\u00f3s o surto ocorrido no sul da Bahia nos anos 1990 e se estendeu at\u00e9 os anos 2000. <\/li>\n<li>A vassoura-de-bruxa foi respons\u00e1vel pela fal\u00eancia de boa parte das fazendas da regi\u00e3o na \u00e9poca. <\/li>\n<li>Assim como o cacau, o fungo tamb\u00e9m \u00e9 da regi\u00e3o amaz\u00f4nica, e j\u00e1 tinha destru\u00eddo lavouras de cacau do Equador antes de chegar \u00e0 Bahia. <\/li>\n<li>O clima dos \u00faltimos anos na Bahia tem colaborado para a prolifera\u00e7\u00e3o da doen\u00e7a: calor de dia, frio e chuva \u00e0 noite. <\/li>\n<li>O fungo ataca na forma\u00e7\u00e3o das flores, frutos pequenos e ramos novos. Os galhos secam e ficam com aspecto de vassoura. J\u00e1 a poupa apodrece.<\/li>\n<li>Depois de aprender a identificar a praga, o pr\u00f3ximo passo \u00e9 informar os \u00f3rg\u00e3os competentes. <\/li>\n<\/ul>\n<p>         2 de 4&#013;\u00c1rvore e frutos atacados pela vassoura-de-bruxa no sul da Bahia \u2014 Foto: Reprodu\u00e7\u00e3o\/TV Globo    <\/p>\n<p> \u00c1rvore e frutos atacados pela vassoura-de-bruxa no sul da Bahia \u2014 Foto: Reprodu\u00e7\u00e3o\/TV Globo <\/p>\n<p> O podcast &quot;<a class href=\"https:\/\/g1.globo.com\/podcast\/de-onde-vem-o-que-eu-como\/\"><strong>De onde vem o que eu como<\/strong><\/a>&quot;, do <a class href=\"https:\/\/g1.globo.com\/\"><strong>g1<\/strong><\/a>, entrevistou Claudia S\u00e1, produtora de cacau na Bahia, para falar sobre os impactos que os agricultores sofreram com a praga na \u00e9poca. <\/p>\n<p> &quot;Todo mundo sentiu muito, foi avassalador. Nossa produ\u00e7\u00e3o, principalmente na [propriedade] Cantagalo, foi quebrada em 85%. Na \u00e9poca, a gente n\u00e3o vivia s\u00f3 do cacau, mas muitos tiveram que desistir, n\u00e3o tinha como continuar&quot;, relatou. <\/p>\n<p> O podcast tamb\u00e9m conversou com o <a class href=\"https:\/\/g1.globo.com\/economia\/agronegocios\/noticia\/2022\/09\/06\/familia-do-ator-marcos-palmeira-investe-em-cacau-biodinamico-tecnica-usa-chifre-de-vaca-com-esterco.ghtml\">pai do ator Marcos Palmeira, o cineasta Zelito Viana, que cultiva o cacau biodin\u00e2mico<\/a>: de alta qualidade de que n\u00e3o usa agrot\u00f3xicos. Ou\u00e7a o epis\u00f3dio abaixo: <\/p>\n<p> Depois de 30 anos, os produtores ainda precisam lidar com as consequ\u00eancias da doen\u00e7a que atinge a lavoura. Para isso, eles contam com a ajuda da <strong>Ceplac<\/strong> (Comiss\u00e3o Executiva do Plano da Lavoura Cacaueira), do <a class href=\"https:\/\/g1.globo.com\/tudo-sobre\/ministerio-da-agricultura\/\"><strong>Minist\u00e9rio da Agricultura<\/strong><\/a>, que desenvolve plantas que sejam resistentes \u00e0 vassoura-de-bruxa, porque o fungo tamb\u00e9m se adapta. <\/p>\n<p>         3 de 4&#013;Humberto Carr\u00e3o interpretar\u00e1 papel de Marcos Palmeira na primeira fase de &#034;Renascer&#034; \u2014 Foto: Fabio Rocha\/TV Globo    <\/p>\n<p> Humberto Carr\u00e3o interpretar\u00e1 papel de Marcos Palmeira na primeira fase de &#034;Renascer&#034; \u2014 Foto: Fabio Rocha\/TV Globo <\/p>\n<p> Assista abaixo \u00e0 reportagem do <a class href=\"https:\/\/globorural.globo.com\/\"><strong>Globo Rural<\/strong><\/a> sobre como os agricultores se reergueram apostando na recupera\u00e7\u00e3o da \u00e1rea atingida pelo fungo: <\/p>\n<p>         4 de 4&#013;Biofungicida que combate vassoura-de-bruxa passa a ser vendido \u2014 Foto: Reprodu\u00e7\u00e3o\/TV Bahia    <\/p>\n<p> Biofungicida que combate vassoura-de-bruxa passa a ser vendido \u2014 Foto: Reprodu\u00e7\u00e3o\/TV Bahia <\/p>\n<p>                   <img loading=\"lazy\" decoding=\"async\" class=\"aligncenter size-full wp-image-56687\" src=\"https:\/\/blog.corretoraideal.com.br\/wp-content\/uploads\/2024\/01\/cacau-especial-e-organico-muda-a-vida-de-pequenos-agricultores-do-sul-da-bahia.jpeg\" alt=\"Cacau especial e org\u00e2nico muda a vida de pequenos agricultores do Sul da Bahia\" width=\"800\" height=\"400\" \/>       <\/p>\n<p> Cacau especial e org\u00e2nico muda a vida de pequenos agricultores do Sul da Bahia <\/p>\n<p>                    <img loading=\"lazy\" decoding=\"async\" class=\"aligncenter size-full wp-image-56688\" src=\"https:\/\/blog.corretoraideal.com.br\/wp-content\/uploads\/2024\/01\/de-onde-vem-o-que-eu-como-chocolate.jpeg\" alt=\"De onde vem o que eu como: chocolate\" width=\"800\" height=\"400\" \/>       <\/p>\n<p> De onde vem o que eu como: chocolate <\/p>\n<ul> <\/ul>\n<h3> <a id=\"js-next-article-desktop-link\" class=\"next-article-desktop-link\"><\/a> <\/h3>\n<h3> <a id=\"js-next-article-smart-link\" class=\"next-article-smart-link\"><\/a> <\/h3>\n<p>Veja tamb\u00e9m<\/p>\n<\/p>\n<\/p>\n<p>       Anterior   Pr\u00f3ximo     <\/p>\n","protected":false},"excerpt":{"rendered":"<p>Vassoura-de-bruxa: o que \u00e9 a praga relembrada em &#039;Renascer&#039; que devastou produ\u00e7\u00e3o de cacau na Bahia Doen\u00e7a que destr\u00f3i as folhas e o fruto das \u00e1rvores se espalhou na d\u00e9cada de 90 e ainda gera preocupa\u00e7\u00e3o nos agricultores. Por g1 23\/01\/2024 09h51 Atualizado 23\/01\/2024 1 de 4&#013;Humberto Carr\u00e3o dar\u00e1 vida ao personagem de Marcos Palmeira [&hellip;]<\/p>\n","protected":false},"author":1,"featured_media":0,"comment_status":"closed","ping_status":"closed","sticky":false,"template":"","format":"standard","meta":{"footnotes":""},"categories":[],"tags":[],"class_list":["post-56684","post","type-post","status-publish","format-standard","hentry"],"_links":{"self":[{"href":"https:\/\/blog.corretoraideal.com.br\/index.php\/wp-json\/wp\/v2\/posts\/56684","targetHints":{"allow":["GET"]}}],"collection":[{"href":"https:\/\/blog.corretoraideal.com.br\/index.php\/wp-json\/wp\/v2\/posts"}],"about":[{"href":"https:\/\/blog.corretoraideal.com.br\/index.php\/wp-json\/wp\/v2\/types\/post"}],"author":[{"embeddable":true,"href":"https:\/\/blog.corretoraideal.com.br\/index.php\/wp-json\/wp\/v2\/users\/1"}],"replies":[{"embeddable":true,"href":"https:\/\/blog.corretoraideal.com.br\/index.php\/wp-json\/wp\/v2\/comments?post=56684"}],"version-history":[{"count":1,"href":"https:\/\/blog.corretoraideal.com.br\/index.php\/wp-json\/wp\/v2\/posts\/56684\/revisions"}],"predecessor-version":[{"id":56689,"href":"https:\/\/blog.corretoraideal.com.br\/index.php\/wp-json\/wp\/v2\/posts\/56684\/revisions\/56689"}],"wp:attachment":[{"href":"https:\/\/blog.corretoraideal.com.br\/index.php\/wp-json\/wp\/v2\/media?parent=56684"}],"wp:term":[{"taxonomy":"category","embeddable":true,"href":"https:\/\/blog.corretoraideal.com.br\/index.php\/wp-json\/wp\/v2\/categories?post=56684"},{"taxonomy":"post_tag","embeddable":true,"href":"https:\/\/blog.corretoraideal.com.br\/index.php\/wp-json\/wp\/v2\/tags?post=56684"}],"curies":[{"name":"wp","href":"https:\/\/api.w.org\/{rel}","templated":true}]}}