{"id":56690,"date":"2024-01-24T03:29:42","date_gmt":"2024-01-24T03:29:42","guid":{"rendered":"https:\/\/blog.corretoraideal.com.br\/?p=56690"},"modified":"2024-01-24T03:29:42","modified_gmt":"2024-01-24T03:29:42","slug":"fiscalizacao-ambiental-mira-imoveis-de-macae-com-irregularidades-na-coleta-de-esgoto-norte-fluminense-g1","status":"publish","type":"post","link":"https:\/\/blog.corretoraideal.com.br\/index.php\/2024\/01\/24\/fiscalizacao-ambiental-mira-imoveis-de-macae-com-irregularidades-na-coleta-de-esgoto-norte-fluminense-g1\/","title":{"rendered":"Fiscaliza\u00e7\u00e3o ambiental mira im\u00f3veis de Maca\u00e9 com irregularidades na coleta de esgoto | Norte Fluminense | G1"},"content":{"rendered":"<br \/>\n<h1>Fiscaliza\u00e7\u00e3o ambiental mira im\u00f3veis de Maca\u00e9 com irregularidades na coleta de esgoto<\/h1>\n<h2>A\u00e7\u00e3o, iniciada nesta ter\u00e7a-feira (23) no Parque Valentina Miranda, busca notificar os propriet\u00e1rios para a utiliza\u00e7\u00e3o correta da rede de coleta de esgoto. Relat\u00f3rio mostra que a maior parte dos im\u00f3veis na regi\u00e3o n\u00e3o est\u00e1 interligada \u00e0 rede.<\/h2>\n<p> Por g1 &mdash; Maca\u00e9 <\/p>\n<p>  23\/01\/2024 16h54    Atualizado  23\/01\/2024    <\/p>\n<p>                      1 de 2&#013;Objetivo da fiscaliza\u00e7\u00e3o \u00e9 notifica propriet\u00e1rios de im\u00f3veis a ligarem as casas \u00e0 rede de esgoto no Parque Valentina Miranda, em Maca\u00e9 \u2014 Foto: Bruno Campos\/Prefeitura de Maca\u00e9    <\/p>\n<p> Objetivo da fiscaliza\u00e7\u00e3o \u00e9 notifica propriet\u00e1rios de im\u00f3veis a ligarem as casas \u00e0 rede de esgoto no Parque Valentina Miranda, em Maca\u00e9 \u2014 Foto: Bruno Campos\/Prefeitura de Maca\u00e9 <\/p>\n<p> Fiscais da Secretaria de Ambiente e Sustentabilidade de <a class href=\"https:\/\/g1.globo.com\/rj\/regiao-dos-lagos\/cidade\/macae\/\">Maca\u00e9<\/a>, no Norte Fluminense, iniciaram, nesta ter\u00e7a-feira (23), uma a\u00e7\u00e3o para verificar irregularidades na coleta de esgoto de im\u00f3veis no Parque Valentina Miranda. <\/p>\n<p> Um relat\u00f3rio da concession\u00e1ria BRK, que atuou nas obras de implanta\u00e7\u00e3o do sistema de coleta de esgoto, mostra que a maior parte da casas do bairro ainda n\u00e3o est\u00e1 interligada \u00e0 rede. <\/p>\n<p> Por meio da a\u00e7\u00e3o os propriet\u00e1rios s\u00e3o notificados, ganhando prazo de 30 dias para a adequa\u00e7\u00e3o. <\/p>\n<p> &quot;A a\u00e7\u00e3o de fiscaliza\u00e7\u00e3o ambiental nas resid\u00eancias e com\u00e9rcios \u00e9 para notificar aqueles que ainda n\u00e3o se ligaram na rede, que est\u00e1 pronta. Recebemos um relat\u00f3rio da BRK informando que 75% do bairro n\u00e3o fez esta interliga\u00e7\u00e3o&quot;, explicou a secret\u00e1ria de Ambiente e Sustentabilidade, Isaura Sales. <\/p>\n<p> Quem n\u00e3o cumprir a determina\u00e7\u00e3o dentro do prazo estipulado est\u00e1 sujeito a receber uma multa, conforme especifica o C\u00f3digo Municipal de Meio Ambiente, Lei Complementar 027\/01. <\/p>\n<p> O gerente de opera\u00e7\u00f5es da BRK, Renato Miranda, salientou que o papel da concession\u00e1ria \u00e9 apoiar a Secretaria de Ambiente, incentivando e conscientizando a popula\u00e7\u00e3o. <\/p>\n<p> &quot;Nos bairros Valentina Miranda e Imbetiba implantamos 15 Km de rede coletora de esgoto, cinco esta\u00e7\u00f5es de bombeamento e 1600 liga\u00e7\u00f5es. J\u00e1 foi feita uma reuni\u00e3o com a Associa\u00e7\u00e3o de Moradores para conscientizar e explicar sobre a import\u00e2ncia da liga\u00e7\u00e3o de esgoto&quot;, detalhou. <\/p>\n<p><h2>Impacto na Praia de Imbetiba<\/h2>\n<\/p>\n<p>         2 de 2&#013;Fiscais ambientais percorreram o Parque Valentina Miranda onde maior parte das casas n\u00e3o est\u00e1 interligada \u00e0 rede de esgoto impactado a Praia de Imbetiba \u2014 Foto: Bruno Campos\/Prefeitura de Maca\u00e9    <\/p>\n<p> Fiscais ambientais percorreram o Parque Valentina Miranda onde maior parte das casas n\u00e3o est\u00e1 interligada \u00e0 rede de esgoto impactado a Praia de Imbetiba \u2014 Foto: Bruno Campos\/Prefeitura de Maca\u00e9 <\/p>\n<p> A falta da liga\u00e7\u00e3o na rede de coleta de esgoto impacta na Praia de Imbetiba, foi o que an\u00e1lises da \u00e1gua detectaram. <\/p>\n<p> &quot;Realizamos coletas de \u00e1guas na praia para fazer as an\u00e1lises de balneabilidade. De posse dessas an\u00e1lises a gente consegue saber quais s\u00e3o os locais mais sens\u00edveis, que est\u00e3o sofrendo contamina\u00e7\u00e3o do esgotamento sanit\u00e1rio, para que a prefeitura e a BRK possam atuar de maneira mais incisiva nesses pontos&quot;, salientou a chefe de fiscaliza\u00e7\u00e3o e monitoramento do Instituto Estadual do Ambiente (INEA), Laila Bekai. <\/p>\n<ul>\n<li> <a href=\"https:\/\/g1.globo.com\/rj\/regiao-dos-lagos\/cidade\/macae\/\" class=\"entities__list-itemLink\" data-track-click=\"Maca\u00e9\"> Maca\u00e9 <\/a> <\/li>\n<\/ul>\n<h3> <a id=\"js-next-article-desktop-link\" class=\"next-article-desktop-link\"><\/a> <\/h3>\n<h3> <a id=\"js-next-article-smart-link\" class=\"next-article-smart-link\"><\/a> <\/h3>\n<p>Veja tamb\u00e9m<\/p>\n<\/p>\n<\/p>\n<p>       Anterior   Pr\u00f3ximo     <\/p>\n","protected":false},"excerpt":{"rendered":"<p>Fiscaliza\u00e7\u00e3o ambiental mira im\u00f3veis de Maca\u00e9 com irregularidades na coleta de esgoto A\u00e7\u00e3o, iniciada nesta ter\u00e7a-feira (23) no Parque Valentina Miranda, busca notificar os propriet\u00e1rios para a utiliza\u00e7\u00e3o correta da rede de coleta de esgoto. Relat\u00f3rio mostra que a maior parte dos im\u00f3veis na regi\u00e3o n\u00e3o est\u00e1 interligada \u00e0 rede. Por g1 &mdash; Maca\u00e9 23\/01\/2024 [&hellip;]<\/p>\n","protected":false},"author":1,"featured_media":0,"comment_status":"closed","ping_status":"closed","sticky":false,"template":"","format":"standard","meta":{"footnotes":""},"categories":[],"tags":[],"class_list":["post-56690","post","type-post","status-publish","format-standard","hentry"],"_links":{"self":[{"href":"https:\/\/blog.corretoraideal.com.br\/index.php\/wp-json\/wp\/v2\/posts\/56690","targetHints":{"allow":["GET"]}}],"collection":[{"href":"https:\/\/blog.corretoraideal.com.br\/index.php\/wp-json\/wp\/v2\/posts"}],"about":[{"href":"https:\/\/blog.corretoraideal.com.br\/index.php\/wp-json\/wp\/v2\/types\/post"}],"author":[{"embeddable":true,"href":"https:\/\/blog.corretoraideal.com.br\/index.php\/wp-json\/wp\/v2\/users\/1"}],"replies":[{"embeddable":true,"href":"https:\/\/blog.corretoraideal.com.br\/index.php\/wp-json\/wp\/v2\/comments?post=56690"}],"version-history":[{"count":1,"href":"https:\/\/blog.corretoraideal.com.br\/index.php\/wp-json\/wp\/v2\/posts\/56690\/revisions"}],"predecessor-version":[{"id":56692,"href":"https:\/\/blog.corretoraideal.com.br\/index.php\/wp-json\/wp\/v2\/posts\/56690\/revisions\/56692"}],"wp:attachment":[{"href":"https:\/\/blog.corretoraideal.com.br\/index.php\/wp-json\/wp\/v2\/media?parent=56690"}],"wp:term":[{"taxonomy":"category","embeddable":true,"href":"https:\/\/blog.corretoraideal.com.br\/index.php\/wp-json\/wp\/v2\/categories?post=56690"},{"taxonomy":"post_tag","embeddable":true,"href":"https:\/\/blog.corretoraideal.com.br\/index.php\/wp-json\/wp\/v2\/tags?post=56690"}],"curies":[{"name":"wp","href":"https:\/\/api.w.org\/{rel}","templated":true}]}}