{"id":56693,"date":"2024-01-24T04:29:33","date_gmt":"2024-01-24T04:29:33","guid":{"rendered":"https:\/\/blog.corretoraideal.com.br\/?p=56693"},"modified":"2024-01-24T04:29:33","modified_gmt":"2024-01-24T04:29:33","slug":"milei-enfrenta-primeira-paralisacao-geral-na-argentina-nesta-quarta-feira-gol-e-latam-cancelaram-voos-mundo-g1","status":"publish","type":"post","link":"https:\/\/blog.corretoraideal.com.br\/index.php\/2024\/01\/24\/milei-enfrenta-primeira-paralisacao-geral-na-argentina-nesta-quarta-feira-gol-e-latam-cancelaram-voos-mundo-g1\/","title":{"rendered":"Milei enfrenta primeira paralisa\u00e7\u00e3o geral na Argentina nesta quarta-feira; Gol e Latam cancelaram voos | Mundo | G1"},"content":{"rendered":"<br \/>\n<h1>Milei enfrenta primeira paralisa\u00e7\u00e3o geral na Argentina nesta quarta-feira; Gol e Latam cancelaram voos<\/h1>\n<h2>Ato foi convocado pela maior central sindical do pa\u00eds e tem ades\u00e3o de funcion\u00e1rios de bancos, com\u00e9rcio, setor banc\u00e1rio e caminhoneiros. Os sindicalistas s\u00e3o contra os planos econ\u00f4micos do governo. Governo diz que popula\u00e7\u00e3o \u00e9 contra paralisa\u00e7\u00e3o.<\/h2>\n<p> Por g1 <\/p>\n<p>  24\/01\/2024 00h00    Atualizado  24\/01\/2024    <\/p>\n<p>                                <img loading=\"lazy\" decoding=\"async\" class=\"aligncenter size-full wp-image-56695\" src=\"https:\/\/blog.corretoraideal.com.br\/wp-content\/uploads\/2024\/01\/congresso-da-argentina-analisa-pacote-de-ajuste-fiscal-de-milei-com-alteracoes.jpeg\" alt=\"Congresso da Argentina analisa pacote de ajuste fiscal de Milei com altera\u00e7\u00f5es\" width=\"800\" height=\"400\" \/>       <\/p>\n<p> Congresso da Argentina analisa pacote de ajuste fiscal de Milei com altera\u00e7\u00f5es <\/p>\n<p> O <a class href=\"https:\/\/g1.globo.com\/mundo\/noticia\/2024\/01\/20\/do-nao-se-negocia-a-politica-da-vida-real-governo-milei-recua-e-modifica-lei-omnibus-para-convencer-congresso-a-aprova-la.ghtml\">novo presidente da Argentina<\/a>, Javier Milei, <strong>enfrenta nesta quarta-feira (24) a primeira paralisa\u00e7\u00e3o<\/strong> geral <a class href=\"https:\/\/g1.globo.com\/mundo\/noticia\/2023\/12\/10\/javier-milei-faz-discurso-de-posse-como-presidente-da-argentina.ghtml\">desde que assumiu o governo, em dezembro<\/a>. <\/p>\n<p> <strong>Com o lema &quot;o pa\u00eds n\u00e3o est\u00e1 \u00e0 venda&quot;, <\/strong>a paralisa\u00e7\u00e3o geral foi convocada pela Confedera\u00e7\u00e3o Geral do Trabalho (CGT), a maior central sindical do pa\u00eds, a partir do meio-dia (mesmo hor\u00e1rio em Bras\u00edlia), por um per\u00edodo de 12 horas. A Confedera\u00e7\u00e3o de Trabalhadores Argentinos (CTA), segunda maior central sindical, tamb\u00e9m aderiu, assim como setores do peronismo. <\/p>\n<p> Trabalhadores do transporte a\u00e9reo anunciaram ades\u00e3o ao movimento, o que causou o cancelamento de voos programados,<a class href=\"https:\/\/g1.globo.com\/turismo-e-viagem\/noticia\/2024\/01\/20\/greve-geral-na-argentina-faz-aereas-brasileiras-cancelarem-voos-para-o-proximo-dia-24.ghtml\"> entre eles 33 voos da Gol e da Latam, o que causa impacto a turistas brasileiros e argentinos.<\/a> Bancos n\u00e3o funcionar\u00e3o. \u00d4nibus, trens e metr\u00f4 devem operar at\u00e9 as 19h, e ent\u00e3o parar at\u00e9 a meia-noite, para que as pessoas consigam chegar \u00e0s manifesta\u00e7\u00f5es programadas. Caminhoneiros tamb\u00e9m aderiram. <\/p>\n<p><h2>Contra as medidas econ\u00f4micas<\/h2>\n<\/p>\n<p> O objetivo \u00e9 protestar contra o <a class href=\"https:\/\/g1.globo.com\/jornal-nacional\/noticia\/2023\/12\/27\/milei-envia-ao-congresso-decretaco-com-mais-de-600-artigos.ghtml\">&quot;decreta\u00e7o&quot;, uma Medida Provis\u00f3ria que faz diversas modifica\u00e7\u00f5es na economia e nas leis trabalhistas e outros setores<\/a>, e contra a <a class href=\"https:\/\/g1.globo.com\/mundo\/blog\/sandra-cohen\/post\/2023\/12\/28\/lei-onibus-preve-superpoderes-para-milei-ate-o-fim-de-seu-mandato.ghtml\">chamada lei omnibus, projeto de lei prev\u00ea &quot;superpoderes&quot; para Milei e prev\u00ea a privatiza\u00e7\u00e3o de empresas estatais, entre outras quest\u00f5es. <\/a>As duas precisam de aval do Congresso \u2014a diferen\u00e7a \u00e9 que o &quot;decreta\u00e7o&quot;, por ser uma Medida Provis\u00f3ria, j\u00e1 est\u00e1 em vigor. <\/p>\n<p> Ao menos uma das manifesta\u00e7\u00f5es, a prop\u00f3sito, se concentrar\u00e1 em frente ao Congresso, de forma a pressionar os deputados e senadores a n\u00e3o aprovar as leis. <a class href=\"https:\/\/g1.globo.com\/mundo\/noticia\/2024\/01\/20\/do-nao-se-negocia-a-politica-da-vida-real-governo-milei-recua-e-modifica-lei-omnibus-para-convencer-congresso-a-aprova-la.ghtml\">Ao contr\u00e1rio do que planejava inicialmente, o governo Milei tem cedido em alguns pontos para aprovar a lei omnibus.<\/a> <\/p>\n<p> A ministra da Seguran\u00e7a, Patricia Bullrich, <a class href=\"https:\/\/g1.globo.com\/mundo\/noticia\/2023\/12\/14\/sancoes-severas-manifestantes-governo-milei.ghtml\">que testou em dezembro seu \u201cprotocolo antipiquetes\u201d<\/a>, contra os bloqueios de vias, afirmou que vai voltar a empregar a mesma t\u00e1tica: s\u00f3 se permite que os manifestantes fiquem nas cal\u00e7adas. Em dezembro n\u00e3o funcionou, <a class href=\"https:\/\/g1.globo.com\/mundo\/noticia\/2023\/12\/20\/manifestacao-governo-milei-buenos-aires.ghtml\">e pol\u00edcia e manifestantes entraram em confronto em Buenos Aires em um protesto contra as medidas de Milei.<\/a> <\/p>\n<p> \u00c9 a primeira vez desde 2019 que a CGT promove uma paralisa\u00e7\u00e3o geral \u2014o \u00faltimo foi no governo de Mauricio Macri, de direita. A CGT n\u00e3o promoveu paralisa\u00e7\u00f5es no governo de Alberto Fernand\u00e9z, de esquerda. <\/p>\n<p><h2>Rea\u00e7\u00e3o do governo Milei<\/h2>\n<\/p>\n<p> O porta-voz do governo de Milei, Manuel Adorni, <strong>disse que a popula\u00e7\u00e3o argentina \u00e9 contra a paralisa\u00e7\u00e3o e que n\u00e3o se sabe ao certo qual \u00e9 a motiva\u00e7\u00e3o dos grevistas.<\/strong> Para ele, a CGT est\u00e1 &quot;do lado errado da hist\u00f3ria&quot; e que nos \u00faltimos anos os trabalhadores perderam liberdade. <\/p>\n<p>&quot;Quem quiser trabalhar deveria poder trabalhar, e quem quiser parar, pode parar, mas sem atrapalhar a vida dos outros&quot;, afirmou ele.<\/p>\n<p> O governo afirmou que vai descontar o pagamento dos funcion\u00e1rios p\u00fablicos que participarem da manifesta\u00e7\u00e3o. Isso n\u00e3o acontecer\u00e1 em todos os lugares; na prov\u00edncia de Buenos Aires, que \u00e9 governada por um pol\u00edtico de esquerda, Axel Kicillof, os trabalhadores do Estado que pararem n\u00e3o ter\u00e3o desconto. Kicillof afirmou que vai respeitar o direito de greve. <\/p>\n<p>         1 de 1&#013;Manifestantes em frente \u00e0 resid\u00eancia oficial do presidente da Argentina, em Olivos, em 23 de janeiro de 2024 \u2014 Foto: Luis Robayo \/ AFP    <\/p>\n<p> Manifestantes em frente \u00e0 resid\u00eancia oficial do presidente da Argentina, em Olivos, em 23 de janeiro de 2024 \u2014 Foto: Luis Robayo \/ AFP <\/p>\n<ul> <\/ul>\n<h3> <a id=\"js-next-article-desktop-link\" class=\"next-article-desktop-link\"><\/a> <\/h3>\n<h3> <a id=\"js-next-article-smart-link\" class=\"next-article-smart-link\"><\/a> <\/h3>\n<p>Veja tamb\u00e9m<\/p>\n<\/p>\n<\/p>\n<p>       Anterior   Pr\u00f3ximo     <\/p>\n","protected":false},"excerpt":{"rendered":"<p>Milei enfrenta primeira paralisa\u00e7\u00e3o geral na Argentina nesta quarta-feira; Gol e Latam cancelaram voos Ato foi convocado pela maior central sindical do pa\u00eds e tem ades\u00e3o de funcion\u00e1rios de bancos, com\u00e9rcio, setor banc\u00e1rio e caminhoneiros. Os sindicalistas s\u00e3o contra os planos econ\u00f4micos do governo. Governo diz que popula\u00e7\u00e3o \u00e9 contra paralisa\u00e7\u00e3o. Por g1 24\/01\/2024 00h00 [&hellip;]<\/p>\n","protected":false},"author":1,"featured_media":0,"comment_status":"closed","ping_status":"closed","sticky":false,"template":"","format":"standard","meta":{"footnotes":""},"categories":[],"tags":[],"class_list":["post-56693","post","type-post","status-publish","format-standard","hentry"],"_links":{"self":[{"href":"https:\/\/blog.corretoraideal.com.br\/index.php\/wp-json\/wp\/v2\/posts\/56693","targetHints":{"allow":["GET"]}}],"collection":[{"href":"https:\/\/blog.corretoraideal.com.br\/index.php\/wp-json\/wp\/v2\/posts"}],"about":[{"href":"https:\/\/blog.corretoraideal.com.br\/index.php\/wp-json\/wp\/v2\/types\/post"}],"author":[{"embeddable":true,"href":"https:\/\/blog.corretoraideal.com.br\/index.php\/wp-json\/wp\/v2\/users\/1"}],"replies":[{"embeddable":true,"href":"https:\/\/blog.corretoraideal.com.br\/index.php\/wp-json\/wp\/v2\/comments?post=56693"}],"version-history":[{"count":1,"href":"https:\/\/blog.corretoraideal.com.br\/index.php\/wp-json\/wp\/v2\/posts\/56693\/revisions"}],"predecessor-version":[{"id":56696,"href":"https:\/\/blog.corretoraideal.com.br\/index.php\/wp-json\/wp\/v2\/posts\/56693\/revisions\/56696"}],"wp:attachment":[{"href":"https:\/\/blog.corretoraideal.com.br\/index.php\/wp-json\/wp\/v2\/media?parent=56693"}],"wp:term":[{"taxonomy":"category","embeddable":true,"href":"https:\/\/blog.corretoraideal.com.br\/index.php\/wp-json\/wp\/v2\/categories?post=56693"},{"taxonomy":"post_tag","embeddable":true,"href":"https:\/\/blog.corretoraideal.com.br\/index.php\/wp-json\/wp\/v2\/tags?post=56693"}],"curies":[{"name":"wp","href":"https:\/\/api.w.org\/{rel}","templated":true}]}}