{"id":56700,"date":"2024-01-24T08:29:37","date_gmt":"2024-01-24T08:29:37","guid":{"rendered":"https:\/\/blog.corretoraideal.com.br\/?p=56700"},"modified":"2024-01-24T08:29:37","modified_gmt":"2024-01-24T08:29:37","slug":"estudantes-de-cursos-de-engenharia-do-iff-podem-se-candidatar-a-graduacao-e-mestrado-na-espanha-norte-fluminense-g1","status":"publish","type":"post","link":"https:\/\/blog.corretoraideal.com.br\/index.php\/2024\/01\/24\/estudantes-de-cursos-de-engenharia-do-iff-podem-se-candidatar-a-graduacao-e-mestrado-na-espanha-norte-fluminense-g1\/","title":{"rendered":"Estudantes de cursos de engenharia do IFF podem se candidatar \u00e0 gradua\u00e7\u00e3o e mestrado na Espanha | Norte Fluminense | G1"},"content":{"rendered":"<br \/>\n<h1>Estudantes de cursos de engenharia do IFF podem se candidatar \u00e0 gradua\u00e7\u00e3o e mestrado na Espanha<\/h1>\n<h2>Ser\u00e3o ofertadas uma bolsa de gradua\u00e7\u00e3o e duas de mestrado. As inscri\u00e7\u00f5es podem ser feitas at\u00e9 o dia 15 de fevereiro para gradua\u00e7\u00e3o e at\u00e9 o dia 01 de fevereiro para mestrado. <\/h2>\n<p>  23\/01\/2024 16h25    Atualizado  23\/01\/2024    <\/p>\n<p>                      1 de 1&#013;Instituto Federal Fluminense (IFF), campus S\u00e3o Jo\u00e3o da Barra \u2014 Foto: Divulga\u00e7\u00e3o\/IFF    <\/p>\n<p> Instituto Federal Fluminense (IFF), campus S\u00e3o Jo\u00e3o da Barra \u2014 Foto: Divulga\u00e7\u00e3o\/IFF <\/p>\n<p> Estudantes de cursos de ensino m\u00e9dio e de gradua\u00e7\u00e3o da Rede Federal de Educa\u00e7\u00e3o Profissional, Cient\u00edfica e Tecnol\u00f3gica podem se candidatar a bolsas de estudo nas \u00e1reas de Engenharia, na Universidade de Ja\u00e9n, na Espanha. <\/p>\n<p> Os editais para concess\u00e3o de uma bolsa de gradua\u00e7\u00e3o e duas de mestrado foram divulgados pelo Conselho Nacional das Institui\u00e7\u00f5es da Rede Federal de Educa\u00e7\u00e3o Profissional, Cient\u00edfica e Tecnol\u00f3gica (Conif), em parceria com o Escrit\u00f3rio de Educa\u00e7\u00e3o da Embaixada da Espanha. <\/p>\n<p><h2>Bolsa de gradua\u00e7\u00e3o <\/h2>\n<\/p>\n<p> Para a bolsa de gradua\u00e7\u00e3o, as inscri\u00e7\u00f5es podem ser feitas at\u00e9 o dia 15 de fevereiro <a class href=\"https:\/\/docs.google.com\/forms\/d\/e\/1FAIpQLSepMLEakTG387pa-4OWqeWiGoFzsQtpgd6_PQmwwK6azcH_hQ\/viewform?pli=1\" target=\"_blank\" rel=\"noopener noreferrer\">no formul\u00e1rio dispon\u00edvel no site do instituto<\/a>. Podem se candidatar os estudantes que j\u00e1 conclu\u00edram ou ir\u00e3o concluir o ensino m\u00e9dio at\u00e9 o dia 31 de julho de 2024. <\/p>\n<p> Ser\u00e1 concedida uma bolsa para um dos oito cursos de gradua\u00e7\u00e3o na \u00e1rea de Engenharias, ofertados pela Universidade de Ja\u00e9n. A sele\u00e7\u00e3o ser\u00e1 realizada por meio de an\u00e1lise de documenta\u00e7\u00e3o. <\/p>\n<p> A bolsa inclui a cobertura de 100% dos gastos de matr\u00edcula; ajuda de custo anual no valor de dois mil e duzentos euros; aux\u00edlio financeiro para seguro sa\u00fade e oferta de curso de Espanhol gratuito. <\/p>\n<p> Os demais custos com a documenta\u00e7\u00e3o, a viagem e a estadia na Espanha s\u00e3o de responsabilidade do candidato. <\/p>\n<p> O resultado final ser\u00e1 divulgado at\u00e9 22 de fevereiro. Todas as informa\u00e7\u00f5es est\u00e3o dispon\u00edveis no <a class href=\"https:\/\/portal.conif.org.br\/editais\/2023\/edital-2-bolsa-de-estudo-de-graduacao-na-universidad-de-jaen-na-espanha\" target=\"_blank\" rel=\"noopener noreferrer\">site do Conselho Nacional das Institui\u00e7\u00f5es da Rede Federal de Educa\u00e7\u00e3o Profissional, Cient\u00edfica e Tecnol\u00f3gica<\/a> (Conif). <\/p>\n<p><h2>Bolsas de mestrado <\/h2>\n<\/p>\n<p> Para as bolsas de mestrado, os candidatos interessados devem realizar a inscri\u00e7\u00e3o at\u00e9 o dia 01 de fevereiro, mediante <a class href=\"https:\/\/docs.google.com\/forms\/d\/e\/1FAIpQLScnL6FYr8klyEZeA-eKchoVqsRWEykgKQXmVyh41dc3rv3eWw\/viewform\" target=\"_blank\" rel=\"noopener noreferrer\">preenchimento de formul\u00e1rio<\/a>. <\/p>\n<p> Podem se candidatar os estudantes que tenham conclu\u00eddo ou estejam em condi\u00e7\u00f5es de concluir o curso de gradua\u00e7\u00e3o entre 31 de julho de 2023 e 15 de setembro de 2024. <\/p>\n<p> S\u00e3o ofertadas duas bolsas para um dos 12 programas de mestrado na \u00e1rea de Engenharias da Universidade de Ja\u00e9n. A sele\u00e7\u00e3o ser\u00e1 realizada em fase \u00fanica, mediante an\u00e1lise de documenta\u00e7\u00e3o. <\/p>\n<p> A bolsa inclui a cobertura de 100% dos gastos de matr\u00edcula; ajuda de custo anual no valor de tr\u00eas mil euros; aux\u00edlio financeiro para seguro sa\u00fade e oferta de curso de Espanhol gratuito. <\/p>\n<p> Os demais custos com a documenta\u00e7\u00e3o, a viagem e a estadia na Espanha s\u00e3o de responsabilidade do candidato. <\/p>\n<p> O resultado final ser\u00e1 divulgado at\u00e9 o dia 07 de fevereiro. Todas as informa\u00e7\u00f5es est\u00e3o dispon\u00edveis no <a class href=\"https:\/\/portal.conif.org.br\/editais\/2023\/edital-1-bolsa-de-estudo-de-mestrado-na-universidad-de-jaen-na-espanha\" target=\"_blank\" rel=\"noopener noreferrer\">site do Conif<\/a>. <\/p>\n<ul> <\/ul>\n<h3> <a id=\"js-next-article-desktop-link\" class=\"next-article-desktop-link\"><\/a> <\/h3>\n<h3> <a id=\"js-next-article-smart-link\" class=\"next-article-smart-link\"><\/a> <\/h3>\n<p>Veja tamb\u00e9m<\/p>\n<\/p>\n<\/p>\n<p>       Anterior   Pr\u00f3ximo     <\/p>\n","protected":false},"excerpt":{"rendered":"<p>Estudantes de cursos de engenharia do IFF podem se candidatar \u00e0 gradua\u00e7\u00e3o e mestrado na Espanha Ser\u00e3o ofertadas uma bolsa de gradua\u00e7\u00e3o e duas de mestrado. As inscri\u00e7\u00f5es podem ser feitas at\u00e9 o dia 15 de fevereiro para gradua\u00e7\u00e3o e at\u00e9 o dia 01 de fevereiro para mestrado. 23\/01\/2024 16h25 Atualizado 23\/01\/2024 1 de 1&#013;Instituto [&hellip;]<\/p>\n","protected":false},"author":1,"featured_media":0,"comment_status":"closed","ping_status":"closed","sticky":false,"template":"","format":"standard","meta":{"footnotes":""},"categories":[],"tags":[],"class_list":["post-56700","post","type-post","status-publish","format-standard","hentry"],"_links":{"self":[{"href":"https:\/\/blog.corretoraideal.com.br\/index.php\/wp-json\/wp\/v2\/posts\/56700","targetHints":{"allow":["GET"]}}],"collection":[{"href":"https:\/\/blog.corretoraideal.com.br\/index.php\/wp-json\/wp\/v2\/posts"}],"about":[{"href":"https:\/\/blog.corretoraideal.com.br\/index.php\/wp-json\/wp\/v2\/types\/post"}],"author":[{"embeddable":true,"href":"https:\/\/blog.corretoraideal.com.br\/index.php\/wp-json\/wp\/v2\/users\/1"}],"replies":[{"embeddable":true,"href":"https:\/\/blog.corretoraideal.com.br\/index.php\/wp-json\/wp\/v2\/comments?post=56700"}],"version-history":[{"count":1,"href":"https:\/\/blog.corretoraideal.com.br\/index.php\/wp-json\/wp\/v2\/posts\/56700\/revisions"}],"predecessor-version":[{"id":56702,"href":"https:\/\/blog.corretoraideal.com.br\/index.php\/wp-json\/wp\/v2\/posts\/56700\/revisions\/56702"}],"wp:attachment":[{"href":"https:\/\/blog.corretoraideal.com.br\/index.php\/wp-json\/wp\/v2\/media?parent=56700"}],"wp:term":[{"taxonomy":"category","embeddable":true,"href":"https:\/\/blog.corretoraideal.com.br\/index.php\/wp-json\/wp\/v2\/categories?post=56700"},{"taxonomy":"post_tag","embeddable":true,"href":"https:\/\/blog.corretoraideal.com.br\/index.php\/wp-json\/wp\/v2\/tags?post=56700"}],"curies":[{"name":"wp","href":"https:\/\/api.w.org\/{rel}","templated":true}]}}