{"id":56703,"date":"2024-01-24T09:29:40","date_gmt":"2024-01-24T09:29:40","guid":{"rendered":"https:\/\/blog.corretoraideal.com.br\/?p=56703"},"modified":"2024-01-24T09:29:40","modified_gmt":"2024-01-24T09:29:40","slug":"e-fake-imagem-que-mostra-torre-eiffel-em-chamas-fato-ou-fake-g1","status":"publish","type":"post","link":"https:\/\/blog.corretoraideal.com.br\/index.php\/2024\/01\/24\/e-fake-imagem-que-mostra-torre-eiffel-em-chamas-fato-ou-fake-g1\/","title":{"rendered":"\u00c9 #FAKE imagem que mostra Torre Eiffel em chamas | Fato ou Fake | G1"},"content":{"rendered":"<br \/>\n<h1>\u00c9 #FAKE imagem que mostra Torre Eiffel em chamas<\/h1>\n<h2>Imagens em tempo real feitas de locais pr\u00f3ximos e fotos publicadas nas redes sociais da Torre Eiffel mostram que publica\u00e7\u00f5es s\u00e3o falsas. <\/h2>\n<p> Por Roney Domingos, g1 <\/p>\n<p>  24\/01\/2024 04h01    Atualizado  24\/01\/2024    <\/p>\n<p> Circulam nas redes sociais v\u00eddeos que mostram um inc\u00eandio na Torre Eiffel. <strong>\u00c9 #FAKE. <\/strong> <\/p>\n<p> <strong>\u2705<\/strong><a class href=\"https:\/\/www.whatsapp.com\/channel\/0029Va8GMp1Bqbr1eq21Ig2c\" target=\"_blank\" rel=\"noopener noreferrer\"><strong> Clique aqui para seguir o canal do Fato ou Fake no WhatsApp<\/strong><\/a> <\/p>\n<p>         2 de 3&#013; \u2014 Foto: g1    <\/p>\n<p> \u2014 Foto: g1 <\/p>\n<p> Uma publica\u00e7\u00e3o no TikTok em 21 de janeiro de 2024 mostra o v\u00eddeo, acompanhado de legenda em portugu\u00eas: &quot;Torre Eiffel pegou fogo e n\u00e3o realizei o sonho de ir l\u00e1&quot;. <\/p>\n<p> Uma busca no TikTok pela express\u00e3o &quot;Eiffel&quot; mostra v\u00eddeos do monumento em chamas publicados nas primeiras semanas de janeiro; s\u00e3o centenas de milhares de visualiza\u00e7\u00f5es, com legendas em v\u00e1rios outros idiomas. Alguns perfis assumem que as imagens s\u00e3o falsas, criadas por intelig\u00eancia artificial. <\/p>\n<p> <strong>N\u00e3o \u00e9 verdade que a Torre Eiffel pegou fogo em janeiro de 2024.<\/strong> C\u00e2meras com transmiss\u00e3o ao vivo instaladas em pr\u00e9dios pr\u00f3ximos mostram que o monumento permanece intacto. Uma busca avan\u00e7ada pela palavra Eiffel nos perfis oficiais da <a class href=\"https:\/\/twitter.com\/search?q=Eiffel%20(from%3Aprefpolice)&amp;src=typed_query&amp;f=live\" target=\"_blank\" rel=\"noopener noreferrer\">pol\u00edcia <\/a>e dos <a class href=\"https:\/\/twitter.com\/search?q=Eiffel%20(from%3APompiersParis)&amp;src=typed_query&amp;f=live\" target=\"_blank\" rel=\"noopener noreferrer\">Bombeiros <\/a>no X n\u00e3o retorna com qualquer relato de inc\u00eandio na torre. <\/p>\n<p> O perfil da Torre Eiffel no <a class href=\"https:\/\/www.instagram.com\/toureiffelofficielle\/reels\/\" target=\"_blank\" rel=\"noopener noreferrer\">Instagram<\/a> mostra fotos do monumento sob a neve tiradas em 18 de janeiro de 2024, sem qualquer men\u00e7\u00e3o a um suposto inc\u00eandio. Os perfis no <a class href=\"https:\/\/twitter.com\/LaTourEiffel\/status\/1748752248425873640\" target=\"_blank\" rel=\"noopener noreferrer\">X<\/a> e no <a class href=\"https:\/\/www.facebook.com\/TourEiffel\/\" target=\"_blank\" rel=\"noopener noreferrer\">Facebook<\/a> mostram em 20 de janeiro um convite para que visitantes comprem ingressos para a torre \u2014e que d\u00e3o direito a uma ta\u00e7a de champanhe durante a visita ao segundo andar. <\/p>\n<p> No site da Torre Eiffel h\u00e1 uma <a class href=\"https:\/\/www.toureiffel.paris\/en\/news\/visit\/everything-know-about-closing-top-january\" target=\"_blank\" rel=\"noopener noreferrer\">nota <\/a>publicada em dezembro segundo a qual a torre est\u00e1 sendo submetida a obras de manuten\u00e7\u00e3o e renova\u00e7\u00e3o, no \u00faltimo andar, at\u00e9 9 de fevereiro. N\u00e3o h\u00e1 men\u00e7\u00e3o a inc\u00eandio. <\/p>\n<p>         3 de 3&#013;\u00c9 #FAKE imagem que mostra Torre Eiffel em chamas \u2014 Foto: Reprodu\u00e7\u00e3o    <\/p>\n<p> \u00c9 #FAKE imagem que mostra Torre Eiffel em chamas \u2014 Foto: Reprodu\u00e7\u00e3o <\/p>\n<p><h2>Fato ou Fake Explica:<\/h2>\n<\/p>\n<p>   <a href=\"https:\/\/g1.globo.com\/fato-ou-fake\/playlist\/videos-fato-ou-fake-explica-1-t.ghtml\">    5 v\u00eddeos      <\/a>   <\/p>\n<ul>\n<li>VEJA <a class href=\"https:\/\/g1.globo.com\/fato-ou-fake\/video\/como-identificar-se-uma-mensagem-e-falsa-7239543.ghtml\">outras checagens feitas pela equipe do FATO ou FAKE<\/a><\/li>\n<li>Adicione nosso n\u00famero de WhatsApp <a class href=\"https:\/\/api.whatsapp.com\/send?phone=5521973059827&amp;text=&amp;source=&amp;data=\" target=\"_blank\" rel=\"noopener noreferrer\">+55 (21) 97305-9827 <\/a>(ap\u00f3s adicionar o n\u00famero, mande uma sauda\u00e7\u00e3o para ser inscrito)<\/li>\n<\/ul>\n<ul> <\/ul>\n<h3> <a id=\"js-next-article-desktop-link\" class=\"next-article-desktop-link\"><\/a> <\/h3>\n<h3> <a id=\"js-next-article-smart-link\" class=\"next-article-smart-link\"><\/a> <\/h3>\n<p>Veja tamb\u00e9m<\/p>\n<\/p>\n<\/p>\n<p>       Anterior   Pr\u00f3ximo     <\/p>\n","protected":false},"excerpt":{"rendered":"<p>\u00c9 #FAKE imagem que mostra Torre Eiffel em chamas Imagens em tempo real feitas de locais pr\u00f3ximos e fotos publicadas nas redes sociais da Torre Eiffel mostram que publica\u00e7\u00f5es s\u00e3o falsas. Por Roney Domingos, g1 24\/01\/2024 04h01 Atualizado 24\/01\/2024 Circulam nas redes sociais v\u00eddeos que mostram um inc\u00eandio na Torre Eiffel. \u00c9 #FAKE. \u2705 Clique [&hellip;]<\/p>\n","protected":false},"author":1,"featured_media":0,"comment_status":"closed","ping_status":"closed","sticky":false,"template":"","format":"standard","meta":{"footnotes":""},"categories":[],"tags":[],"class_list":["post-56703","post","type-post","status-publish","format-standard","hentry"],"_links":{"self":[{"href":"https:\/\/blog.corretoraideal.com.br\/index.php\/wp-json\/wp\/v2\/posts\/56703","targetHints":{"allow":["GET"]}}],"collection":[{"href":"https:\/\/blog.corretoraideal.com.br\/index.php\/wp-json\/wp\/v2\/posts"}],"about":[{"href":"https:\/\/blog.corretoraideal.com.br\/index.php\/wp-json\/wp\/v2\/types\/post"}],"author":[{"embeddable":true,"href":"https:\/\/blog.corretoraideal.com.br\/index.php\/wp-json\/wp\/v2\/users\/1"}],"replies":[{"embeddable":true,"href":"https:\/\/blog.corretoraideal.com.br\/index.php\/wp-json\/wp\/v2\/comments?post=56703"}],"version-history":[{"count":1,"href":"https:\/\/blog.corretoraideal.com.br\/index.php\/wp-json\/wp\/v2\/posts\/56703\/revisions"}],"predecessor-version":[{"id":56705,"href":"https:\/\/blog.corretoraideal.com.br\/index.php\/wp-json\/wp\/v2\/posts\/56703\/revisions\/56705"}],"wp:attachment":[{"href":"https:\/\/blog.corretoraideal.com.br\/index.php\/wp-json\/wp\/v2\/media?parent=56703"}],"wp:term":[{"taxonomy":"category","embeddable":true,"href":"https:\/\/blog.corretoraideal.com.br\/index.php\/wp-json\/wp\/v2\/categories?post=56703"},{"taxonomy":"post_tag","embeddable":true,"href":"https:\/\/blog.corretoraideal.com.br\/index.php\/wp-json\/wp\/v2\/tags?post=56703"}],"curies":[{"name":"wp","href":"https:\/\/api.w.org\/{rel}","templated":true}]}}