{"id":56735,"date":"2024-01-24T19:29:35","date_gmt":"2024-01-24T19:29:35","guid":{"rendered":"https:\/\/blog.corretoraideal.com.br\/?p=56735"},"modified":"2024-01-24T19:29:35","modified_gmt":"2024-01-24T19:29:35","slug":"milei-enfrenta-paralisacao-geral-na-argentina-policia-tenta-proibir-bloqueio-de-vias-mundo-g1","status":"publish","type":"post","link":"https:\/\/blog.corretoraideal.com.br\/index.php\/2024\/01\/24\/milei-enfrenta-paralisacao-geral-na-argentina-policia-tenta-proibir-bloqueio-de-vias-mundo-g1\/","title":{"rendered":"Milei enfrenta paralisa\u00e7\u00e3o geral na Argentina; pol\u00edcia tenta proibir bloqueio de vias | Mundo | G1"},"content":{"rendered":"<br \/>\n<h1>Milei enfrenta paralisa\u00e7\u00e3o geral na Argentina; pol\u00edcia tenta proibir bloqueio de vias<\/h1>\n<h2>Ato convocado pela maior central sindical do pa\u00eds tem ades\u00e3o de funcion\u00e1rios de bancos, com\u00e9rcio e caminhoneiros. Porta-voz presidencial disse que protesto causa preju\u00edzo financeiro para &#039;muit\u00edssimos argentinos&#039;.<\/h2>\n<p> Por g1 <\/p>\n<p>  24\/01\/2024 13h17    Atualizado  24\/01\/2024    <\/p>\n<p>                                <img loading=\"lazy\" decoding=\"async\" class=\"aligncenter size-full wp-image-56737\" src=\"https:\/\/blog.corretoraideal.com.br\/wp-content\/uploads\/2024\/01\/milei-enfrenta-primeira-greve-geral-na-argentina.jpeg\" alt=\"Milei enfrenta primeira greve geral na Argentina\" width=\"800\" height=\"400\" \/>       <\/p>\n<p> Milei enfrenta primeira greve geral na Argentina <\/p>\n<p> <a class href=\"https:\/\/g1.globo.com\/mundo\/noticia\/2024\/01\/24\/milei-enfrenta-primeira-paralisacao-geral-na-argentina-nesta-quarta-feira-gol-e-latam-cancelaram-voos.ghtml\">A primeira paralisa\u00e7\u00e3o geral contra as medidas econ\u00f4micas do governo de Javier Milei na Argentina <\/a>come\u00e7ou nesta quarta-feira (24) com uma caminhada rumo ao pr\u00e9dio do Congresso, em Buenos Aires. <\/p>\n<p> <strong>Com o lema &quot;o pa\u00eds n\u00e3o est\u00e1 \u00e0 venda&quot;, <\/strong>a paralisa\u00e7\u00e3o geral foi convocada pela Confedera\u00e7\u00e3o Geral do Trabalho (CGT), a maior central sindical do pa\u00eds, a partir do meio-dia (mesmo hor\u00e1rio em Bras\u00edlia), e a previs\u00e3o \u00e9 que dure 12 horas. A Confedera\u00e7\u00e3o de Trabalhadores Argentinos (CTA), segunda maior central sindical, tamb\u00e9m aderiu, assim como setores do peronismo. <\/p>\n<p> O governo Milei fez bloqueios para impedir a chegada de manifestantes ao Congresso Nacional. O l\u00edder da CGT, H\u00e9ctor Daer, criticou a proibi\u00e7\u00e3o ao direito de reuni\u00e3o. O porta-voz presidencial, Manuel Adorni, disse que a manifesta\u00e7\u00e3o resulta em preju\u00edzo financeiro para &quot;muit\u00edssimos argentinos&quot;. <\/p>\n<p> Os bloqueios fazem parte <a class href=\"https:\/\/g1.globo.com\/mundo\/noticia\/2023\/12\/14\/sancoes-severas-manifestantes-governo-milei.ghtml\">do \u201cprotocolo antipiquetes\u201d, contra os bloqueios de vias<\/a>, adotado pela ministra da Seguran\u00e7a Patricia Bullrich em dezembro, em que s\u00f3 se permite que os manifestantes fiquem nas cal\u00e7adas. Em dezembro n\u00e3o funcionou, e <a class href=\"https:\/\/g1.globo.com\/mundo\/noticia\/2023\/12\/20\/manifestacao-governo-milei-buenos-aires.ghtml\">pol\u00edcia e manifestantes entraram em confronto em Buenos Aires em um protesto contra as medidas de Milei<\/a>. <\/p>\n<p> A ministra Patricia Bullrich criticou as manifesta\u00e7\u00f5es em uma rede social . Ela afirmou que o pa\u00eds n\u00e3o para, s\u00e3o &quot;as m\u00e1fias que param&quot;. <\/p>\n<ul>\n<li>Apesar da paralisa\u00e7\u00e3o, muitos <strong>com\u00e9rcios <\/strong>est\u00e3o funcionando normalmente na capital argentina nesta quarta-feira (24). <\/li>\n<li>Os <strong>bancos <\/strong>atenderam normalmente at\u00e9 o meio-dia, apesar da previs\u00e3o de que n\u00e3o abririam.<\/li>\n<li><strong>\u00d4nibus, trens e metr\u00f4 <\/strong>devem operar at\u00e9 as 19h, e ent\u00e3o parar at\u00e9 \u00e0 meia-noite, para que as pessoas consigam chegar \u00e0s manifesta\u00e7\u00f5es programadas.<\/li>\n<\/ul>\n<p> A paralisa\u00e7\u00e3o dos transportes p\u00fablicos n\u00e3o \u00e9 geral: uma das principais via\u00e7\u00f5es da cidade de Buenos Aires afirmou que seguir\u00e1 funcionando. <\/p>\n<p> A cidade de Buenos Aires n\u00e3o \u00e9 a \u00fanica onde h\u00e1 paralisa\u00e7\u00e3o: h\u00e1 protestos tamb\u00e9m em Mar del Plata e na prov\u00edncia de Misiones. <\/p>\n<p><h2>Governador e manifestante<\/h2>\n<\/p>\n<p> O governador da prov\u00edncia de Buenos Aires, Axel Kicillof, foi ao protesto como manifestante. Kicillof \u00e9 um pol\u00edtico peronista, ele foi ministro de Cristina Kirchner e \u00e9 um advers\u00e1rio do atual governo da Argentina. <\/p>\n<p> Patricia Bullrich, a ministra da Seguran\u00e7a, o criticou por ter iso ao protesto. Ela afirmou que ele deveria fazer cumprir a lei, n\u00e3o a violar. <\/p>\n<p> Trabalhadores do transporte a\u00e9reo tamb\u00e9m aderiram ao movimento, o que causou o cancelamento de voos programados,<a class href=\"https:\/\/g1.globo.com\/turismo-e-viagem\/noticia\/2024\/01\/20\/greve-geral-na-argentina-faz-aereas-brasileiras-cancelarem-voos-para-o-proximo-dia-24.ghtml\"> entre eles 33 voos da Gol e da Latam, o que causa impacto a turistas brasileiros e argentinos.<\/a> Caminhoneiros tamb\u00e9m participam da paralisa\u00e7\u00e3o. <\/p>\n<p>                   <img loading=\"lazy\" decoding=\"async\" class=\"aligncenter size-full wp-image-56738\" src=\"https:\/\/blog.corretoraideal.com.br\/wp-content\/uploads\/2024\/01\/congresso-da-argentina-analisa-pacote-de-ajuste-fiscal-de-milei-com-alteracoes-1.jpeg\" alt=\"Congresso da Argentina analisa pacote de ajuste fiscal de Milei com altera\u00e7\u00f5es\" width=\"800\" height=\"400\" \/>       <\/p>\n<p> Congresso da Argentina analisa pacote de ajuste fiscal de Milei com altera\u00e7\u00f5es <\/p>\n<p><h2>Contra as medidas econ\u00f4micas<\/h2>\n<\/p>\n<p> O objetivo \u00e9 protestar contra o <a class href=\"https:\/\/g1.globo.com\/jornal-nacional\/noticia\/2023\/12\/27\/milei-envia-ao-congresso-decretaco-com-mais-de-600-artigos.ghtml\">&quot;decreta\u00e7o&quot;, uma Medida Provis\u00f3ria que faz diversas modifica\u00e7\u00f5es na economia e nas leis trabalhistas e outros setores<\/a>, e contra a <a class href=\"https:\/\/g1.globo.com\/mundo\/blog\/sandra-cohen\/post\/2023\/12\/28\/lei-onibus-preve-superpoderes-para-milei-ate-o-fim-de-seu-mandato.ghtml\">chamada lei omnibus, projeto de lei prev\u00ea &quot;superpoderes&quot; para Milei e prev\u00ea a privatiza\u00e7\u00e3o de empresas estatais, entre outras quest\u00f5es. <\/a>As duas precisam de aval do Congresso \u2014a diferen\u00e7a \u00e9 que o &quot;decreta\u00e7o&quot;, por ser uma Medida Provis\u00f3ria, j\u00e1 est\u00e1 em vigor. <\/p>\n<p> A Argentina vive uma das piores crise econ\u00f4micas de sua hist\u00f3ria recente: cerca de 40% da popula\u00e7\u00e3o vive na pobreza e a infla\u00e7\u00e3o chegou a 211,4% em 2023, o maior n\u00edvel desde a hiperinfla\u00e7\u00e3o de 1990. O governo Milei, que assumiu em 10 de dezembro, diz que as medidas servem para tentar estabilizar a economia, equilibrar as contas p\u00fablicas e reduzir a infla\u00e7\u00e3o. <\/p>\n<p> Os manifestantes marcharam em dire\u00e7\u00e3o ao Congresso com o objetivo de pressionar os deputados e senadores a n\u00e3o aprovar as leis. <a class href=\"https:\/\/g1.globo.com\/mundo\/noticia\/2024\/01\/20\/do-nao-se-negocia-a-politica-da-vida-real-governo-milei-recua-e-modifica-lei-omnibus-para-convencer-congresso-a-aprova-la.ghtml\">Ao contr\u00e1rio do que planejava inicialmente, o governo Milei tem cedido em alguns pontos para aprovar a lei omnibus.<\/a> <\/p>\n<p> \u00c9 a primeira vez desde 2019 que a CGT promove uma paralisa\u00e7\u00e3o geral \u2014 o \u00faltimo foi no governo de Mauricio Macri, de direita. A CGT n\u00e3o promoveu paralisa\u00e7\u00f5es no governo de Alberto Fernand\u00e9z, de esquerda. <\/p>\n<p><h2>Rea\u00e7\u00e3o do governo Milei<\/h2>\n<\/p>\n<p> O porta-voz do governo de Milei, Manuel Adorni, <strong>disse que a popula\u00e7\u00e3o argentina \u00e9 contra a paralisa\u00e7\u00e3o e que n\u00e3o se sabe ao certo qual \u00e9 a motiva\u00e7\u00e3o dos grevistas.<\/strong> Para ele, a CGT est\u00e1 &quot;do lado errado da hist\u00f3ria&quot; e que nos \u00faltimos anos os trabalhadores perderam liberdade. <\/p>\n<p>&quot;Quem quiser trabalhar deveria poder trabalhar, e quem quiser parar, pode parar, mas sem atrapalhar a vida dos outros&quot;, afirmou ele.<\/p>\n<p> O governo afirmou que vai descontar o pagamento dos funcion\u00e1rios p\u00fablicos que participarem da manifesta\u00e7\u00e3o. Isso n\u00e3o acontecer\u00e1 em todos os lugares; na prov\u00edncia de Buenos Aires, que \u00e9 governada por um pol\u00edtico de esquerda, Axel Kicillof, os trabalhadores do Estado que pararem n\u00e3o ter\u00e3o desconto. Kicillof afirmou que vai respeitar o direito de greve. <\/p>\n<ul> <\/ul>\n<h3> <a id=\"js-next-article-desktop-link\" class=\"next-article-desktop-link\"><\/a> <\/h3>\n<h3> <a id=\"js-next-article-smart-link\" class=\"next-article-smart-link\"><\/a> <\/h3>\n<p>Veja tamb\u00e9m<\/p>\n<\/p>\n<\/p>\n<p>       Anterior   Pr\u00f3ximo     <\/p>\n","protected":false},"excerpt":{"rendered":"<p>Milei enfrenta paralisa\u00e7\u00e3o geral na Argentina; pol\u00edcia tenta proibir bloqueio de vias Ato convocado pela maior central sindical do pa\u00eds tem ades\u00e3o de funcion\u00e1rios de bancos, com\u00e9rcio e caminhoneiros. Porta-voz presidencial disse que protesto causa preju\u00edzo financeiro para &#039;muit\u00edssimos argentinos&#039;. Por g1 24\/01\/2024 13h17 Atualizado 24\/01\/2024 Milei enfrenta primeira greve geral na Argentina A primeira [&hellip;]<\/p>\n","protected":false},"author":1,"featured_media":0,"comment_status":"closed","ping_status":"closed","sticky":false,"template":"","format":"standard","meta":{"footnotes":""},"categories":[],"tags":[],"class_list":["post-56735","post","type-post","status-publish","format-standard","hentry"],"_links":{"self":[{"href":"https:\/\/blog.corretoraideal.com.br\/index.php\/wp-json\/wp\/v2\/posts\/56735","targetHints":{"allow":["GET"]}}],"collection":[{"href":"https:\/\/blog.corretoraideal.com.br\/index.php\/wp-json\/wp\/v2\/posts"}],"about":[{"href":"https:\/\/blog.corretoraideal.com.br\/index.php\/wp-json\/wp\/v2\/types\/post"}],"author":[{"embeddable":true,"href":"https:\/\/blog.corretoraideal.com.br\/index.php\/wp-json\/wp\/v2\/users\/1"}],"replies":[{"embeddable":true,"href":"https:\/\/blog.corretoraideal.com.br\/index.php\/wp-json\/wp\/v2\/comments?post=56735"}],"version-history":[{"count":1,"href":"https:\/\/blog.corretoraideal.com.br\/index.php\/wp-json\/wp\/v2\/posts\/56735\/revisions"}],"predecessor-version":[{"id":56739,"href":"https:\/\/blog.corretoraideal.com.br\/index.php\/wp-json\/wp\/v2\/posts\/56735\/revisions\/56739"}],"wp:attachment":[{"href":"https:\/\/blog.corretoraideal.com.br\/index.php\/wp-json\/wp\/v2\/media?parent=56735"}],"wp:term":[{"taxonomy":"category","embeddable":true,"href":"https:\/\/blog.corretoraideal.com.br\/index.php\/wp-json\/wp\/v2\/categories?post=56735"},{"taxonomy":"post_tag","embeddable":true,"href":"https:\/\/blog.corretoraideal.com.br\/index.php\/wp-json\/wp\/v2\/tags?post=56735"}],"curies":[{"name":"wp","href":"https:\/\/api.w.org\/{rel}","templated":true}]}}