{"id":56740,"date":"2024-01-24T20:29:35","date_gmt":"2024-01-24T20:29:35","guid":{"rendered":"https:\/\/blog.corretoraideal.com.br\/?p=56740"},"modified":"2024-01-24T20:29:35","modified_gmt":"2024-01-24T20:29:35","slug":"como-organizar-as-ideias-e-as-financas-para-comecar-a-empreender-educacao-financeira-g1","status":"publish","type":"post","link":"https:\/\/blog.corretoraideal.com.br\/index.php\/2024\/01\/24\/como-organizar-as-ideias-e-as-financas-para-comecar-a-empreender-educacao-financeira-g1\/","title":{"rendered":"Como organizar as ideias e as finan\u00e7as para come\u00e7ar a empreender | Educa\u00e7\u00e3o Financeira | G1"},"content":{"rendered":"<br \/>\n<h1>Como organizar as ideias e as finan\u00e7as para come\u00e7ar a empreender<\/h1>\n<h2>Podcast Educa\u00e7\u00e3o Financeira conversou com empreendedores para entender como a falta de um produto ou servi\u00e7o inspirou as ideias de suas empresas. Especialistas d\u00e1 dicas para que novos empreendedores n\u00e3o errem logo no in\u00edcio da jornada.<\/h2>\n<p> Por <a class=\"multi_signatures\" href=\"https:\/\/g1.globo.com\/autores\/bruna-miato\/\">Bruna Miato<\/a>, g1 <\/p>\n<p>  24\/01\/2024 05h03    Atualizado  24\/01\/2024    <\/p>\n<p>                   1 de 3&#013;Bebida que muda de cor da We Drink Lilac \u2014 Foto: Reprodu\u00e7\u00e3o\/Instagram    <\/p>\n<p> Bebida que muda de cor da We Drink Lilac \u2014 Foto: Reprodu\u00e7\u00e3o\/Instagram <\/p>\n<p> S\u00f3 no ano passado, cerca de <strong>3,8 milh\u00f5es de empresas foram abertas no pa\u00eds,<\/strong> segundo dados do Mapa das Empresas, do governo federal. Com tantos empres\u00e1rios tentando navegar em novos neg\u00f3cios, um dos desafios que mais trava o processo \u00e9 pensar em como atacar uma lacuna que ainda n\u00e3o foi preenchida no mercado. <\/p>\n<p> Para Fernanda Konradt, consultora do Centelha, um programa do Minist\u00e9rio da Ci\u00eancia, Tecnologia e Inova\u00e7\u00e3o para a promo\u00e7\u00e3o do empreendedorismo no Brasil, uma das principais virtudes que destaca os bons empres\u00e1rios \u00e9 o olhar atento aos problemas \u00e0 sua volta. <\/p>\n<p>&quot;Para abrir seu pr\u00f3prio neg\u00f3cio, a pessoa precisa primeiro identificar um problema que precisa ser resolvido \u2014 e a gente sabe que, tanto no pa\u00eds quanto no mundo todo, problemas n\u00e3o faltam&quot;, comenta.<\/p>\n<p> Nesta semana, o podcast <strong>Educa\u00e7\u00e3o Financeira<\/strong> conversou com empreendedores que pudessem demonstrar esse conceito: como a falta de um produto ou servi\u00e7o fez com que as ideias de suas empresas nascessem. <\/p>\n<p> O epis\u00f3dio traz as origens de uma marca de bebias alco\u00f3licas com sabores focados no paladar feminino, uma empresa de absorventes org\u00e2nicos e um hospital veterin\u00e1rio com estrutura especial para maior privacidade aos tutores no cuidado com seus animais. <strong>Ou\u00e7a abaixo.<\/strong> <\/p>\n<p> <strong>Nesta reportagem, os ensinamentos ser\u00e3o aprofundados e servir\u00e3o para nortear quem quer seguir o mesmo caminho. Ser\u00e3o demonstradas as formas que os empres\u00e1rios puderam:<\/strong> <\/p>\n<ul>\n<li>? Identificar o problema;<\/li>\n<li>? Pensar em solu\u00e7\u00f5es inovadoras;<\/li>\n<li>?\u200d? Buscar especialistas;<\/li>\n<li>? Testar a viabilidade do neg\u00f3cio.<\/li>\n<\/ul>\n<p>                   <img loading=\"lazy\" decoding=\"async\" class=\"aligncenter size-full wp-image-56742\" src=\"https:\/\/blog.corretoraideal.com.br\/wp-content\/uploads\/2024\/01\/como-organizar-as-ideias-e-as-financas-para-comecar-a-empreender-1.jpeg\" alt=\"Como organizar as ideias e as finan\u00e7as para come\u00e7ar a empreender\" width=\"800\" height=\"400\" \/>       <\/p>\n<p> Como organizar as ideias e as finan\u00e7as para come\u00e7ar a empreender <\/p>\n<p><h2>? Identificando o problema<\/h2>\n<\/p>\n<p> A empresa de absorventes org\u00e2nicos amai nasceu de desabafos entre as amigas Luri Minami e Erika Tomi. Luri sentia desconfortos durante a menstrua\u00e7\u00e3o por conta dos absorventes, e a dupla observou que isso poderia ser uma rea\u00e7\u00e3o al\u00e9rgica que atingia outras mulheres. <\/p>\n<p> Ent\u00e3o, Luri e Erika expandiram as conversas e descobriram que muitas mulheres relatavam os mesmos desconfortos. A ideia foi desenvolver um absorvente com produtos e mat\u00e9rias-primas mais naturais. <\/p>\n<p>         2 de 3&#013;Erika e Luri, s\u00f3cias e fundadoras da amai \u2014 Foto: Reprodu\u00e7\u00e3o\/Instagram    <\/p>\n<p> Erika e Luri, s\u00f3cias e fundadoras da amai \u2014 Foto: Reprodu\u00e7\u00e3o\/Instagram <\/p>\n<p> Tamb\u00e9m foi por uma dor que surgiu o projeto do hospital veterin\u00e1rio AmarVets. O empres\u00e1rio Cesar Rosa precisou internar sua cachorra em uma cl\u00ednica que n\u00e3o tinha espa\u00e7os reservados de interna\u00e7\u00e3o para cada paciente. O ambiente juntava tanto os que estavam se recuperando, quanto os que pioravam. <\/p>\n<p> Pensando na ang\u00fastia dos tutores, resolveu criar um hospital com atendimento e estruturas individualizados, com a possibilidade, inclusive, do dono passar a noite com o animal no espa\u00e7o. <\/p>\n<p> J\u00e1 Deise Reis, Ellen Bernardi e Ivana Rebeschini faziam parte de um workshop de mulheres que apreciavam drinks, e perceberam que o mercado ainda n\u00e3o tinha nenhuma bebida focada no paladar feminino. Criaram, ent\u00e3o, a marca de bebidas We Drink Lilac, com p\u00fablico-alvo bem definido. <\/p>\n<p> S\u00e3o tr\u00eas exemplos pr\u00e1ticos do que Fernanda Konradt, do Centelha, explica: <strong>as lacunas para empreender est\u00e3o no dia a dia e \u00e9 necess\u00e1rio um olhar atento para perceber as oportunidades.<\/strong> <\/p>\n<p><h2>? Pensando em solu\u00e7\u00f5es inovadoras<\/h2>\n<\/p>\n<p> A partir do momento em que o problema \u00e9 identificado, o pr\u00f3ximo passo \u00e9 pensar uma solu\u00e7\u00e3o. Uma boa solu\u00e7\u00e3o \u00e9 ir para a rua e conversar com as pessoas que enfrentam o mesmo desafio. <\/p>\n<p> O Cesar, da AmarVets, conta que, enquanto sua cachorra estava internada, ele passou a frequentar a cl\u00ednica todos os dias para ouvir as conversas dos corredores, al\u00e9m de conversar com clientes e funcion\u00e1rios. <\/p>\n<p> Trata-se de uma pesquisa de campo, para entender o que podia ser melhorado no atendimento, o que seria um diferencial competitivo etc. Assim, ele percebeu que esse \u00e9 um mercado que movimenta bastante dinheiro, e que havia espa\u00e7o para que os clientes pagassem um pouco mais caro para ter uma experi\u00eancia mais personalizada. <\/p>\n<p>         3 de 3&#013;Su\u00edte para tutores passarem a noite com o cachorro na AmarVets \u2014 Foto: Divulga\u00e7\u00e3o\/AmarVets    <\/p>\n<p> Su\u00edte para tutores passarem a noite com o cachorro na AmarVets \u2014 Foto: Divulga\u00e7\u00e3o\/AmarVets <\/p>\n<p> Outra alternativa \u00e9 a famosa &quot;tentativa e erro&quot;, caso das s\u00f3cias da We Drink Lilac. Al\u00e9m de desenvolverem uma bebida espec\u00edfica para mulheres, elas buscaram uma forma de desenvolver uma bebida que mudasse de cor como um diferencial de inova\u00e7\u00e3o. <\/p>\n<p> A primeira ideia era promover a mudan\u00e7a de cor ao adicionar gin ou espumante. Enviaram a experi\u00eancia para as mulheres que participavam do workshop de drinks e, com os feedbacks, foram aperfei\u00e7oando o produto. <\/p>\n<p> J\u00e1 as fundadoras da amai recorreram \u00e0s redes sociais para conseguir colher a opini\u00e3o do p\u00fablico. Elas fizeram um post patrocinado nas redes, direcionado para mulheres em idade menstrual, perguntando se sentiam incomodo durante a menstrua\u00e7\u00e3o. <\/p>\n<p> As mulheres que respondiam que sim eram direcionadas para um question\u00e1rio, onde deixavam um n\u00famero de telefone para contato. Ent\u00e3o, as s\u00f3cias faziam as liga\u00e7\u00f5es, levantando todos os pontos de desconforto e como podiam aliviar os sintomas. <\/p>\n<p> Fernanda Konradt, do Centelha, destaca que conversar com os poss\u00edveis consumidores do produto ou servi\u00e7o \u00e9 importante, mas <strong>observar e analisar o comportamento das pessoas em rela\u00e7\u00e3o ao problema \u00e9 ainda mais relevante.<\/strong> <\/p>\n<p> A especialista comenta que, muitas vezes, o entrevistado nem sabe o que precisa, pois a solu\u00e7\u00e3o ainda n\u00e3o foi criada. <\/p>\n<p>&quot;Tem uma frase superfamosa do Ford que disse &#x27;se eu fosse perguntar para os meus clientes o que que eles queriam, eles diriam que queriam cavalos mais r\u00e1pidos&#x27;. Ent\u00e3o, ele teve que desenvolver um outro produto, uma outra solu\u00e7\u00e3o&quot;, diz Fernanda.<\/p>\n<p><h2>?\u200d? Buscando especialistas<\/h2>\n<\/p>\n<p> Mais uma dica importante de Fernanda Konradt, do Centelha, \u00e9 que o empreendedor entenda desde o in\u00edcio que n\u00e3o pode fazer tudo sozinho, justamente por n\u00e3o dominar todas as \u00e1reas que envolvem um neg\u00f3cio. <\/p>\n<p> Buscar a opini\u00e3o e o conhecimento de especialistas de outras \u00e1reas \u00e9 uma tarefa que pode fazer toda a diferen\u00e7a para a estrutura\u00e7\u00e3o e a viabiliza\u00e7\u00e3o do projeto. <\/p>\n<p> Cesar, da AmarVets, j\u00e1 \u00e9 um empres\u00e1rio experiente, mas <strong>precisou encontrar uma m\u00e9dica veterin\u00e1ria em que confiasse para entender as peculiaridades desse mercado<\/strong> e os conhecimentos t\u00e9cnicos do projeto. <\/p>\n<p> Essa busca por especialistas n\u00e3o precisa envolver muitos gastos. As s\u00f3cias da amai, que n\u00e3o tinham experi\u00eancia alguma com a produ\u00e7\u00e3o de absorventes, <strong>buscavam os produtores dessa \u00e1rea pelo LinkedIn e marcavam conversas informais com eles para aprender.<\/strong> S\u00f3 depois de meses de pesquisa que produziram a primeira leva do produto. <\/p>\n<p><h2>? Testando a viabilidade<\/h2>\n<\/p>\n<p> Por fim, um consenso entre todos os entrevistados \u00e9 que n\u00e3o tem como tirar uma ideia de neg\u00f3cio do papel sem antes testar sua viabilidade financeira. <\/p>\n<p> No caso da We Drink Lilac, o pr\u00f3prio processo de tentativa e erro j\u00e1 foi capaz de mostrar quais cuidados tomar. Ao produzir poucas unidades para um p\u00fablico espec\u00edfico, as fundadoras da empresa puderam entender o n\u00edvel de aceita\u00e7\u00e3o da bebida e aumentaram a produ\u00e7\u00e3o aos poucos. <\/p>\n<p> Com a amai o processo foi um pouco mais lento, porque n\u00e3o havia como produzir menos que um lote inteiro dos absorventes org\u00e2nicos. As s\u00f3cias contam que o investimento inicial foi de R$ 400 mil e, por isso, pesquisaram muito entre as poss\u00edveis compradoras para definir um pre\u00e7o de venda e tomar a decis\u00e3o de investir. <\/p>\n<p> Fernanda, do programa Centelha, explica que \u00e9 s\u00f3 com essas pesquisas que se consegue entender a viabilidade do projeto, mas destaca que ainda \u00e9 poss\u00edvel buscar incentivo de programas de apoio ao empreendedorismo, como o pr\u00f3prio Centelha, para receber uma ajuda financeira para tirar a ideia do papel. <\/p>\n<p> Para isso, os outros pontos destacados at\u00e9 aqui precisam estar muito bem trabalhados e conectados, a fim de que o potencial investidor consiga enxergar valor no neg\u00f3cio. <\/p>\n<ul>\n<li><strong>OU\u00c7A TAMB\u00c9M:<\/strong> <a class href=\"https:\/\/g1.globo.com\/podcast\/educacao-financeira\/noticia\/2023\/08\/14\/educacao-financeira-258-quer-largar-tudo-para-comecar-a-empreender-ouca-dicas-de-como-se-organizar-financeiramente.ghtml\">Quer largar tudo para come\u00e7ar a empreender? Ou\u00e7a dicas de como se organizar financeiramente<\/a><\/li>\n<\/ul>\n<ul> <\/ul>\n<h3> <a id=\"js-next-article-desktop-link\" class=\"next-article-desktop-link\"><\/a> <\/h3>\n<h3> <a id=\"js-next-article-smart-link\" class=\"next-article-smart-link\"><\/a> <\/h3>\n<p>Veja tamb\u00e9m<\/p>\n<\/p>\n<\/p>\n<p>       Anterior   Pr\u00f3ximo     <\/p>\n","protected":false},"excerpt":{"rendered":"<p>Como organizar as ideias e as finan\u00e7as para come\u00e7ar a empreender Podcast Educa\u00e7\u00e3o Financeira conversou com empreendedores para entender como a falta de um produto ou servi\u00e7o inspirou as ideias de suas empresas. Especialistas d\u00e1 dicas para que novos empreendedores n\u00e3o errem logo no in\u00edcio da jornada. Por Bruna Miato, g1 24\/01\/2024 05h03 Atualizado 24\/01\/2024 [&hellip;]<\/p>\n","protected":false},"author":1,"featured_media":0,"comment_status":"closed","ping_status":"closed","sticky":false,"template":"","format":"standard","meta":{"footnotes":""},"categories":[],"tags":[],"class_list":["post-56740","post","type-post","status-publish","format-standard","hentry"],"_links":{"self":[{"href":"https:\/\/blog.corretoraideal.com.br\/index.php\/wp-json\/wp\/v2\/posts\/56740","targetHints":{"allow":["GET"]}}],"collection":[{"href":"https:\/\/blog.corretoraideal.com.br\/index.php\/wp-json\/wp\/v2\/posts"}],"about":[{"href":"https:\/\/blog.corretoraideal.com.br\/index.php\/wp-json\/wp\/v2\/types\/post"}],"author":[{"embeddable":true,"href":"https:\/\/blog.corretoraideal.com.br\/index.php\/wp-json\/wp\/v2\/users\/1"}],"replies":[{"embeddable":true,"href":"https:\/\/blog.corretoraideal.com.br\/index.php\/wp-json\/wp\/v2\/comments?post=56740"}],"version-history":[{"count":1,"href":"https:\/\/blog.corretoraideal.com.br\/index.php\/wp-json\/wp\/v2\/posts\/56740\/revisions"}],"predecessor-version":[{"id":56743,"href":"https:\/\/blog.corretoraideal.com.br\/index.php\/wp-json\/wp\/v2\/posts\/56740\/revisions\/56743"}],"wp:attachment":[{"href":"https:\/\/blog.corretoraideal.com.br\/index.php\/wp-json\/wp\/v2\/media?parent=56740"}],"wp:term":[{"taxonomy":"category","embeddable":true,"href":"https:\/\/blog.corretoraideal.com.br\/index.php\/wp-json\/wp\/v2\/categories?post=56740"},{"taxonomy":"post_tag","embeddable":true,"href":"https:\/\/blog.corretoraideal.com.br\/index.php\/wp-json\/wp\/v2\/tags?post=56740"}],"curies":[{"name":"wp","href":"https:\/\/api.w.org\/{rel}","templated":true}]}}