{"id":56749,"date":"2024-01-24T23:29:39","date_gmt":"2024-01-24T23:29:39","guid":{"rendered":"https:\/\/blog.corretoraideal.com.br\/?p=56749"},"modified":"2024-01-24T23:29:39","modified_gmt":"2024-01-24T23:29:39","slug":"janeiro-branco-saude-mental-sera-tema-de-blitz-educativa-em-sao-joao-da-barra-nesta-sexta-norte-fluminense-g1","status":"publish","type":"post","link":"https:\/\/blog.corretoraideal.com.br\/index.php\/2024\/01\/24\/janeiro-branco-saude-mental-sera-tema-de-blitz-educativa-em-sao-joao-da-barra-nesta-sexta-norte-fluminense-g1\/","title":{"rendered":"&#039;Janeiro Branco&#039;: Sa\u00fade mental ser\u00e1 tema de blitz educativa em S\u00e3o Jo\u00e3o da Barra nesta sexta | Norte Fluminense | G1"},"content":{"rendered":"<br \/>\n<h1>&#039;Janeiro Branco&#039;: Sa\u00fade mental ser\u00e1 tema de blitz educativa em S\u00e3o Jo\u00e3o da Barra nesta sexta<\/h1>\n<h2>Evento ocorrer\u00e1 \u00e0s 17h na Avenida Atl\u00e2ntica, em frente ao Polo Gastron\u00f4mico de Grussa\u00ed.<\/h2>\n<p> Por g1 &mdash; Norte Fluminense <\/p>\n<p>  24\/01\/2024 15h27    Atualizado  24\/01\/2024    <\/p>\n<p>                      1 de 1&#013;Blitz Educatica sobre Sa\u00fade Mental ser\u00e1 na Avenida Atl\u00e2ntica, em Grussa\u00ed, em frente ao Polo Gastron\u00f4mico de S\u00e3o Jo\u00e3o da Barra \u2014 Foto: Prefeitura de S\u00e3o Jo\u00e3o da Barra\/Divulga\u00e7\u00e3o    <\/p>\n<p> Blitz Educatica sobre Sa\u00fade Mental ser\u00e1 na Avenida Atl\u00e2ntica, em Grussa\u00ed, em frente ao Polo Gastron\u00f4mico de S\u00e3o Jo\u00e3o da Barra \u2014 Foto: Prefeitura de S\u00e3o Jo\u00e3o da Barra\/Divulga\u00e7\u00e3o <\/p>\n<p> Uma blitz educativa ser\u00e1 realizada nesta sexta-feira (26) em <a class href=\"https:\/\/g1.globo.com\/rj\/norte-fluminense\/cidade\/sao-joao-da-barra\/\">S\u00e3o Jo\u00e3o da Barra<\/a>, no Norte Fluminense, como parte da campanha \u201cJaneiro Branco\u201d, que levar\u00e1 aos moradores orienta\u00e7\u00f5es sobre os cuidados com a sa\u00fade mental. <\/p>\n<p> A a\u00e7\u00e3o, realizada pela Secretaria Municipal de Sa\u00fade, vai ocorrer \u00e0s 17h na Avenida Atl\u00e2ntica, em frente ao Polo Gastron\u00f4mico de Grussa\u00ed. Por meio do evento, os participantes tamb\u00e9m recebem informa\u00e7\u00f5es sobre h\u00e1bitos saud\u00e1veis que ajudam a melhor a qualidade de vida. <\/p>\n<p> No local haver\u00e1 a distribui\u00e7\u00e3o de adesivos voltados para a campanha. <\/p>\n<p> \u201cA ideia \u00e9 pensar janeiro como o momento de escrever uma nova hist\u00f3ria, priorizando o cuidado com a nossa sa\u00fade mental e, tamb\u00e9m, com os que convivem conosco\u201d, explicou o subsecret\u00e1rio municipal de Sa\u00fade, Pedro Bastos. <\/p>\n<p> Psic\u00f3loga do Centro de Aten\u00e7\u00e3o Psicossocial (Caps), Priscila Paes explica que \u201c\u00e9 preciso entender que cuidar da sa\u00fade mental perpassa o bem-estar f\u00edsico por aprendermos a manejar situa\u00e7\u00f5es de estresse e conflitos, al\u00e9m da import\u00e2ncia de vivenciarmos momentos que favore\u00e7am o fortalecimento de v\u00ednculos sociais e comunit\u00e1rios\u201d. <\/p>\n<p> A Prefeitura j\u00e1 abordou a sa\u00fade mental em outras a\u00e7\u00f5es ao longo do m\u00eas de janeiro, como palestras e rodas de conversa em unidades de sa\u00fade. Na pr\u00f3xima sexta-feira a roda de conversa ser\u00e1 na Estrat\u00e9gia de Sa\u00fade da Fam\u00edlia (ESF) A\u00e7u, \u00e0s 9h. <\/p>\n<p> \u201c\u00c9 fundamental o munic\u00edpio viabilizar a\u00e7\u00f5es como essas de cuidado, de autoconhecimento e de promo\u00e7\u00e3o de bem-estar emocional, principalmente depois de termos vivenciado a pandemia nos anos anteriores\u201d, avaliou a coordenadora municipal de Sa\u00fade Mental, V\u00e2nia Maria. <\/p>\n<p> De acordo com a coordenadora, somente em 2023 o munic\u00edpio realizou 25.428 atendimentos com psic\u00f3logos e 25.932 com psiquiatras. <\/p>\n<p><h2>Atendimentos<\/h2>\n<\/p>\n<p> Os atendimentos psicol\u00f3gicos e psiqui\u00e1tricos s\u00e3o realizados no Ambulat\u00f3rio Ampliado (Rua Professor Alu\u00edzio Faria, n\u00ba 184, Centro) e Caps-1 (Rua Helo\u00edsa de Souza Machado, n\u00ba 15, Chatuba), ambos localizados na sede do munic\u00edpio, e nas unidades de ESF de Barcelos, Grussa\u00ed, Mato Escuro, A\u00e7u, Campo de Areia, Atafona e Palacete. <\/p>\n<p> Al\u00e9m dessas, a Unidade B\u00e1sica de Sa\u00fade (UBS) de Palacete presta atendimento psicol\u00f3gico. <\/p>\n<p> &quot;As demandas s\u00e3o feitas de forma espont\u00e2nea ou por encaminhamento de m\u00e9dicos da rede, judicial, Conselho Tutelar, escolar, assist\u00eancia social, entre outros&quot;, explica o munic\u00edpio. <\/p>\n<ul>\n<li> <a href=\"https:\/\/g1.globo.com\/rj\/norte-fluminense\/cidade\/sao-joao-da-barra\/\" class=\"entities__list-itemLink\" data-track-click=\"S\u00e3o Jo\u00e3o da Barra\"> S\u00e3o Jo\u00e3o da Barra <\/a> <\/li>\n<\/ul>\n<h3> <a id=\"js-next-article-desktop-link\" class=\"next-article-desktop-link\"><\/a> <\/h3>\n<h3> <a id=\"js-next-article-smart-link\" class=\"next-article-smart-link\"><\/a> <\/h3>\n<p>Veja tamb\u00e9m<\/p>\n<\/p>\n<\/p>\n<p>       Anterior   Pr\u00f3ximo     <\/p>\n","protected":false},"excerpt":{"rendered":"<p>&#039;Janeiro Branco&#039;: Sa\u00fade mental ser\u00e1 tema de blitz educativa em S\u00e3o Jo\u00e3o da Barra nesta sexta Evento ocorrer\u00e1 \u00e0s 17h na Avenida Atl\u00e2ntica, em frente ao Polo Gastron\u00f4mico de Grussa\u00ed. Por g1 &mdash; Norte Fluminense 24\/01\/2024 15h27 Atualizado 24\/01\/2024 1 de 1&#013;Blitz Educatica sobre Sa\u00fade Mental ser\u00e1 na Avenida Atl\u00e2ntica, em Grussa\u00ed, em frente ao [&hellip;]<\/p>\n","protected":false},"author":1,"featured_media":0,"comment_status":"closed","ping_status":"closed","sticky":false,"template":"","format":"standard","meta":{"footnotes":""},"categories":[],"tags":[],"class_list":["post-56749","post","type-post","status-publish","format-standard","hentry"],"_links":{"self":[{"href":"https:\/\/blog.corretoraideal.com.br\/index.php\/wp-json\/wp\/v2\/posts\/56749","targetHints":{"allow":["GET"]}}],"collection":[{"href":"https:\/\/blog.corretoraideal.com.br\/index.php\/wp-json\/wp\/v2\/posts"}],"about":[{"href":"https:\/\/blog.corretoraideal.com.br\/index.php\/wp-json\/wp\/v2\/types\/post"}],"author":[{"embeddable":true,"href":"https:\/\/blog.corretoraideal.com.br\/index.php\/wp-json\/wp\/v2\/users\/1"}],"replies":[{"embeddable":true,"href":"https:\/\/blog.corretoraideal.com.br\/index.php\/wp-json\/wp\/v2\/comments?post=56749"}],"version-history":[{"count":1,"href":"https:\/\/blog.corretoraideal.com.br\/index.php\/wp-json\/wp\/v2\/posts\/56749\/revisions"}],"predecessor-version":[{"id":56751,"href":"https:\/\/blog.corretoraideal.com.br\/index.php\/wp-json\/wp\/v2\/posts\/56749\/revisions\/56751"}],"wp:attachment":[{"href":"https:\/\/blog.corretoraideal.com.br\/index.php\/wp-json\/wp\/v2\/media?parent=56749"}],"wp:term":[{"taxonomy":"category","embeddable":true,"href":"https:\/\/blog.corretoraideal.com.br\/index.php\/wp-json\/wp\/v2\/categories?post=56749"},{"taxonomy":"post_tag","embeddable":true,"href":"https:\/\/blog.corretoraideal.com.br\/index.php\/wp-json\/wp\/v2\/tags?post=56749"}],"curies":[{"name":"wp","href":"https:\/\/api.w.org\/{rel}","templated":true}]}}