{"id":56752,"date":"2024-01-25T00:29:36","date_gmt":"2024-01-25T00:29:36","guid":{"rendered":"https:\/\/blog.corretoraideal.com.br\/?p=56752"},"modified":"2024-01-25T00:29:36","modified_gmt":"2024-01-25T00:29:36","slug":"ministro-diz-que-programa-de-passagens-aereas-mais-baratas-comeca-no-dia-5-politica-g1","status":"publish","type":"post","link":"https:\/\/blog.corretoraideal.com.br\/index.php\/2024\/01\/25\/ministro-diz-que-programa-de-passagens-aereas-mais-baratas-comeca-no-dia-5-politica-g1\/","title":{"rendered":"Ministro diz que programa de passagens a\u00e9reas mais baratas come\u00e7a no dia 5 | Pol\u00edtica | G1"},"content":{"rendered":"<br \/>\n<h1>Ministro diz que programa de passagens a\u00e9reas mais baratas come\u00e7a no dia 5<\/h1>\n<h2>S\u00edlvio Costa Filho, dos Portos e Aeroportos, deu entrevista ap\u00f3s reuni\u00e3o com o presidente Lula no Pal\u00e1cio do Planalto. Ele tamb\u00e9m afirmou que o governo desenha um fundo de cerca de R% bilh\u00f5es para auxiliar o setor a\u00e9reo. <\/h2>\n<p> Por <a class=\"multi_signatures\" href=\"https:\/\/g1.globo.com\/autores\/pedro-henrique-gomes\/\">Pedro Henrique Gomes<\/a>, g1 &mdash; Bras\u00edlia <\/p>\n<p>  24\/01\/2024 19h07    Atualizado  24\/01\/2024    <\/p>\n<ul>\n<li>\n<p> O ministro de Portos e Aeroportos, Silvio Costa Filho, anunciou que o programa Voa Brasil, visando passagens a\u00e9reas mais baratas, deve come\u00e7ar em 5 de fevereiro, ap\u00f3s reuni\u00e3o com o presidente Lula. <\/p>\n<\/li>\n<li>\n<p> O Voa Brasil, anunciado desde o ano passado, pretende oferecer passagens a R$ 200 para setores espec\u00edficos da sociedade, com limite na quantidade de passagens a serem adquiridas nesse valor. <\/p>\n<\/li>\n<li>\n<p> Detalhes espec\u00edficos sobre as condi\u00e7\u00f5es do programa a partir de 5 de fevereiro n\u00e3o foram fornecidos pelo ministro. <\/p>\n<\/li>\n<li>\n<p> Silvio Costa Filho informou que discutiu com Lula um socorro financeiro para as empresas a\u00e9reas, com a cria\u00e7\u00e3o de um fundo em torno de R$ 5 bilh\u00f5es, contando com a participa\u00e7\u00e3o do BNDES. <\/p>\n<\/li>\n<li>\n<p> O fundo, em desenvolvimento com o Minist\u00e9rio da Fazenda e o BNDES, busca oferecer cr\u00e9dito \u00e0s empresas a\u00e9reas para refinanciamento de d\u00edvidas, investimentos em manuten\u00e7\u00e3o e aquisi\u00e7\u00e3o de novas aeronaves. <\/p>\n<\/li>\n<li>\n<p> O ministro destacou a inten\u00e7\u00e3o de baratear o querosene de avia\u00e7\u00e3o em discuss\u00f5es com as companhias a\u00e9reas e a Petrobras para estimular o setor. <\/p>\n<\/li>\n<li>\n<p> Em 10 dias, est\u00e1 prevista a apresenta\u00e7\u00e3o do fundo de financiamento da avia\u00e7\u00e3o brasileira ao pa\u00eds, com uma estimativa de R$ 4 a R$ 6 bilh\u00f5es para apoiar as companhias a\u00e9reas. <\/p>\n<\/li>\n<li>\n<p> Costa Filho ressaltou que, em 2023, j\u00e1 ocorreu uma redu\u00e7\u00e3o no pre\u00e7o do querosene de avia\u00e7\u00e3o, mas destacou a necessidade de avan\u00e7ar ainda mais nesse aspecto. <\/p>\n<\/li>\n<\/ul>\n<p> O ministro de Portos e Aeroportos, Silvio Costa Filho, anunciou que o programa Voa Brasil, visando passagens a\u00e9reas mais baratas, deve come\u00e7ar em 5 de fevereiro, ap\u00f3s reuni\u00e3o com o presidente Lula. <\/p>\n<p> O Voa Brasil, anunciado desde o ano passado, pretende oferecer passagens a R$ 200 para setores espec\u00edficos da sociedade, com limite na quantidade de passagens a serem adquiridas nesse valor. <\/p>\n<p> Detalhes espec\u00edficos sobre as condi\u00e7\u00f5es do programa a partir de 5 de fevereiro n\u00e3o foram fornecidos pelo ministro. <\/p>\n<p> Silvio Costa Filho informou que discutiu com Lula um socorro financeiro para as empresas a\u00e9reas, com a cria\u00e7\u00e3o de um fundo em torno de R$ 5 bilh\u00f5es, contando com a participa\u00e7\u00e3o do BNDES. <\/p>\n<p> O fundo, em desenvolvimento com o Minist\u00e9rio da Fazenda e o BNDES, busca oferecer cr\u00e9dito \u00e0s empresas a\u00e9reas para refinanciamento de d\u00edvidas, investimentos em manuten\u00e7\u00e3o e aquisi\u00e7\u00e3o de novas aeronaves. <\/p>\n<p> O ministro destacou a inten\u00e7\u00e3o de baratear o querosene de avia\u00e7\u00e3o em discuss\u00f5es com as companhias a\u00e9reas e a Petrobras para estimular o setor. <\/p>\n<p> Em 10 dias, est\u00e1 prevista a apresenta\u00e7\u00e3o do fundo de financiamento da avia\u00e7\u00e3o brasileira ao pa\u00eds, com uma estimativa de R$ 4 a R$ 6 bilh\u00f5es para apoiar as companhias a\u00e9reas. <\/p>\n<p> Costa Filho ressaltou que, em 2023, j\u00e1 ocorreu uma redu\u00e7\u00e3o no pre\u00e7o do querosene de avia\u00e7\u00e3o, mas destacou a necessidade de avan\u00e7ar ainda mais nesse aspecto. <\/p>\n<p> O ministro de Portos e Aeroportos, Silvio Costa Filho, afirmou nesta quarta-feira (24) que o programa Voa Brasil, que prev\u00ea passagens a\u00e9reas mais baratas, deve come\u00e7ar no dia 5 de fevereiro. <\/p>\n<p> &quot;O Voa Brasil ser\u00e1 anunciado dia 5 de fevereiro pelo presidente da Rep\u00fablica. Passa a valer dia 5 de fevereiro&quot;, afirmou o ministro ap\u00f3s reuni\u00e3o com o presidente <a class href=\"https:\/\/g1.globo.com\/politica\/politico\/lula\/\">Lula<\/a> no Pal\u00e1cio do Planalto. <\/p>\n<p> <a class href=\"https:\/\/g1.globo.com\/politica\/noticia\/2023\/12\/18\/prometido-para-este-ano-voa-brasil-so-sera-anunciado-em-2024-diz-ministro-dos-portos-e-aeroportos.ghtml\">O Voa Brasil vem sendo anunciado<\/a> pelo governo desde o ano passado, mas ainda n\u00e3o saiu do papel. <\/p>\n<p> Pelo que o governo j\u00e1 falou at\u00e9 aqui, o programa dever\u00e1 oferecer passagens a R$ 200 para setores da sociedade. Haver\u00e1 um limite para a quantidade de passagens que poder\u00e3o ser compradas com esse valor. <\/p>\n<p> O ministro n\u00e3o deu mais detalhes do que passar\u00e1 a valer a partir do dia 5. Em declara\u00e7\u00f5es anteriores, havia dito que as pessoas j\u00e1 poderiam comprar passagens pelo programa no mesmo dia em que o Voa Brasil fosse anunciado pelo presidente Lula. <\/p>\n<p>                   <img loading=\"lazy\" decoding=\"async\" class=\"aligncenter size-full wp-image-56754\" src=\"https:\/\/blog.corretoraideal.com.br\/wp-content\/uploads\/2024\/01\/empresas-aereas-decolam-e-voltam-ao-patamar-pre-pandemia-mas-preco-das-passagens-sobe-1.jpeg\" alt=\"Empresas a\u00e9reas decolam e voltam ao patamar pr\u00e9 pandemia, mas pre\u00e7o das passagens sobe\" width=\"800\" height=\"400\" \/>       <\/p>\n<p> Empresas a\u00e9reas decolam e voltam ao patamar pr\u00e9-pandemia, mas pre\u00e7o das passagens sobe <\/p>\n<p><h2>Aux\u00edlio para empresas a\u00e9reas<\/h2>\n<\/p>\n<p> S\u00edlvio Costa Filho tamb\u00e9m informou que discutiu com Lula um socorro financeiro para as empresas a\u00e9reas. Segundo o ministro, dever\u00e1 ser criado um fundo com valores em torno de R$ 5 bilh\u00f5es para o setor. <\/p>\n<p> Em seguida, ele relatou como est\u00e1 sendo desenhado o fundo para o setor. Haver\u00e1 participa\u00e7\u00e3o do Banco Nacional de Desenvolvimento Econ\u00f4mico e Social (BNDES), de acordo com o ministro. <\/p>\n<p> &quot;N\u00f3s queremos, nesses pr\u00f3ximos 10 dias, j\u00e1 est\u00e1 em constru\u00e7\u00e3o com o ministro [Fernando] Haddad [da Fazenda], com o presidente do BNDES, [Aloizio] Mercadante, apresentar ao pa\u00eds um fundo de financiamento da avia\u00e7\u00e3o brasileira, para que as empresas a\u00e9reas possam buscar cr\u00e9dito, se capitalizar e, com isso, poder ampliar investimentos na avia\u00e7\u00e3o \u2014 que vai desde o refinanciamento de d\u00edvidas, de investimentos em manuten\u00e7\u00e3o, como tamb\u00e9m compra de novas aeronaves&quot;, explicou. <\/p>\n<p> &quot;N\u00f3s estamos trabalhando ao lado do BNDES e do Minist\u00e9rio da Fazenda, aproximadamente, um fundo entre R$ 4 e R$ 6 bilh\u00f5es de financiamento das companhias a\u00e9reas&quot;, complementou o ministro. <\/p>\n<p> De acordo com Silvio Costa Filho, o fundo deve financiar gastos das empresas a\u00e9reas com o refinanciamento de d\u00edvidas e investimentos nas \u00e1reas de manuten\u00e7\u00e3o e aquisi\u00e7\u00e3o de novas aeronaves. <\/p>\n<p> Outro ponto discutido no governo para estimular as empresas a\u00e9reas \u00e9 o barateamento do querosene de avia\u00e7\u00e3o. <\/p>\n<p> &quot;A gente est\u00e1 vendo a melhor formata\u00e7\u00e3o em discuss\u00e3o com as companhias a\u00e9reas e com a Petrobras. Em 2023, j\u00e1 houve uma redu\u00e7\u00e3o no querosene. Mas a gente precisa avan\u00e7ar ainda mais&quot;, concluiu Costa Filho. <\/p>\n<ul>\n<li> <a href=\"https:\/\/g1.globo.com\/politica\/politico\/lula\/\" class=\"entities__list-itemLink\" data-track-click=\"Lula\"> Lula <\/a> <\/li>\n<\/ul>\n<h3> <a id=\"js-next-article-desktop-link\" class=\"next-article-desktop-link\"><\/a> <\/h3>\n<h3> <a id=\"js-next-article-smart-link\" class=\"next-article-smart-link\"><\/a> <\/h3>\n<p>Veja tamb\u00e9m<\/p>\n<\/p>\n<\/p>\n<p>       Anterior   Pr\u00f3ximo     <\/p>\n","protected":false},"excerpt":{"rendered":"<p>Ministro diz que programa de passagens a\u00e9reas mais baratas come\u00e7a no dia 5 S\u00edlvio Costa Filho, dos Portos e Aeroportos, deu entrevista ap\u00f3s reuni\u00e3o com o presidente Lula no Pal\u00e1cio do Planalto. Ele tamb\u00e9m afirmou que o governo desenha um fundo de cerca de R% bilh\u00f5es para auxiliar o setor a\u00e9reo. Por Pedro Henrique Gomes, [&hellip;]<\/p>\n","protected":false},"author":1,"featured_media":0,"comment_status":"closed","ping_status":"closed","sticky":false,"template":"","format":"standard","meta":{"footnotes":""},"categories":[],"tags":[],"class_list":["post-56752","post","type-post","status-publish","format-standard","hentry"],"_links":{"self":[{"href":"https:\/\/blog.corretoraideal.com.br\/index.php\/wp-json\/wp\/v2\/posts\/56752","targetHints":{"allow":["GET"]}}],"collection":[{"href":"https:\/\/blog.corretoraideal.com.br\/index.php\/wp-json\/wp\/v2\/posts"}],"about":[{"href":"https:\/\/blog.corretoraideal.com.br\/index.php\/wp-json\/wp\/v2\/types\/post"}],"author":[{"embeddable":true,"href":"https:\/\/blog.corretoraideal.com.br\/index.php\/wp-json\/wp\/v2\/users\/1"}],"replies":[{"embeddable":true,"href":"https:\/\/blog.corretoraideal.com.br\/index.php\/wp-json\/wp\/v2\/comments?post=56752"}],"version-history":[{"count":1,"href":"https:\/\/blog.corretoraideal.com.br\/index.php\/wp-json\/wp\/v2\/posts\/56752\/revisions"}],"predecessor-version":[{"id":56755,"href":"https:\/\/blog.corretoraideal.com.br\/index.php\/wp-json\/wp\/v2\/posts\/56752\/revisions\/56755"}],"wp:attachment":[{"href":"https:\/\/blog.corretoraideal.com.br\/index.php\/wp-json\/wp\/v2\/media?parent=56752"}],"wp:term":[{"taxonomy":"category","embeddable":true,"href":"https:\/\/blog.corretoraideal.com.br\/index.php\/wp-json\/wp\/v2\/categories?post=56752"},{"taxonomy":"post_tag","embeddable":true,"href":"https:\/\/blog.corretoraideal.com.br\/index.php\/wp-json\/wp\/v2\/tags?post=56752"}],"curies":[{"name":"wp","href":"https:\/\/api.w.org\/{rel}","templated":true}]}}