{"id":56756,"date":"2024-01-25T01:29:40","date_gmt":"2024-01-25T01:29:40","guid":{"rendered":"https:\/\/blog.corretoraideal.com.br\/?p=56756"},"modified":"2024-01-25T01:29:40","modified_gmt":"2024-01-25T01:29:40","slug":"dolar-toca-r-5-mas-fecha-o-dia-em-queda-com-china-e-eua-no-radar-ibovespa-sobe-aos-128-mil-pontos-economia-g1","status":"publish","type":"post","link":"https:\/\/blog.corretoraideal.com.br\/index.php\/2024\/01\/25\/dolar-toca-r-5-mas-fecha-o-dia-em-queda-com-china-e-eua-no-radar-ibovespa-sobe-aos-128-mil-pontos-economia-g1\/","title":{"rendered":"D\u00f3lar toca R$ 5, mas fecha o dia em queda com China e EUA no radar; Ibovespa sobe aos 128 mil pontos | Economia | G1"},"content":{"rendered":"<br \/>\n<h1>D\u00f3lar toca R$ 5, mas fecha o dia em queda com China e EUA no radar; Ibovespa sobe aos 128 mil pontos<\/h1>\n<h2>A moeda norte-americana caiu 0,66%, cotada a R$ 4,9551. Na m\u00e1xima do dia, chegou aos R$ 5,0020. J\u00e1 o principal \u00edndice de a\u00e7\u00f5es da bolsa de valores brasileira encerrou em alta de 1,31%, aos 128.263 pontos.<\/h2>\n<p> Por g1 <\/p>\n<p>  23\/01\/2024 09h17    Atualizado  23\/01\/2024    <\/p>\n<p>                      1 de 1&#013;D\u00f3lar opera em alta \u2014 Foto: Pixabay    <\/p>\n<p> D\u00f3lar opera em alta \u2014 Foto: Pixabay <\/p>\n<p> O d\u00f3lar fechou em baixa nesta ter\u00e7a-feira (23), tendo invertido o sinal visto no in\u00edcio da sess\u00e3o, quando chegou a alcan\u00e7ar o patamar de R$ 5. <\/p>\n<p> Investidores repercutiram a not\u00edcia de que o governo chin\u00eas prometeu tomar medidas mais &quot;en\u00e9rgicas e eficazes&quot; para apoiar a confian\u00e7a no mercado de capitais local. Eventuais sinaliza\u00e7\u00f5es sobre o quadro de juros nos <a class href=\"https:\/\/g1.globo.com\/tudo-sobre\/estados-unidos\/\">Estados Unidos<\/a> tamb\u00e9m ficaram no radar. <\/p>\n<p> No Brasil, o foco continuou com o cen\u00e1rio pol\u00edtico e fiscal. Falas do ministro da Fazenda, <a class href=\"https:\/\/g1.globo.com\/politica\/politico\/fernando-haddad\/\">Fernando Haddad<\/a>, ainda ficaram sob os holofotes. (entenda mais abaixo) <\/p>\n<p> O <a class href=\"https:\/\/g1.globo.com\/tudo-sobre\/ibovespa\/\">Ibovespa<\/a>, principal \u00edndice acion\u00e1rio da bolsa de valores brasileira, a <a class href=\"https:\/\/g1.globo.com\/tudo-sobre\/bmf-bovespa\/\">B3<\/a>, fechou em alta. <\/p>\n<p> <strong>Veja abaixo o resumo dos mercados.<\/strong> <\/p>\n<p><h2>D\u00f3lar<\/h2>\n<\/p>\n<p> Ao final da sess\u00e3o, o d\u00f3lar recuou 0,66%, cotado a R$ 4,9551. Na m\u00e1xima do dia, chegou a R$ 5,0020. <a class href=\"https:\/\/valor.globo.com\/valor-data\/\">Veja mais cota\u00e7\u00f5es.<\/a> <\/p>\n<p> Com o resultado, acumulou: <\/p>\n<ul>\n<li><strong>alta de 0,57% na semana;<\/strong><\/li>\n<li><strong>e ganhos de 2,11% no m\u00eas e no ano.<\/strong><\/li>\n<\/ul>\n<p> No dia anterior, a moeda norte-americana subiu 1,24%, cotado a R$ 4,9878. <\/p>\n<p><h2><strong>Ibovespa<\/strong><\/h2>\n<\/p>\n<p> J\u00e1 o Ibovespa encerrou em alta de 1,31%, aos 128.263 pontos. <\/p>\n<p> As a\u00e7\u00f5es da Vale, de maior peso no Ibovespa, fecharam com um avan\u00e7o de 2,27%, impulsionadas pelo cen\u00e1rio na Chia e na alta dos pre\u00e7os do min\u00e9rio de ferro. O movimento ajudou a impulsionar o \u00edndice brasileiro. <\/p>\n<p> Com o resultado, acumulou: <\/p>\n<ul>\n<li><strong>alta de 0,49% na semana;<\/strong><\/li>\n<li><strong>quedas de 4,41% no m\u00eas e no ano.<\/strong><\/li>\n<\/ul>\n<p> Na v\u00e9spera, o \u00edndice teve baixa de 0,81%, aos 126.602 pontos. <\/p>\n<p> <strong>LEIA TAMB\u00c9M<\/strong> <\/p>\n<ul>\n<li><strong>DINHEIRO OU CART\u00c3O? <\/strong><a class href=\"https:\/\/g1.globo.com\/economia\/noticia\/2022\/03\/26\/dinheiro-ou-cartao-qual-a-melhor-forma-de-levar-dolares-em-viagens.ghtml\">Qual a melhor forma de levar d\u00f3lares em viagens?<\/a><\/li>\n<li><strong>D\u00d3LAR: <\/strong><a class href=\"https:\/\/g1.globo.com\/economia\/noticia\/2022\/04\/05\/dolar-qual-o-melhor-momento-para-comprar.ghtml\">Qual o melhor momento para comprar a moeda? <\/a><\/li>\n<\/ul>\n<p>                   <img loading=\"lazy\" decoding=\"async\" class=\"aligncenter size-full wp-image-56758\" src=\"https:\/\/blog.corretoraideal.com.br\/wp-content\/uploads\/2024\/01\/entenda-o-que-faz-o-dolar-subir-ou-descer-10.jpeg\" alt=\"Entenda o que faz o d\u00f3lar subir ou descer\" width=\"800\" height=\"400\" \/>       <\/p>\n<p> Entenda o que faz o d\u00f3lar subir ou descer <\/p>\n<p><h2>O que est\u00e1 mexendo com os mercados?<\/h2>\n<\/p>\n<p> Depois de um preg\u00e3o bastante negativo para os ativos brasileiros na v\u00e9spera, o mercado dom\u00e9stico viveu um dia mais ameno \u2014 em parte por um movimento natural de corre\u00e7\u00e3o e realiza\u00e7\u00e3o de lucros da forte alta do d\u00f3lar ontem, mas tamb\u00e9m refletindo not\u00edcias mais positivas. <\/p>\n<p> Para Luan Aral, especialista em c\u00e2mbio da Genial Investimentos, o destaque do dia ficou com a China. O governo do pa\u00eds asi\u00e1tico, segundo ag\u00eancias internacionais, estuda fornecer um a apoio de quase US$ 280 bilh\u00f5es para o mercado de a\u00e7\u00f5es nacional, o que impulsionou positivamente os neg\u00f3cios por l\u00e1. <\/p>\n<p> O mercado brasileiro, assim como outros emergentes, tamb\u00e9m se beneficia desse movimento porque a China \u00e9 o principal parceiro comercial do pa\u00eds, comenta Aral. Assim, qualquer melhora na economia chinesa pode refletir positivamente por aqui. <\/p>\n<p> Al\u00e9m disso, no Jap\u00e3o, o banco central manteve suas taxas de juros inalteradas em -0,1% ao ano. Com taxas negativas, o incentivo \u00e9 que os investidores continuem colocando dinheiro em ativos de risco, o que beneficia o mercado de a\u00e7\u00f5es e moedas de outros pa\u00edses. <\/p>\n<p> Ainda no exterior, o cen\u00e1rio de juros nos Estados Unidos continuou na mira dos investidores. Segundo a ferramenta FedWatch do CME Group, a maior parte do mercado (84%) espera que o Federal Reserve (<a class href=\"https:\/\/g1.globo.com\/tudo-sobre\/fed\/\">Fed<\/a>, o banco central norte-americano) inicie o ciclo de corte de juros no pa\u00eds em maio. A expectativa \u00e9 de uma redu\u00e7\u00e3o de pelo menos 0,25 ponto percentual. <\/p>\n<p> Por fim, Aral pontua que a entrevista do ministro da Fazenda Fernando Haddad, <a class href=\"https:\/\/g1.globo.com\/economia\/noticia\/2024\/01\/22\/haddad-diz-que-governo-fara-nova-revisao-na-faixa-de-isencao-do-imposto-de-renda-em-2024.ghtml\">concedida ontem ao programa Roda Viva, da TV Cultura<\/a>, tamb\u00e9m contribuiu para um clima de maior tranquilidade neste preg\u00e3o. <\/p>\n<p> O especialista em c\u00e2mbio destaca que o ministro se mostrou muito propenso a negociar com o Congresso Nacional, al\u00e9m de buscar manter a meta de d\u00e9ficit zero em 2024. <\/p>\n<p> Haddad disse, ainda, que o governo far\u00e1 uma nova revis\u00e3o na faixa de isen\u00e7\u00e3o do Imposto de Renda de Pessoa F\u00edsica (IRPF) em 2024, informa\u00e7\u00e3o confirmada pelo presidente <a class href=\"https:\/\/g1.globo.com\/politica\/politico\/lula\/\">Lula<\/a> nesta manh\u00e3, <\/p>\n<p> Tudo isso vem ap\u00f3s um dia marcado pela cautela com cen\u00e1rio pol\u00edtico e a quest\u00e3o fiscal brasileira. No \u00faltimo preg\u00e3o, o d\u00f3lar disparou e a Bolsa caiu, refletindo a insatisfa\u00e7\u00e3o do mercado com o an\u00fancio de um novo programa de industrializa\u00e7\u00e3o do pa\u00eds pelo <a class href=\"https:\/\/g1.globo.com\/tudo-sobre\/governo-federal\/\">Governo Federal<\/a>. <\/p>\n<p> O plano &quot;Nova Ind\u00fastria Brasil&quot; tem por objetivo impulsionar a produtividade competitividade do pa\u00eds no exterior na pr\u00f3xima d\u00e9cada e pode disponibilizar at\u00e9 R$ 300 bilh\u00f5es em financiamentos at\u00e9 2026, o que n\u00e3o foi visto com bons olhos pelo mercado, em um momento em que as contas p\u00fablicas e os desafios da arrecada\u00e7\u00e3o federal geram preocupa\u00e7\u00e3o. <\/p>\n<p> Analistas da XP Investimentos destacam que &quot;a estrat\u00e9gia define o governo como principal indutor do desenvolvimento do setor por meio de, por exemplo, compras governamentais para estimular a produ\u00e7\u00e3o industrial&quot;. <\/p>\n<p>&quot;O mecanismo, no entanto, representa um impasse nas negocia\u00e7\u00f5es para a ado\u00e7\u00e3o do acordo comercial entre o <a class href=\"https:\/\/g1.globo.com\/tudo-sobre\/mercosul\/\">Mercosul<\/a> e a <a class href=\"https:\/\/g1.globo.com\/tudo-sobre\/uniao-europeia\/\">Uni\u00e3o Europeia<\/a>, que buscam condi\u00e7\u00f5es equitativas para empresas brasileiras e estrangeiras nas licita\u00e7\u00f5es, realiza\u00e7\u00e3o de obras e contrata\u00e7\u00e3o de servi\u00e7os \u2013 ideia contr\u00e1ria ao programa, que visa priorizar empresas locais para estimular a produ\u00e7\u00e3o interna&quot;, diz a institui\u00e7\u00e3o.<\/p>\n<p> Luan Aral, da Genial, pontua que, embora o mercado ainda tenha preocupa\u00e7\u00f5es em rela\u00e7\u00e3o ao programa de industrializa\u00e7\u00e3o, \u00e9 esperado que o governo traga algum esclarecimento em rela\u00e7\u00e3o ao custeio dessa despesa bilion\u00e1ria. <\/p>\n<ul>\n<li> <a href=\"https:\/\/g1.globo.com\/tudo-sobre\/bmf-bovespa\/\" class=\"entities__list-itemLink\" data-track-click=\"B3\"> B3 <\/a> <\/li>\n<li> <a href=\"https:\/\/g1.globo.com\/tudo-sobre\/estados-unidos\/\" class=\"entities__list-itemLink\" data-track-click=\"Estados Unidos\"> Estados Unidos <\/a> <\/li>\n<li> <a href=\"https:\/\/g1.globo.com\/tudo-sobre\/fed\/\" class=\"entities__list-itemLink\" data-track-click=\"FED\"> FED <\/a> <\/li>\n<li> <a href=\"https:\/\/g1.globo.com\/politica\/politico\/fernando-haddad\/\" class=\"entities__list-itemLink\" data-track-click=\"Fernando Haddad\"> Fernando Haddad <\/a> <\/li>\n<li> <a href=\"https:\/\/g1.globo.com\/tudo-sobre\/governo-federal\/\" class=\"entities__list-itemLink\" data-track-click=\"Governo Federal\"> Governo Federal <\/a> <\/li>\n<li> <a href=\"https:\/\/g1.globo.com\/tudo-sobre\/ibovespa\/\" class=\"entities__list-itemLink\" data-track-click=\"Ibovespa\"> Ibovespa <\/a> <\/li>\n<li> <a href=\"https:\/\/g1.globo.com\/politica\/politico\/lula\/\" class=\"entities__list-itemLink\" data-track-click=\"Lula\"> Lula <\/a> <\/li>\n<li> <a href=\"https:\/\/g1.globo.com\/tudo-sobre\/mercosul\/\" class=\"entities__list-itemLink\" data-track-click=\"Mercosul\"> Mercosul <\/a> <\/li>\n<li> <a href=\"https:\/\/g1.globo.com\/politica\/partido\/psd\/\" class=\"entities__list-itemLink\" data-track-click=\"PSD\"> PSD <\/a> <\/li>\n<li> <a href=\"https:\/\/g1.globo.com\/politica\/partido\/pt\/\" class=\"entities__list-itemLink\" data-track-click=\"PT\"> PT <\/a> <\/li>\n<li> <a href=\"https:\/\/g1.globo.com\/tudo-sobre\/petrobras\/\" class=\"entities__list-itemLink\" data-track-click=\"Petrobras\"> Petrobras <\/a> <\/li>\n<li> <a href=\"https:\/\/g1.globo.com\/politica\/politico\/rodrigo-otavio-soares-pacheco\/\" class=\"entities__list-itemLink\" data-track-click=\"Rodrigo Pacheco\"> Rodrigo Pacheco <\/a> <\/li>\n<li> <a href=\"https:\/\/g1.globo.com\/tudo-sobre\/uniao-europeia\/\" class=\"entities__list-itemLink\" data-track-click=\"Uni\u00e3o Europeia\"> Uni\u00e3o Europeia <\/a> <\/li>\n<\/ul>\n<h3> <a id=\"js-next-article-desktop-link\" class=\"next-article-desktop-link\"><\/a> <\/h3>\n<h3> <a id=\"js-next-article-smart-link\" class=\"next-article-smart-link\"><\/a> <\/h3>\n<p>Veja tamb\u00e9m<\/p>\n<\/p>\n<\/p>\n<p>       Anterior   Pr\u00f3ximo     <\/p>\n","protected":false},"excerpt":{"rendered":"<p>D\u00f3lar toca R$ 5, mas fecha o dia em queda com China e EUA no radar; Ibovespa sobe aos 128 mil pontos A moeda norte-americana caiu 0,66%, cotada a R$ 4,9551. Na m\u00e1xima do dia, chegou aos R$ 5,0020. J\u00e1 o principal \u00edndice de a\u00e7\u00f5es da bolsa de valores brasileira encerrou em alta de 1,31%, [&hellip;]<\/p>\n","protected":false},"author":1,"featured_media":0,"comment_status":"closed","ping_status":"closed","sticky":false,"template":"","format":"standard","meta":{"footnotes":""},"categories":[],"tags":[],"class_list":["post-56756","post","type-post","status-publish","format-standard","hentry"],"_links":{"self":[{"href":"https:\/\/blog.corretoraideal.com.br\/index.php\/wp-json\/wp\/v2\/posts\/56756","targetHints":{"allow":["GET"]}}],"collection":[{"href":"https:\/\/blog.corretoraideal.com.br\/index.php\/wp-json\/wp\/v2\/posts"}],"about":[{"href":"https:\/\/blog.corretoraideal.com.br\/index.php\/wp-json\/wp\/v2\/types\/post"}],"author":[{"embeddable":true,"href":"https:\/\/blog.corretoraideal.com.br\/index.php\/wp-json\/wp\/v2\/users\/1"}],"replies":[{"embeddable":true,"href":"https:\/\/blog.corretoraideal.com.br\/index.php\/wp-json\/wp\/v2\/comments?post=56756"}],"version-history":[{"count":1,"href":"https:\/\/blog.corretoraideal.com.br\/index.php\/wp-json\/wp\/v2\/posts\/56756\/revisions"}],"predecessor-version":[{"id":56759,"href":"https:\/\/blog.corretoraideal.com.br\/index.php\/wp-json\/wp\/v2\/posts\/56756\/revisions\/56759"}],"wp:attachment":[{"href":"https:\/\/blog.corretoraideal.com.br\/index.php\/wp-json\/wp\/v2\/media?parent=56756"}],"wp:term":[{"taxonomy":"category","embeddable":true,"href":"https:\/\/blog.corretoraideal.com.br\/index.php\/wp-json\/wp\/v2\/categories?post=56756"},{"taxonomy":"post_tag","embeddable":true,"href":"https:\/\/blog.corretoraideal.com.br\/index.php\/wp-json\/wp\/v2\/tags?post=56756"}],"curies":[{"name":"wp","href":"https:\/\/api.w.org\/{rel}","templated":true}]}}