{"id":56760,"date":"2024-01-25T04:29:40","date_gmt":"2024-01-25T04:29:40","guid":{"rendered":"https:\/\/blog.corretoraideal.com.br\/?p=56760"},"modified":"2024-01-25T04:29:40","modified_gmt":"2024-01-25T04:29:40","slug":"bebe-de-2-meses-morre-e-outras-tres-pessoas-ficam-feridas-em-grave-acidade-na-br-101-em-campos-norte-fluminense-g1","status":"publish","type":"post","link":"https:\/\/blog.corretoraideal.com.br\/index.php\/2024\/01\/25\/bebe-de-2-meses-morre-e-outras-tres-pessoas-ficam-feridas-em-grave-acidade-na-br-101-em-campos-norte-fluminense-g1\/","title":{"rendered":"Beb\u00ea de 2 meses morre e outras tr\u00eas pessoas ficam feridas em grave acidade na BR-101, em Campos | Norte Fluminense | G1"},"content":{"rendered":"<br \/>\n<h1>Beb\u00ea de 2 meses morre e outras tr\u00eas pessoas ficam feridas em grave acidade na BR-101, em Campos<\/h1>\n<h2>A batida entre dois carros foi na madrugada de ter\u00e7a-feira (23) no km-67.<\/h2>\n<p> Por Yuri Ramos, g1 &mdash; Campos dos Goytacazes <\/p>\n<p>  24\/01\/2024 11h40    Atualizado  24\/01\/2024    <\/p>\n<p>                             <img loading=\"lazy\" decoding=\"async\" class=\"aligncenter size-full wp-image-56762\" src=\"https:\/\/blog.corretoraideal.com.br\/wp-content\/uploads\/2024\/01\/bebe-de-dois-meses-morreu-em-um-grave-acidente-na-br-101-em-campos.jpeg\" alt=\"Beb\u00ea de dois meses morreu em um grave acidente na BR 101, em Campos\" width=\"800\" height=\"400\" \/>       <\/p>\n<p> Beb\u00ea de dois meses morreu em um grave acidente na BR-101, em Campos <\/p>\n<p> Um beb\u00ea de 2 meses morreu e tr\u00eas pessoas ficaram feridas em um acidente na BR-101, ocorrido na madrugada desta ter\u00e7a-feira (23) em <a class href=\"https:\/\/g1.globo.com\/rj\/norte-fluminense\/cidade\/campos-dos-goytacazes\/\">Campos dos Goytacazes<\/a>, no Norte Fluminense. <\/p>\n<p> Os feridos foram levados para emerg\u00eancia m\u00e9dica de Campos e o corpo do beb\u00ea encaminhado para o Instituto M\u00e9dico Legal (IML) da cidade. <\/p>\n<p> As v\u00edtimas, entre elas os pais do beb\u00ea, de 18 anos e 22, assim como um homem de 26 anos, foram internadas e passaram por exames, segundo a unidade. <\/p>\n<p> De acordo com a concession\u00e1ria Arteris Fluminense, respons\u00e1vel pela administra\u00e7\u00e3o da rodovia federal, o resgate foi acionado \u00e0s 4h para socorrer as v\u00edtimas da batida no km 67, na altura da localidade da Tapera. <\/p>\n<p> Os dois ocupantes do segundo carro envolvido no acidente n\u00e3o se feriram e foram liberados no local. <\/p>\n<p> A 134\u00aa Delegacia do Centro de Campos investiga as causas do acidente. <\/p>\n<ul>\n<li> <a href=\"https:\/\/g1.globo.com\/rj\/norte-fluminense\/cidade\/campos-dos-goytacazes\/\" class=\"entities__list-itemLink\" data-track-click=\"Campos dos Goytacazes\"> Campos dos Goytacazes <\/a> <\/li>\n<\/ul>\n<h3> <a id=\"js-next-article-desktop-link\" class=\"next-article-desktop-link\"><\/a> <\/h3>\n<h3> <a id=\"js-next-article-smart-link\" class=\"next-article-smart-link\"><\/a> <\/h3>\n<p>Veja tamb\u00e9m<\/p>\n<\/p>\n<\/p>\n<p>       Anterior   Pr\u00f3ximo     <\/p>\n","protected":false},"excerpt":{"rendered":"<p>Beb\u00ea de 2 meses morre e outras tr\u00eas pessoas ficam feridas em grave acidade na BR-101, em Campos A batida entre dois carros foi na madrugada de ter\u00e7a-feira (23) no km-67. Por Yuri Ramos, g1 &mdash; Campos dos Goytacazes 24\/01\/2024 11h40 Atualizado 24\/01\/2024 Beb\u00ea de dois meses morreu em um grave acidente na BR-101, em [&hellip;]<\/p>\n","protected":false},"author":1,"featured_media":0,"comment_status":"closed","ping_status":"closed","sticky":false,"template":"","format":"standard","meta":{"footnotes":""},"categories":[],"tags":[],"class_list":["post-56760","post","type-post","status-publish","format-standard","hentry"],"_links":{"self":[{"href":"https:\/\/blog.corretoraideal.com.br\/index.php\/wp-json\/wp\/v2\/posts\/56760","targetHints":{"allow":["GET"]}}],"collection":[{"href":"https:\/\/blog.corretoraideal.com.br\/index.php\/wp-json\/wp\/v2\/posts"}],"about":[{"href":"https:\/\/blog.corretoraideal.com.br\/index.php\/wp-json\/wp\/v2\/types\/post"}],"author":[{"embeddable":true,"href":"https:\/\/blog.corretoraideal.com.br\/index.php\/wp-json\/wp\/v2\/users\/1"}],"replies":[{"embeddable":true,"href":"https:\/\/blog.corretoraideal.com.br\/index.php\/wp-json\/wp\/v2\/comments?post=56760"}],"version-history":[{"count":1,"href":"https:\/\/blog.corretoraideal.com.br\/index.php\/wp-json\/wp\/v2\/posts\/56760\/revisions"}],"predecessor-version":[{"id":56763,"href":"https:\/\/blog.corretoraideal.com.br\/index.php\/wp-json\/wp\/v2\/posts\/56760\/revisions\/56763"}],"wp:attachment":[{"href":"https:\/\/blog.corretoraideal.com.br\/index.php\/wp-json\/wp\/v2\/media?parent=56760"}],"wp:term":[{"taxonomy":"category","embeddable":true,"href":"https:\/\/blog.corretoraideal.com.br\/index.php\/wp-json\/wp\/v2\/categories?post=56760"},{"taxonomy":"post_tag","embeddable":true,"href":"https:\/\/blog.corretoraideal.com.br\/index.php\/wp-json\/wp\/v2\/tags?post=56760"}],"curies":[{"name":"wp","href":"https:\/\/api.w.org\/{rel}","templated":true}]}}