{"id":56771,"date":"2024-01-25T12:29:33","date_gmt":"2024-01-25T12:29:33","guid":{"rendered":"https:\/\/blog.corretoraideal.com.br\/?p=56771"},"modified":"2024-01-25T12:29:33","modified_gmt":"2024-01-25T12:29:33","slug":"casa-onde-jeff-bezos-fundou-a-amazon-esta-a-venda-por-r-114-milhoes-veja-fotos-tecnologia-g1","status":"publish","type":"post","link":"https:\/\/blog.corretoraideal.com.br\/index.php\/2024\/01\/25\/casa-onde-jeff-bezos-fundou-a-amazon-esta-a-venda-por-r-114-milhoes-veja-fotos-tecnologia-g1\/","title":{"rendered":"Casa onde Jeff Bezos fundou a Amazon est\u00e1 \u00e0 venda por R$ 11,4 milh\u00f5es; veja FOTOS | Tecnologia | G1"},"content":{"rendered":"<br \/>\n<h1>Casa onde Jeff Bezos fundou a Amazon est\u00e1 \u00e0 venda por R$ 11,4 milh\u00f5es; veja FOTOS<\/h1>\n<h2>A garagem da resid\u00eancia serviu de &#039;escrit\u00f3rio&#039; para Bezos e a ent\u00e3o esposa, MacKenzie Scott, venderem livros pela internet; im\u00f3vel est\u00e1 localizado em West Bellevue, nos EUA. <\/h2>\n<p>       <a href=\"http:\/\/www.afp.com\/\" target=\"_blank\" rel=\"noopener noreferrer\">    <\/a>   <\/p>\n<p> Por France Presse <\/p>\n<p>  25\/01\/2024 09h08    Atualizado  25\/01\/2024    <\/p>\n<p>                         1 de 9&#013;Casa nos EUA onde Jeff Bezos fundou a Amazon est\u00e1 \u00e0 venda por 11,4 milh\u00f5es \u2014 Foto: Reprodu\u00e7\u00e3o\/Zillow    <\/p>\n<p> Casa nos EUA onde Jeff Bezos fundou a Amazon est\u00e1 \u00e0 venda por 11,4 milh\u00f5es \u2014 Foto: Reprodu\u00e7\u00e3o\/Zillow <\/p>\n<p> A casa onde <a class href=\"https:\/\/g1.globo.com\/tudo-sobre\/jeff-bezos\/\">Jeff Bezos<\/a> fundou a gigante do com\u00e9rcio on-line <a class href=\"https:\/\/g1.globo.com\/tudo-sobre\/amazon\/\">Amazon<\/a> est\u00e1 \u00e0 venda nos EUA e o novo dono do im\u00f3vel ter\u00e1 um peda\u00e7o da hist\u00f3ria da internet. Mas, para isso, ele ter\u00e1 que desembolsar US$ 2,3 milh\u00f5es (cerca de R$ 11,4 milh\u00f5es). <\/p>\n<p> Bezos, <a class href=\"https:\/\/g1.globo.com\/tecnologia\/noticia\/2023\/04\/04\/sobe-e-desce-veja-quem-esta-mais-rico-e-quem-perdeu-dinheiro-entre-os-bilionarios-de-tecnologia-em-2023.ghtml\">um dos homens mais ricos do mundo<\/a>, e sua esposa \u00e0 \u00e9poca, MacKenzie Scott, alugavam essa casa de um andar e tr\u00eas quartos perto de Seattle (EUA) no meio dos anos 90, quando come\u00e7aram a vender livros pela internet &#8211; <strong>a garagem da resid\u00eancia era uma esp\u00e9cie de escrit\u00f3rio<\/strong>. <\/p>\n<p>&quot;Bem-vindo ao ber\u00e7o da <a class href=\"https:\/\/g1.globo.com\/tudo-sobre\/amazon\/\">Amazon<\/a> &#8211; <a class href=\"https:\/\/g1.globo.com\/tudo-sobre\/jeff-bezos\/\">Jeff Bezos<\/a> fundou a <a class href=\"https:\/\/g1.globo.com\/tudo-sobre\/amazon\/\">Amazon<\/a> na humilde garagem desta casa em West Bellevue em 1994&quot;, diz o an\u00fancio de venda. &quot;Ela possui uma enorme sala grande, fabulosa cozinha em granito, com luz natural das clarab\u00f3ias, criando um ambiente luminoso e convidativo&quot;. <\/p>\n<p> A casa de 143 m\u00b2 foi &quot;meticulosamente reconstru\u00edda&quot; em 2001, de acordo com o an\u00fancio do agente imobili\u00e1rio, ent\u00e3o n\u00e3o resta muito da \u00e9poca de Bezos. No entanto, pelas fotos, a garagem tem uma recria\u00e7\u00e3o da placa original da &quot;<a class href=\"https:\/\/g1.globo.com\/tudo-sobre\/amazon\/\">amazon<\/a>.com&quot; que Bezos tinha naquela \u00e9poca <strong>(veja na imagem abaixo)<\/strong>. <\/p>\n<p>         2 de 9&#013;Casa onde a Amazon foi fundada, nos EUA \u2014 Foto: Reprodu\u00e7\u00e3o\/Zillow    <\/p>\n<p> Casa onde a Amazon foi fundada, nos EUA \u2014 Foto: Reprodu\u00e7\u00e3o\/Zillow <\/p>\n<p> De acordo com a hist\u00f3ria da empresa, na garagem havia apenas um computador, material de escrit\u00f3rio b\u00e1sico e uma mesa. No in\u00edcio, apenas livros eram comercializados. <\/p>\n<p> A <a class href=\"https:\/\/g1.globo.com\/tudo-sobre\/amazon\/\">Amazon<\/a> afirma que o primeiro livro vendido foi &quot;Fluid Concepts and Creative Analogies: Computer Models Of The Fundamental Mechanisms Of Thought&quot; (1996). <\/p>\n<p> Mas em poucos anos, a big tech se tornou a op\u00e7\u00e3o padr\u00e3o para compradores on-line em todo o mundo, elevando sua capitaliza\u00e7\u00e3o de mercado atual para a colossal cifra de US$ 1,6 trilh\u00e3o (algo em torno de R$ 7,9 trilh\u00f5es). <\/p>\n<p> <strong>? Veja outras imagens da casa:<\/strong> <\/p>\n<p>         3 de 9&#013;Casa onde a Amazon foi fundada, nos EUA \u2014 Foto: Reprodu\u00e7\u00e3o\/Zillow    <\/p>\n<p> Casa onde a Amazon foi fundada, nos EUA \u2014 Foto: Reprodu\u00e7\u00e3o\/Zillow <\/p>\n<p>         4 de 9&#013;Garagem onde a Amazon foi fundada \u2014 Foto: Reprodu\u00e7\u00e3o\/Zillow    <\/p>\n<p> Garagem onde a Amazon foi fundada \u2014 Foto: Reprodu\u00e7\u00e3o\/Zillow <\/p>\n<p>         5 de 9&#013;Casa onde a Amazon foi fundada, nos EUA \u2014 Foto: Reprodu\u00e7\u00e3o\/Zillow    <\/p>\n<p> Casa onde a Amazon foi fundada, nos EUA \u2014 Foto: Reprodu\u00e7\u00e3o\/Zillow <\/p>\n<p>         6 de 9&#013;Casa onde a Amazon foi fundada, nos EUA \u2014 Foto: Reprodu\u00e7\u00e3o\/Zillow    <\/p>\n<p> Casa onde a Amazon foi fundada, nos EUA \u2014 Foto: Reprodu\u00e7\u00e3o\/Zillow <\/p>\n<p>         7 de 9&#013;Casa onde a Amazon foi fundada, nos EUA \u2014 Foto: Reprodu\u00e7\u00e3o\/Zillow    <\/p>\n<p> Casa onde a Amazon foi fundada, nos EUA \u2014 Foto: Reprodu\u00e7\u00e3o\/Zillow <\/p>\n<p>         8 de 9&#013;Casa onde a Amazon foi fundada, nos EUA \u2014 Foto: Reprodu\u00e7\u00e3o\/Zillow    <\/p>\n<p> Casa onde a Amazon foi fundada, nos EUA \u2014 Foto: Reprodu\u00e7\u00e3o\/Zillow <\/p>\n<p>         9 de 9&#013;Casa onde a Amazon foi fundada, nos EUA \u2014 Foto: Reprodu\u00e7\u00e3o\/Zillow    <\/p>\n<p> Casa onde a Amazon foi fundada, nos EUA \u2014 Foto: Reprodu\u00e7\u00e3o\/Zillow <\/p>\n<ul>\n<li> <a href=\"https:\/\/g1.globo.com\/tudo-sobre\/amazon\/\" class=\"entities__list-itemLink\" data-track-click=\"Amazon\"> Amazon <\/a> <\/li>\n<li> <a href=\"https:\/\/g1.globo.com\/tudo-sobre\/jeff-bezos\/\" class=\"entities__list-itemLink\" data-track-click=\"Jeff Bezos\"> Jeff Bezos <\/a> <\/li>\n<\/ul>\n<h3> <a id=\"js-next-article-desktop-link\" class=\"next-article-desktop-link\"><\/a> <\/h3>\n<h3> <a id=\"js-next-article-smart-link\" class=\"next-article-smart-link\"><\/a> <\/h3>\n<p>Veja tamb\u00e9m<\/p>\n<\/p>\n<\/p>\n<p>       Anterior   Pr\u00f3ximo     <\/p>\n","protected":false},"excerpt":{"rendered":"<p>Casa onde Jeff Bezos fundou a Amazon est\u00e1 \u00e0 venda por R$ 11,4 milh\u00f5es; veja FOTOS A garagem da resid\u00eancia serviu de &#039;escrit\u00f3rio&#039; para Bezos e a ent\u00e3o esposa, MacKenzie Scott, venderem livros pela internet; im\u00f3vel est\u00e1 localizado em West Bellevue, nos EUA. Por France Presse 25\/01\/2024 09h08 Atualizado 25\/01\/2024 1 de 9&#013;Casa nos EUA [&hellip;]<\/p>\n","protected":false},"author":1,"featured_media":0,"comment_status":"closed","ping_status":"closed","sticky":false,"template":"","format":"standard","meta":{"footnotes":""},"categories":[],"tags":[],"class_list":["post-56771","post","type-post","status-publish","format-standard","hentry"],"_links":{"self":[{"href":"https:\/\/blog.corretoraideal.com.br\/index.php\/wp-json\/wp\/v2\/posts\/56771","targetHints":{"allow":["GET"]}}],"collection":[{"href":"https:\/\/blog.corretoraideal.com.br\/index.php\/wp-json\/wp\/v2\/posts"}],"about":[{"href":"https:\/\/blog.corretoraideal.com.br\/index.php\/wp-json\/wp\/v2\/types\/post"}],"author":[{"embeddable":true,"href":"https:\/\/blog.corretoraideal.com.br\/index.php\/wp-json\/wp\/v2\/users\/1"}],"replies":[{"embeddable":true,"href":"https:\/\/blog.corretoraideal.com.br\/index.php\/wp-json\/wp\/v2\/comments?post=56771"}],"version-history":[{"count":1,"href":"https:\/\/blog.corretoraideal.com.br\/index.php\/wp-json\/wp\/v2\/posts\/56771\/revisions"}],"predecessor-version":[{"id":56773,"href":"https:\/\/blog.corretoraideal.com.br\/index.php\/wp-json\/wp\/v2\/posts\/56771\/revisions\/56773"}],"wp:attachment":[{"href":"https:\/\/blog.corretoraideal.com.br\/index.php\/wp-json\/wp\/v2\/media?parent=56771"}],"wp:term":[{"taxonomy":"category","embeddable":true,"href":"https:\/\/blog.corretoraideal.com.br\/index.php\/wp-json\/wp\/v2\/categories?post=56771"},{"taxonomy":"post_tag","embeddable":true,"href":"https:\/\/blog.corretoraideal.com.br\/index.php\/wp-json\/wp\/v2\/tags?post=56771"}],"curies":[{"name":"wp","href":"https:\/\/api.w.org\/{rel}","templated":true}]}}