{"id":56774,"date":"2024-01-25T14:29:38","date_gmt":"2024-01-25T14:29:38","guid":{"rendered":"https:\/\/blog.corretoraideal.com.br\/?p=56774"},"modified":"2024-01-25T14:29:38","modified_gmt":"2024-01-25T14:29:38","slug":"video-neta-leva-avo-de-88-anos-para-conhecer-a-praia-pela-primeira-vez-e-video-viraliza-sul-do-es-g1","status":"publish","type":"post","link":"https:\/\/blog.corretoraideal.com.br\/index.php\/2024\/01\/25\/video-neta-leva-avo-de-88-anos-para-conhecer-a-praia-pela-primeira-vez-e-video-viraliza-sul-do-es-g1\/","title":{"rendered":"V\u00cdDEO: Neta leva av\u00f3 de 88 anos para conhecer a praia pela primeira vez e v\u00eddeo viraliza | Sul do ES | G1"},"content":{"rendered":"<br \/>\n<h1>V\u00cdDEO: Neta leva av\u00f3 de 88 anos para conhecer a praia pela primeira vez e v\u00eddeo viraliza <\/h1>\n<h2>Monique levou a av\u00f3 Maria Natividade para conhecer a praia de Iriri, em Anchieta, no Sul do Esp\u00edrito Santo. V\u00eddeo j\u00e1 tem quase dois milh\u00f5es de visualiza\u00e7\u00f5es nas redes sociais.<\/h2>\n<p> Por <a class=\"multi_signatures\" href=\"https:\/\/g1.globo.com\/autores\/viviane-lopes\/\">Viviane Lopes<\/a>, g1 ES <\/p>\n<p>  25\/01\/2024 10h35    Atualizado  25\/01\/2024    <\/p>\n<p>                             <img loading=\"lazy\" decoding=\"async\" class=\"aligncenter size-full wp-image-56776\" src=\"https:\/\/blog.corretoraideal.com.br\/wp-content\/uploads\/2024\/01\/neta-leva-avo-de-88-anos-para-conhecer-a-praia-pela-primeira-vez.jpeg\" alt=\"Neta leva av\u00f3 de 88 anos para conhecer a praia pela primeira vez\" width=\"800\" height=\"400\" \/>       <\/p>\n<p> Neta leva av\u00f3 de 88 anos para conhecer a praia pela primeira vez <\/p>\n<p> Nunca \u00e9 tarde para realizar um sonho. E foi com esse pensamento que Monique Mour\u00e3o levou a av\u00f3 de 88 anos para conhecer a praia pela primeira vez. E o cen\u00e1rio escolhido foi a praia de Iriri, em <a class href=\"https:\/\/g1.globo.com\/es\/espirito-santo\/cidade\/anchieta-es\/\">Anchieta<\/a>, no Sul do Esp\u00edrito Santo. O v\u00eddeo com a rea\u00e7\u00e3o da av\u00f3 viralizou nas redes sociais e j\u00e1 tem quase 2 milh\u00f5es de visualiza\u00e7\u00f5es. <\/p>\n<ul>\n<li><a class href=\"https:\/\/api.whatsapp.com\/send?text=https:\/\/g1.globo.com\/es\/espirito-santo\/sul-es\/noticia\/2024\/01\/25\/video-neta-leva-avo-de-88-anos-para-conhecer-a-praia-pela-primeira-vez-e-video-viraliza.ghtml?utm_source%3Dwhatsapp%26utm_medium%3Dshare-engagement%26utm_campaign%3Dte-materias\" target=\"_blank\" rel=\"noopener noreferrer\"><strong>Compartilhe no WhatsApp<\/strong><\/a><\/li>\n<li><a class href=\"https:\/\/telegram.me\/share\/url?url=https:\/\/g1.globo.com\/es\/espirito-santo\/sul-es\/noticia\/2024\/01\/25\/video-neta-leva-avo-de-88-anos-para-conhecer-a-praia-pela-primeira-vez-e-video-viraliza.ghtml?utm_source%3Dtelegram%26utm_medium%3Dshare-engagement%26utm_campaign%3Dte-materias\" target=\"_blank\" rel=\"noopener noreferrer\"><strong>Compartilhe no Telegram<\/strong><\/a><\/li>\n<\/ul>\n<p> Maria Natividade nasceu no distrito de Serrinha, na cidade de Campos dos Goytacazes, no Norte Fluminense. Maria \u00e9 analfabeta e j\u00e1 foi cortadora de cana, empregada dom\u00e9stica e teve oito filhos. Sempre na correria do trabalho, nunca conseguiu ver o mar. <\/p>\n<p> <a class href=\"https:\/\/www.whatsapp.com\/channel\/0029Va5mp2qAO7RD4Mec1M0Z\" target=\"_blank\" rel=\"noopener noreferrer\"><strong>? Clique aqui para seguir o canal do g1 ES no WhatsApp<\/strong><\/a> <\/p>\n<p> A neta Monique de 29 anos foi criada pela av\u00f3 e sempre via o olhar dela mudar quando via a praia pela televis\u00e3o. <\/p>\n<p>&quot;Depois que eu fui ficando mais velha, eu percebi que ela tinha uma fascina\u00e7\u00e3o pelo mar muito grande pela televis\u00e3o. Ela ficava admirada, e um dia eu falei: &#x27;Eu vou levar minha av\u00f3 para conhecer a praia&#x27;. Ela trabalhava de dom\u00e9stica na casa de praia das pessoas, mas n\u00e3o tinha condi\u00e7\u00e3o de conhecer a praia&quot;, comentou a produtora de conte\u00fado. <\/p>\n<p>         1 de 4&#013;Neta leva av\u00f3 de 88 anos para conhecer a praia pela primeira vez. Praia fica em Iriri, no Esp\u00edrito Santo \u2014 Foto: Reprodu\u00e7\u00e3o\/Redes sociais    <\/p>\n<p> Neta leva av\u00f3 de 88 anos para conhecer a praia pela primeira vez. Praia fica em Iriri, no Esp\u00edrito Santo \u2014 Foto: Reprodu\u00e7\u00e3o\/Redes sociais <\/p>\n<p> Os planos da neta acabaram sendo um pouco adiados depois que Maria teve um Acidente Vascular Cerebral (AVC) h\u00e1 tr\u00eas anos. Mas Monique ficou juntando dinheiro at\u00e9 conseguir realizar o sonho da av\u00f3. <\/p>\n<p>&quot;Trabalhando com as redes sociais eu consegui ir juntando dinheiro para levar a minha av\u00f3 para a praia e tamb\u00e9m realizar outros sonhos. Reformamos o quarto dela, at\u00e9 levar ela para comer pequenas coisas, ela fica toda boba&quot;, disse a neta.<\/p>\n<p><h2>Dia perfeito<\/h2>\n<\/p>\n<p> Monique achou melhor contar para a av\u00f3 que no final de 2023 eles iam viajar para a praia. Depois do an\u00fancio, Maria ficou perguntando todos os dias quando eles iam. Ansiosa que s\u00f3! <\/p>\n<p>&quot;Quando eu contei para ela faltava 1 m\u00eas, contei pra ela ir se preparando. A gente j\u00e1 tinha conseguido a casa e estava arrumando as coisas para ir. Como ela tem dem\u00eancia, fiquei com medo dela n\u00e3o entender, mas ela entendeu e eu fiquei tr\u00eas semanas com a minha av\u00f3 perguntando insistentemente todos os dias: &#x27;\u00e9 hoje que a gente vai?&#x27;&quot;, contou Monique.<\/p>\n<p>         2 de 4&#013;Maria Natividade trabalhou como dom\u00e9stica, cortadora de cana e nunca tinha conhecido a praia \u2014 Foto: Reprodu\u00e7\u00e3o\/Redes sociais    <\/p>\n<p> Maria Natividade trabalhou como dom\u00e9stica, cortadora de cana e nunca tinha conhecido a praia \u2014 Foto: Reprodu\u00e7\u00e3o\/Redes sociais <\/p>\n<p> E toda a prepara\u00e7\u00e3o para ir at\u00e9 a praia foi especial. <\/p>\n<p>&quot;A gente sa\u00eda para comprar a roupinha de praia e ela at\u00e9 quis usar um mai\u00f4 cavadinho, n\u00e3o quis coisa comprida n\u00e3o. Ela ficou toda empolgada&quot;, disse.<\/p>\n<p> <strong>LEIA TAMB\u00c9M:<\/strong> <\/p>\n<ul>\n<li><a class href=\"https:\/\/g1.globo.com\/es\/espirito-santo\/sul-es\/noticia\/2024\/01\/25\/mamae-gamba-carrega-filhotes-nas-costas-e-chama-a-atencao-em-parque-do-es-veja-video.ghtml\"><strong>Mam\u00e3e-gamb\u00e1 carrega filhotes nas costas e chama a aten\u00e7\u00e3o em parque do ES; veja V\u00cdDEO<\/strong><\/a><\/li>\n<li><a class href=\"https:\/\/g1.globo.com\/es\/espirito-santo\/noticia\/2024\/01\/22\/video-com-corredor-humano-bebe-recebe-alta-apos-quase-5-meses-internado-na-uti-em-hospital-de-vitoria.ghtml\"><strong>V\u00cdDEO: Com &#x27;corredor humano&#x27;, beb\u00ea recebe alta ap\u00f3s quase 5 meses internado na UTI em hospital de Vit\u00f3ria<\/strong><\/a><\/li>\n<\/ul>\n<p> E foi no dia 23 de dezembro que Maria Natividade p\u00f4de sentir a areia nos p\u00e9s pela primeira vez. A neta alugou uma casa perto da praia para que a av\u00f3 pudesse aproveitar bastante. <\/p>\n<p>&quot;A previs\u00e3o do tempo estava horr\u00edvel todos os dias, cheguei a chorar, fiquei muito chateada. No dia que \u00edamos levar a vov\u00f3, amanheceu o tempo muito fechado, nublado, chovendo. Eu lembro da gente entrando no carro e eu pedi: &#x27;Ah Deus, por favor minha av\u00f3 vai conhecer a praia hoje, proporciona um dia especial&#x27;. E na hora que a gente come\u00e7ou a se aproximar na praia, o Sol apareceu&quot;, relatou.<\/p>\n<p>         3 de 4&#013;Maria Natividade e o bisneto curtindo a praia em Iriri, no Sul do Esp\u00edrito Santo \u2014 Foto: Reprodu\u00e7\u00e3o\/Redes sociais    <\/p>\n<p> Maria Natividade e o bisneto curtindo a praia em Iriri, no Sul do Esp\u00edrito Santo \u2014 Foto: Reprodu\u00e7\u00e3o\/Redes sociais <\/p>\n<p> E o Sol ficou de vez para Maria curtir muito todos os dias. Monique ficou acompanhando todas as rea\u00e7\u00f5es da av\u00f3 assim que ela chegou na praia. <\/p>\n<p>&quot;Primeiro, ela ficou impressionada, principalmente com a quantidade de pessoas na praia. Quando ela chegou, eu at\u00e9 achei que ela n\u00e3o ia para o mar. Ela ficou parada bastante tempo olhando para o mar, os olhos marejados. Mas depois ela me pediu para levar no mar. Ela adorou a \u00e1gua, se divertiu bastante e comprou de tudo: chap\u00e9u, \u00e1gua de coco, milho, lembrancinha&quot;, lembrou a neta. <\/p>\n<p> O v\u00eddeo que mostra Maria sentindo a areia nos p\u00e9s pela primeira vez e curtindo na \u00e1gua viralizou nas redes sociais e j\u00e1 tem quase 2 milh\u00f5es de visualiza\u00e7\u00f5es at\u00e9 a manh\u00e3 desta quinta-feira (25). <\/p>\n<p> A produtora de conte\u00fado lembrou que, inclusive, muitos coment\u00e1rios na publica\u00e7\u00e3o s\u00e3o dizendo que a realiza\u00e7\u00e3o do sonho da av\u00f3 serviu de inspira\u00e7\u00e3o. <\/p>\n<p>&quot;Muita gente falando que ficou emocionada, que se lembrou de hist\u00f3rias, comentou que nunca foi \u00e0 praia e que vai dar mais valor por morar perto da praia. Fiquei muito feliz de verdade. Mostrei pra minha av\u00f3 tamb\u00e9m e ela ri muito&quot;, disse. <\/p>\n<p> Depois dos dias de praia, Monique contou que a av\u00f3 queria ficar na praia o tempo todo e chorou muito na hora de ir embora. Mas j\u00e1 est\u00e1 nos planos da fam\u00edlia escolher outras praias para Maria curtir. <\/p>\n<p><h2>Continuando a realizar sonhos<\/h2>\n<\/p>\n<p>         4 de 4&#013;Maria Natividade tem netos, bisnetos e at\u00e9 tataranetos. Ela mora em Itaperuna, no Norte Fluminense \u2014 Foto: Reprodu\u00e7\u00e3o\/Redes sociais    <\/p>\n<p> Maria Natividade tem netos, bisnetos e at\u00e9 tataranetos. Ela mora em Itaperuna, no Norte Fluminense \u2014 Foto: Reprodu\u00e7\u00e3o\/Redes sociais <\/p>\n<p> Monique contou que a hist\u00f3ria de vida da av\u00f3 a inspirou para poder realizar pequenos desejos ao longo da vida. <\/p>\n<p>&quot;Ela me criou dedes quando eu tinha 2 anos, a hist\u00f3ria de vida dela \u00e9 muito sofrida. Ela teve um marido abusivo, passou por pobreza extrema e j\u00e1 at\u00e9 passou fome. Eu cheguei a ouvir que minha av\u00f3 tinha dado errado na vida e eu sempre cresci com essa vontade de ver minha av\u00f3 tendo pelo menos uma alegria que ela n\u00e3o teve. Quando eu t\u00f4 realizando essas coisas pra minha av\u00f3, parece que eu t\u00f4 realizando para mim&quot;, disse. <\/p>\n<p> Na lista desses sonhos, Maria conseguiu tamb\u00e9m ver a neta casando. Inclusive, foi a pr\u00f3pria av\u00f3 que entrou com Monique na igreja. <\/p>\n<p> Maria tem netos, bisnetos e at\u00e9 tataranetos, e uma lista variada de sonhos que a neta espera um dia realizar. <\/p>\n<p>&quot;Ela ter a oportunidade da coisa que ele quiser \u00e9 uma alegria muito grande. S\u00e3o coisas bobas, mas \u00e9 como se fosse uma realiza\u00e7\u00e3o&quot;, finalizou a neta. <\/p>\n<p><h2>V\u00cdDEOS: tudo sobre o Esp\u00edrito Santo<\/h2>\n<\/p>\n<p>   <a href=\"https:\/\/g1.globo.com\/es\/espirito-santo\/edicao\/2021\/01\/29\/videos-tudo-sobre-o-es.ghtml\">    50 v\u00eddeos      <\/a>       <\/p>\n<ul>\n<li><a class href=\"http:\/\/g1.globo.com\/es\/espirito-santo\/ultimas-noticias\/\"><strong>Veja o plant\u00e3o de \u00faltimas not\u00edcias do g1 Esp\u00edrito Santo<\/strong><\/a><\/li>\n<\/ul>\n<ul>\n<li> <a href=\"https:\/\/g1.globo.com\/es\/espirito-santo\/cidade\/anchieta-es\/\" class=\"entities__list-itemLink\" data-track-click=\"Anchieta\"> Anchieta <\/a> <\/li>\n<\/ul>\n<h3> <a id=\"js-next-article-desktop-link\" class=\"next-article-desktop-link\"><\/a> <\/h3>\n<h3> <a id=\"js-next-article-smart-link\" class=\"next-article-smart-link\"><\/a> <\/h3>\n<p>Veja tamb\u00e9m<\/p>\n<\/p>\n<\/p>\n<p>       Anterior   Pr\u00f3ximo     <\/p>\n","protected":false},"excerpt":{"rendered":"<p>V\u00cdDEO: Neta leva av\u00f3 de 88 anos para conhecer a praia pela primeira vez e v\u00eddeo viraliza Monique levou a av\u00f3 Maria Natividade para conhecer a praia de Iriri, em Anchieta, no Sul do Esp\u00edrito Santo. V\u00eddeo j\u00e1 tem quase dois milh\u00f5es de visualiza\u00e7\u00f5es nas redes sociais. Por Viviane Lopes, g1 ES 25\/01\/2024 10h35 Atualizado [&hellip;]<\/p>\n","protected":false},"author":1,"featured_media":0,"comment_status":"closed","ping_status":"closed","sticky":false,"template":"","format":"standard","meta":{"footnotes":""},"categories":[],"tags":[],"class_list":["post-56774","post","type-post","status-publish","format-standard","hentry"],"_links":{"self":[{"href":"https:\/\/blog.corretoraideal.com.br\/index.php\/wp-json\/wp\/v2\/posts\/56774","targetHints":{"allow":["GET"]}}],"collection":[{"href":"https:\/\/blog.corretoraideal.com.br\/index.php\/wp-json\/wp\/v2\/posts"}],"about":[{"href":"https:\/\/blog.corretoraideal.com.br\/index.php\/wp-json\/wp\/v2\/types\/post"}],"author":[{"embeddable":true,"href":"https:\/\/blog.corretoraideal.com.br\/index.php\/wp-json\/wp\/v2\/users\/1"}],"replies":[{"embeddable":true,"href":"https:\/\/blog.corretoraideal.com.br\/index.php\/wp-json\/wp\/v2\/comments?post=56774"}],"version-history":[{"count":1,"href":"https:\/\/blog.corretoraideal.com.br\/index.php\/wp-json\/wp\/v2\/posts\/56774\/revisions"}],"predecessor-version":[{"id":56777,"href":"https:\/\/blog.corretoraideal.com.br\/index.php\/wp-json\/wp\/v2\/posts\/56774\/revisions\/56777"}],"wp:attachment":[{"href":"https:\/\/blog.corretoraideal.com.br\/index.php\/wp-json\/wp\/v2\/media?parent=56774"}],"wp:term":[{"taxonomy":"category","embeddable":true,"href":"https:\/\/blog.corretoraideal.com.br\/index.php\/wp-json\/wp\/v2\/categories?post=56774"},{"taxonomy":"post_tag","embeddable":true,"href":"https:\/\/blog.corretoraideal.com.br\/index.php\/wp-json\/wp\/v2\/tags?post=56774"}],"curies":[{"name":"wp","href":"https:\/\/api.w.org\/{rel}","templated":true}]}}