{"id":56778,"date":"2024-01-25T16:29:47","date_gmt":"2024-01-25T16:29:47","guid":{"rendered":"https:\/\/blog.corretoraideal.com.br\/?p=56778"},"modified":"2024-01-25T16:29:47","modified_gmt":"2024-01-25T16:29:47","slug":"alem-de-espionar-desafetos-governo-bolsonaro-usava-abin-para-monitorar-entorno-dos-filhos-do-presidente-blog-ana-flor-g1","status":"publish","type":"post","link":"https:\/\/blog.corretoraideal.com.br\/index.php\/2024\/01\/25\/alem-de-espionar-desafetos-governo-bolsonaro-usava-abin-para-monitorar-entorno-dos-filhos-do-presidente-blog-ana-flor-g1\/","title":{"rendered":"Al\u00e9m de espionar desafetos, governo Bolsonaro usava Abin para monitorar entorno dos filhos do presidente | Blog Ana Flor | G1"},"content":{"rendered":"\n<p> Por Ana Flor <\/p>\n<p> Jornalista e comentarista da GloboNews.<\/p>\n<h1>Al\u00e9m de espionar desafetos, governo Bolsonaro usava Abin para monitorar entorno dos filhos do presidente<\/h1>\n<\/p>\n<p>  25\/01\/2024 09h24    Atualizado  25\/01\/2024    <\/p>\n<p>                              <img loading=\"lazy\" decoding=\"async\" class=\"aligncenter size-full wp-image-56780\" src=\"https:\/\/blog.corretoraideal.com.br\/wp-content\/uploads\/2024\/01\/veja-comentario-de-ana-flor-e-atualizacao-das-buscas-da-pf-contra-espionagem-ilegal-na-abin.jpeg\" alt=\"Veja coment\u00e1rio de Ana Flor e atualiza\u00e7\u00e3o das buscas da PF contra espionagem ilegal na Abin\" width=\"800\" height=\"400\" \/>       <\/p>\n<p> Veja coment\u00e1rio de Ana Flor e atualiza\u00e7\u00e3o das buscas da PF contra espionagem ilegal na Abin <\/p>\n<p> Al\u00e9m de autoridades p\u00fablicas consideradas &quot;desafetos&quot; do governo <a class href=\"https:\/\/g1.globo.com\/politica\/politico\/jair-bolsonaro\/\">Jair Bolsonaro<\/a>, a Ag\u00eancia Brasileira de Intelig\u00eancia (Abin) monitorou ilegalmente pessoas que se relacionavam com os filhos do ent\u00e3o presidente da Rep\u00fablica. <\/p>\n<p> A informa\u00e7\u00e3o foi dada ao <strong>blog <\/strong>por interlocutores da Pol\u00edcia Federal que acompanham as investiga\u00e7\u00f5es. <\/p>\n<p> Um dos casos mais flagrantes \u00e9 um amigo de Jair Renan Bolsonaro \u2013 filho &quot;04&quot; do ex-presidente. Segundo a investiga\u00e7\u00e3o, a Abin n\u00e3o apenas monitorava a localiza\u00e7\u00e3o dessa pessoa, mas tamb\u00e9m espionava as comunica\u00e7\u00f5es dela por computador. <\/p>\n<p> A coleta de dados e provas segue em andamento, mas o que os investigadores descobriram foi o uso de meios do Estado brasileiro, via Abin, para cuidar de assuntos pessoais de Bolsonaro. <\/p>\n<p> Em mais de uma ocasi\u00e3o, o ent\u00e3o presidente Jair Bolsonaro citou que queria a &quot;sua pol\u00edcia&quot; \u2013 e que n\u00e3o esperaria ver sua fam\u00edlia e amigos prejudicados. <\/p>\n<p> Na famosa reuni\u00e3o ministerial de 22 de abril de 2020, por exemplo, <a class href=\"https:\/\/g1.globo.com\/politica\/noticia\/2020\/05\/22\/em-reuniao-ministerial-bolsonaro-diz-eu-nao-vou-esperar-foder-a-minha-familia-toda-assista.ghtml\">Bolsonaro chegou a usar um palavr\u00e3o para dizer que n\u00e3o esperaria a Pol\u00edcia Federal prejudicar &quot;sua fam\u00edlia toda&quot; para fazer trocas na corpora\u00e7\u00e3o<\/a>. <\/p>\n<p> Os interlocutores ouvidos pelo <strong>blog <\/strong>tamb\u00e9m confirmam que, al\u00e9m desse entorno dos filhos de Bolsonaro, foram monitoradas autoridades como os ministros do Supremo Tribunal Federal (<a class href=\"https:\/\/g1.globo.com\/tudo-sobre\/supremo-tribunal-federal\/\">STF<\/a>) Alexandre de Moraes e Gilmar Mendes e o ent\u00e3o presidente da C\u00e2mara Rodrigo Maia (Uni\u00e3o-RJ). <\/p>\n<ul>\n<li> <a href=\"https:\/\/g1.globo.com\/politica\/politico\/jair-bolsonaro\/\" class=\"entities__list-itemLink\" data-track-click=\"Jair Bolsonaro\"> Jair Bolsonaro <\/a> <\/li>\n<li> <a href=\"https:\/\/g1.globo.com\/tudo-sobre\/supremo-tribunal-federal\/\" class=\"entities__list-itemLink\" data-track-click=\"STF - Supremo Tribunal Federal\"> STF &#8211; Supremo Tribunal Federal <\/a> <\/li>\n<\/ul>\n<h3> <a id=\"js-next-article-desktop-link\" class=\"next-article-desktop-link\"><\/a> <\/h3>\n<h3> <a id=\"js-next-article-smart-link\" class=\"next-article-smart-link\"><\/a> <\/h3>\n<p>Veja tamb\u00e9m<\/p>\n<\/p>\n<\/p>\n<p>       Anterior   Pr\u00f3ximo     <\/p>\n","protected":false},"excerpt":{"rendered":"<p>Por Ana Flor Jornalista e comentarista da GloboNews. Al\u00e9m de espionar desafetos, governo Bolsonaro usava Abin para monitorar entorno dos filhos do presidente 25\/01\/2024 09h24 Atualizado 25\/01\/2024 Veja coment\u00e1rio de Ana Flor e atualiza\u00e7\u00e3o das buscas da PF contra espionagem ilegal na Abin Al\u00e9m de autoridades p\u00fablicas consideradas &quot;desafetos&quot; do governo Jair Bolsonaro, a Ag\u00eancia [&hellip;]<\/p>\n","protected":false},"author":1,"featured_media":0,"comment_status":"closed","ping_status":"closed","sticky":false,"template":"","format":"standard","meta":{"footnotes":""},"categories":[],"tags":[],"class_list":["post-56778","post","type-post","status-publish","format-standard","hentry"],"_links":{"self":[{"href":"https:\/\/blog.corretoraideal.com.br\/index.php\/wp-json\/wp\/v2\/posts\/56778","targetHints":{"allow":["GET"]}}],"collection":[{"href":"https:\/\/blog.corretoraideal.com.br\/index.php\/wp-json\/wp\/v2\/posts"}],"about":[{"href":"https:\/\/blog.corretoraideal.com.br\/index.php\/wp-json\/wp\/v2\/types\/post"}],"author":[{"embeddable":true,"href":"https:\/\/blog.corretoraideal.com.br\/index.php\/wp-json\/wp\/v2\/users\/1"}],"replies":[{"embeddable":true,"href":"https:\/\/blog.corretoraideal.com.br\/index.php\/wp-json\/wp\/v2\/comments?post=56778"}],"version-history":[{"count":1,"href":"https:\/\/blog.corretoraideal.com.br\/index.php\/wp-json\/wp\/v2\/posts\/56778\/revisions"}],"predecessor-version":[{"id":56781,"href":"https:\/\/blog.corretoraideal.com.br\/index.php\/wp-json\/wp\/v2\/posts\/56778\/revisions\/56781"}],"wp:attachment":[{"href":"https:\/\/blog.corretoraideal.com.br\/index.php\/wp-json\/wp\/v2\/media?parent=56778"}],"wp:term":[{"taxonomy":"category","embeddable":true,"href":"https:\/\/blog.corretoraideal.com.br\/index.php\/wp-json\/wp\/v2\/categories?post=56778"},{"taxonomy":"post_tag","embeddable":true,"href":"https:\/\/blog.corretoraideal.com.br\/index.php\/wp-json\/wp\/v2\/tags?post=56778"}],"curies":[{"name":"wp","href":"https:\/\/api.w.org\/{rel}","templated":true}]}}