{"id":56788,"date":"2024-01-25T19:29:36","date_gmt":"2024-01-25T19:29:36","guid":{"rendered":"https:\/\/blog.corretoraideal.com.br\/?p=56788"},"modified":"2024-01-25T19:29:36","modified_gmt":"2024-01-25T19:29:36","slug":"pesquisadores-fazem-a-1a-estimativa-populacional-do-papagaio-chaua-em-macae-no-rj-norte-fluminense-g1","status":"publish","type":"post","link":"https:\/\/blog.corretoraideal.com.br\/index.php\/2024\/01\/25\/pesquisadores-fazem-a-1a-estimativa-populacional-do-papagaio-chaua-em-macae-no-rj-norte-fluminense-g1\/","title":{"rendered":"Pesquisadores fazem a 1\u00aa estimativa populacional do papagaio-chau\u00e1 em Maca\u00e9, no RJ | Norte Fluminense | G1"},"content":{"rendered":"<br \/>\n<h1>Pesquisadores fazem a 1\u00aa estimativa populacional do papagaio-chau\u00e1 em Maca\u00e9, no RJ<\/h1>\n<h2>Bi\u00f3logos realizam levantamento no Parque Natural Municipal Atalaia para identificar amea\u00e7as e medidas para proteger a esp\u00e9cie, que \u00e9 visada pelo tr\u00e1fico de animais e, por isso, tem risco de extin\u00e7\u00e3o agravado. <\/h2>\n<p> Por g1 &mdash; Maca\u00e9 <\/p>\n<p>  25\/01\/2024 15h58    Atualizado  25\/01\/2024    <\/p>\n<p>                      1 de 2&#013;Pesquisadores levantando a popula\u00e7\u00e3o do papagaio-chau\u00e1 no Parque Natural Municipal Atalaia \u2014 Foto: Prefeitura de Maca\u00e9\/Divulga\u00e7\u00e3o    <\/p>\n<p> Pesquisadores levantando a popula\u00e7\u00e3o do papagaio-chau\u00e1 no Parque Natural Municipal Atalaia \u2014 Foto: Prefeitura de Maca\u00e9\/Divulga\u00e7\u00e3o <\/p>\n<p> Pesquisadores realizam a primeira estimativa populacional do papagaio-chau\u00e1 (rhodocorytha) em <a class href=\"https:\/\/g1.globo.com\/rj\/regiao-dos-lagos\/cidade\/macae\/\">Maca\u00e9<\/a>, no Norte Fluminese. <\/p>\n<p> O levantamento come\u00e7ou nesta quarta-feira (24) no Parque Natural Municipal Atalaia, Unidade de Conserva\u00e7\u00e3o localizada no distrito Cachoeiros de Maca\u00e9, e segue at\u00e9 a pr\u00f3xima semana. Depois, o trabalho ocorrer\u00e1 em outras \u00e1reas do estado do Rio de Janeiro. <\/p>\n<p> O objetivo dos bi\u00f3logos ornit\u00f3logos da Juma\/Pesquisa, Renato Pineschi, Ludmilla Alves e Let\u00edcia Souza, \u00e9 identificar amea\u00e7as e propor medidas para proteger a esp\u00e9cie, que \u00e9 visada pelo tr\u00e1fico de animais e, por isso, tem risco de extin\u00e7\u00e3o considerado agravado. <\/p>\n<p> \u201cNosso objetivo \u00e9 ter uma refer\u00eancia de como est\u00e1 esta esp\u00e9cie: onde ocorre, se est\u00e1 dentro ou fora de Unidade de Conserva\u00e7\u00e3o, seus aspectos biol\u00f3gicos e a realiza\u00e7\u00e3o de uma estimativa populacional para avaliarmos o quanto a esp\u00e9cie est\u00e1 amea\u00e7ada. Com isso, poderemos indicar medidas a serem tomadas, por exemplo, quanto ao tr\u00e1fico, gerenciamento das Unidades de Conserva\u00e7\u00e3o e uso p\u00fablico da \u00e1rea. Esta \u00e9 uma esp\u00e9cie, com certeza, em risco de extin\u00e7\u00e3o\u201d, afirma o bi\u00f3logo e consultor ambiental, Renato Pineschi. <\/p>\n<p>         2 de 2&#013;Papagaio-chau\u00e1 est\u00e1 amea\u00e7ado de extin\u00e7\u00e3o \u2014 Foto: TG    <\/p>\n<p> Papagaio-chau\u00e1 est\u00e1 amea\u00e7ado de extin\u00e7\u00e3o \u2014 Foto: TG <\/p>\n<p> Os h\u00e1bitos da esp\u00e9cie as deixam ainda mais vulner\u00e1veis, como o fato de frequentar os mesmos lugares, al\u00e9m disso, a rhodocorytha enfrenta a falta de habitat ideal para viver, devido \u00e0 degrada\u00e7\u00e3o do ambiente natural. Segundo os especialistas, a maioria dos filhotes \u00e9 pega no ninho e morre ap\u00f3s a captura. <\/p>\n<p> \u201cO Parque Atalaia est\u00e1 entre os locais da pesquisa por ter a forma\u00e7\u00e3o florestal em que a esp\u00e9cie ocorre e por haver registro de rhodocorytha no local. Em uma Unidade de Conserva\u00e7\u00e3o \u00e9 melhor, porque n\u00e3o h\u00e1 impedimentos para a esp\u00e9cie, como linhas de transmiss\u00e3o el\u00e9trica. Ainda n\u00e3o temos estimativas mais precisas da incid\u00eancia desta esp\u00e9cie nesta regi\u00e3o\u201d, explica Renato. <\/p>\n<p> O Parque Atalaia \u00e9 vinculado \u00e0 Secretaria de Ambiente e Sustentabilidade de Maca\u00e9. O bi\u00f3logo e coordenador do espa\u00e7o, Alexandre Bezerra, ressalta a import\u00e2ncia de Unidades de Conserva\u00e7\u00e3o para esta e outras esp\u00e9cies amea\u00e7adas. <\/p>\n<p> \u201cUnidades de Conserva\u00e7\u00e3o s\u00e3o locais essenciais para a preserva\u00e7\u00e3o da biodiversidade e principalmente para as esp\u00e9cies amea\u00e7adas de extin\u00e7\u00e3o, como o papagaio-chau\u00e1, felinos silvestres, pregui\u00e7a de coleira, macaco bugio entre outras esp\u00e9cies nativas\u201d. <\/p>\n<p> O censo integra o Plano de A\u00e7\u00e3o Nacional, editado pelo Instituto Chico Mendes de Conserva\u00e7\u00e3o da Biodiversidade (ICMBio), \u00f3rg\u00e3o do governo Federal. <\/p>\n<p> Depois do Parque Atalaia, a equipe de pesquisadores vai seguir para outras tr\u00eas Unidades de Conserva\u00e7\u00e3o: o entorno do Parque Estadual do Desengano (Santa Maria Madalena, Campos dos Goytacazes e S\u00e3o Fid\u00e9lis) e a Esta\u00e7\u00e3o Ecol\u00f3gica Estadual de Guaxindiba (S\u00e3o Francisco de Itabapoana). <\/p>\n<ul>\n<li> <a href=\"https:\/\/g1.globo.com\/rj\/regiao-dos-lagos\/cidade\/macae\/\" class=\"entities__list-itemLink\" data-track-click=\"Maca\u00e9\"> Maca\u00e9 <\/a> <\/li>\n<\/ul>\n<h3> <a id=\"js-next-article-desktop-link\" class=\"next-article-desktop-link\"><\/a> <\/h3>\n<h3> <a id=\"js-next-article-smart-link\" class=\"next-article-smart-link\"><\/a> <\/h3>\n<p>Veja tamb\u00e9m<\/p>\n<\/p>\n<\/p>\n<p>       Anterior   Pr\u00f3ximo     <\/p>\n","protected":false},"excerpt":{"rendered":"<p>Pesquisadores fazem a 1\u00aa estimativa populacional do papagaio-chau\u00e1 em Maca\u00e9, no RJ Bi\u00f3logos realizam levantamento no Parque Natural Municipal Atalaia para identificar amea\u00e7as e medidas para proteger a esp\u00e9cie, que \u00e9 visada pelo tr\u00e1fico de animais e, por isso, tem risco de extin\u00e7\u00e3o agravado. Por g1 &mdash; Maca\u00e9 25\/01\/2024 15h58 Atualizado 25\/01\/2024 1 de 2&#013;Pesquisadores [&hellip;]<\/p>\n","protected":false},"author":1,"featured_media":0,"comment_status":"closed","ping_status":"closed","sticky":false,"template":"","format":"standard","meta":{"footnotes":""},"categories":[],"tags":[],"class_list":["post-56788","post","type-post","status-publish","format-standard","hentry"],"_links":{"self":[{"href":"https:\/\/blog.corretoraideal.com.br\/index.php\/wp-json\/wp\/v2\/posts\/56788","targetHints":{"allow":["GET"]}}],"collection":[{"href":"https:\/\/blog.corretoraideal.com.br\/index.php\/wp-json\/wp\/v2\/posts"}],"about":[{"href":"https:\/\/blog.corretoraideal.com.br\/index.php\/wp-json\/wp\/v2\/types\/post"}],"author":[{"embeddable":true,"href":"https:\/\/blog.corretoraideal.com.br\/index.php\/wp-json\/wp\/v2\/users\/1"}],"replies":[{"embeddable":true,"href":"https:\/\/blog.corretoraideal.com.br\/index.php\/wp-json\/wp\/v2\/comments?post=56788"}],"version-history":[{"count":1,"href":"https:\/\/blog.corretoraideal.com.br\/index.php\/wp-json\/wp\/v2\/posts\/56788\/revisions"}],"predecessor-version":[{"id":56790,"href":"https:\/\/blog.corretoraideal.com.br\/index.php\/wp-json\/wp\/v2\/posts\/56788\/revisions\/56790"}],"wp:attachment":[{"href":"https:\/\/blog.corretoraideal.com.br\/index.php\/wp-json\/wp\/v2\/media?parent=56788"}],"wp:term":[{"taxonomy":"category","embeddable":true,"href":"https:\/\/blog.corretoraideal.com.br\/index.php\/wp-json\/wp\/v2\/categories?post=56788"},{"taxonomy":"post_tag","embeddable":true,"href":"https:\/\/blog.corretoraideal.com.br\/index.php\/wp-json\/wp\/v2\/tags?post=56788"}],"curies":[{"name":"wp","href":"https:\/\/api.w.org\/{rel}","templated":true}]}}